{"id":8403,"date":"2016-11-22T07:00:00","date_gmt":"2016-11-22T06:00:00","guid":{"rendered":"https:\/\/www.opinionpublica.tv\/portada\/2016\/11\/22\/telmex-denuncia-vandalismo-tras-falla-masiva-de-internet\/"},"modified":"2016-11-22T07:00:00","modified_gmt":"2016-11-22T06:00:00","slug":"telmex-denuncia-vandalismo-tras-falla-masiva-de-internet","status":"publish","type":"post","link":"https:\/\/www.opinionpublica.tv\/portada\/telmex-denuncia-vandalismo-tras-falla-masiva-de-internet\/","title":{"rendered":"Telmex denuncia vandalismo tras falla masiva de Internet"},"content":{"rendered":"<p><img fetchpriority=\"high\" decoding=\"async\" class=\" size-full wp-image-8402\" src=\"https:\/\/www.opinionpublica.tv\/portada\/wp-content\/uploads\/2016\/11\/7100b0867618612cac99abddf9ce6e9a.jpg\" alt=\"\" width=\"445\" height=\"266\" srcset=\"https:\/\/www.opinionpublica.tv\/portada\/wp-content\/uploads\/2016\/11\/7100b0867618612cac99abddf9ce6e9a.jpg 445w, https:\/\/www.opinionpublica.tv\/portada\/wp-content\/uploads\/2016\/11\/7100b0867618612cac99abddf9ce6e9a-300x179.jpg 300w\" sizes=\"(max-width: 445px) 100vw, 445px\" \/><br \/>\n<!--more--><\/p>\n<p>Tel\u00e9fonos de M\u00e9xico (Telmex) denunci\u00f3 probables actos de vandalismo tras fallas en su servicio de fibra \u00f3ptica en m\u00faltiples estados de nuestro pa\u00eds.<\/p>\n<p>Este 21 de noviembre, la firma registr\u00f3 un corte de fibra \u00f3ptica a 14.9 kil\u00f3metros de Mazatl\u00e1n tras los supuestos da\u00f1os.<\/p>\n<p>\u201cMotivo por el que se vieron afectados los servicios que presta la empresa a nuestros clientes en distintas partes de pa\u00eds\u201d, explic\u00f3 la empresa de telecomunicaciones en un comunicado.<\/p>\n<p>La compa\u00f1\u00eda del hombre m\u00e1s rico de M\u00e9xico, Carlos Slim, coment\u00f3 que t\u00e9cnicos especializados trabajaron \u00a0en el lugar de la afectaci\u00f3n y el servicio fue restablecido.<\/p>\n<p>Telmex advirti\u00f3 que \u00a0emprender\u00e1\u00a0acciones legales contra quienes resulten responsables por el da\u00f1o.<\/p>\n<p>La Procuradur\u00eda Federal del Consumidor (Profeco) pidi\u00f3 a los usuarios que se quejaron a trav\u00e9s de Twitter por las fallas que presentaran su queja ante el Instituto Federal de Telecomunicaciones (IFT).<\/p>\n<p>Informaci\u00f3n de Forbes<\/p>\n","protected":false},"excerpt":{"rendered":"","protected":false},"author":1,"featured_media":8402,"comment_status":"open","ping_status":"open","sticky":false,"template":"","format":"standard","meta":{"_acf_changed":false,"_monsterinsights_skip_tracking":false,"slim_seo":{"title":"Telmex denuncia vandalismo tras falla masiva de Internet - Opini\u00f3n P\u00fablica","description":"Tel\u00e9fonos de M\u00e9xico (Telmex) denunci\u00f3 probables actos de vandalismo tras fallas en su servicio de fibra \u00f3ptica en m\u00faltiples estados de nuestro pa\u00eds. Este 21 de"},"footnotes":""},"categories":[9],"tags":[],"class_list":["post-8403","post","type-post","status-publish","format-standard","has-post-thumbnail","hentry","category-nacional"],"acf":[],"_links":{"self":[{"href":"https:\/\/www.opinionpublica.tv\/portada\/wp-json\/wp\/v2\/posts\/8403","targetHints":{"allow":["GET"]}}],"collection":[{"href":"https:\/\/www.opinionpublica.tv\/portada\/wp-json\/wp\/v2\/posts"}],"about":[{"href":"https:\/\/www.opinionpublica.tv\/portada\/wp-json\/wp\/v2\/types\/post"}],"author":[{"embeddable":true,"href":"https:\/\/www.opinionpublica.tv\/portada\/wp-json\/wp\/v2\/users\/1"}],"replies":[{"embeddable":true,"href":"https:\/\/www.opinionpublica.tv\/portada\/wp-json\/wp\/v2\/comments?post=8403"}],"version-history":[{"count":0,"href":"https:\/\/www.opinionpublica.tv\/portada\/wp-json\/wp\/v2\/posts\/8403\/revisions"}],"wp:featuredmedia":[{"embeddable":true,"href":"https:\/\/www.opinionpublica.tv\/portada\/wp-json\/wp\/v2\/media\/8402"}],"wp:attachment":[{"href":"https:\/\/www.opinionpublica.tv\/portada\/wp-json\/wp\/v2\/media?parent=8403"}],"wp:term":[{"taxonomy":"category","embeddable":true,"href":"https:\/\/www.opinionpublica.tv\/portada\/wp-json\/wp\/v2\/categories?post=8403"},{"taxonomy":"post_tag","embeddable":true,"href":"https:\/\/www.opinionpublica.tv\/portada\/wp-json\/wp\/v2\/tags?post=8403"}],"curies":[{"name":"wp","href":"https:\/\/api.w.org\/{rel}","templated":true}]}}