{"id":84028,"date":"2026-04-27T07:46:19","date_gmt":"2026-04-27T13:46:19","guid":{"rendered":"https:\/\/www.opinionpublica.tv\/portada\/?p=84028"},"modified":"2026-04-27T07:48:18","modified_gmt":"2026-04-27T13:48:18","slug":"rompe-record-fms-internacional-en-ciudad-juarez-con-mas-de-50-mil-asistentes","status":"publish","type":"post","link":"https:\/\/www.opinionpublica.tv\/portada\/rompe-record-fms-internacional-en-ciudad-juarez-con-mas-de-50-mil-asistentes\/","title":{"rendered":"FMS Internacional en Ciudad Ju\u00e1rez rompe r\u00e9cord con m\u00e1s de 50 mil asistentes"},"content":{"rendered":"\n<figure class=\"wp-block-image size-large\"><img fetchpriority=\"high\" decoding=\"async\" width=\"1024\" height=\"683\" src=\"https:\/\/www.opinionpublica.tv\/portada\/wp-content\/uploads\/2026\/04\/FMS-Internacional-en-Ciudad-Juarez-rompe-record-con-mas-de-50-mil-asistentes-1024x683.jpeg\" alt=\"Fms internacional en ciudad jua\u0301rez rompe re\u0301cord con ma\u0301s de 50 mil asistentes\" class=\"wp-image-84033\" srcset=\"https:\/\/www.opinionpublica.tv\/portada\/wp-content\/uploads\/2026\/04\/FMS-Internacional-en-Ciudad-Juarez-rompe-record-con-mas-de-50-mil-asistentes-1024x683.jpeg 1024w, https:\/\/www.opinionpublica.tv\/portada\/wp-content\/uploads\/2026\/04\/FMS-Internacional-en-Ciudad-Juarez-rompe-record-con-mas-de-50-mil-asistentes-300x200.jpeg 300w, https:\/\/www.opinionpublica.tv\/portada\/wp-content\/uploads\/2026\/04\/FMS-Internacional-en-Ciudad-Juarez-rompe-record-con-mas-de-50-mil-asistentes-768x512.jpeg 768w, https:\/\/www.opinionpublica.tv\/portada\/wp-content\/uploads\/2026\/04\/FMS-Internacional-en-Ciudad-Juarez-rompe-record-con-mas-de-50-mil-asistentes.jpeg 1280w\" sizes=\"(max-width: 1024px) 100vw, 1024px\" \/><\/figure>\n\n\n\n<p><em>Ciudad Ju\u00e1rez, Chih<\/em>.- M\u00e1s de 50 mil personas abarrotaron la Plaza de la Mexicanidad y sus alrededores durante la Free Style Master Series (FMS) Internacional, marcando un r\u00e9cord hist\u00f3rico de asistencia para este tipo de competencias a nivel mundial.<\/p>\n\n\n\n<p>El evento tambi\u00e9n tuvo un alcance global al ser transmitido de manera simult\u00e1nea a trav\u00e9s de YouTube en pa\u00edses de Latinoam\u00e9rica y Espa\u00f1a, donde m\u00e1s de 200 mil personas siguieron la competencia en l\u00ednea, adem\u00e1s de su proyecci\u00f3n en una cadena nacional de cines.<\/p>\n\n\n\n<p>Por indicaciones del presidente municipal, Cruz P\u00e9rez Cu\u00e9llar, diversas dependencias del Gobierno Municipal trabajaron de manera coordinada para garantizar la seguridad de los asistentes y lograr saldo blanco. Participaron la Coordinaci\u00f3n General de Seguridad Vial, la Direcci\u00f3n General de Protecci\u00f3n Civil, la Direcci\u00f3n General de Servicios P\u00fablicos Municipales y la Secretar\u00eda de Seguridad P\u00fablica Municipal.<\/p>\n\n\n\n<p>El campe\u00f3n de la competencia fue el mexicano originario de Nezahualc\u00f3yotl, Aczino, quien se consolid\u00f3 como bicampe\u00f3n internacional tras vencer en la final al dominicano \u00c9xodo.<\/p>\n\n\n\n<p>Durante el evento, asistentes locales y for\u00e1neos destacaron la magnitud del espect\u00e1culo, as\u00ed como la relevancia de que Ciudad Ju\u00e1rez sea sede de eventos internacionales de esta categor\u00eda.<\/p>\n\n\n\n<p>Tal es el caso de Esteban, visitante proveniente de Mexicali, Baja California, quien viaj\u00f3 exclusivamente para presenciar la FMS Internacional.<\/p>\n\n\n\n<p>\u201cVengo desde Mexicali exclusivamente para este evento. La verdad vali\u00f3 totalmente la pena, estuvo incre\u00edble. Es la primera vez que visito Ciudad Ju\u00e1rez y me llevo una muy buena impresi\u00f3n; hubo organizaci\u00f3n, seguridad, limpieza inmediata al terminar y un escenario de primer nivel\u201d, expres\u00f3.<\/p>\n\n\n\n<p>Asimismo, Cristina L\u00f3pez, asistente juarense, destac\u00f3 la importancia de que este tipo de competencias lleguen a la ciudad, se\u00f1alando que anteriormente tuvo que viajar a otro pa\u00eds para vivir una experiencia similar.<\/p>\n\n\n\n<p>\u201cYo fui a Colombia en 2023 a ver un evento de freestyle y es sorprendente que ahora no haya necesidad de salir del pa\u00eds, que podamos vivir algo as\u00ed aqu\u00ed en Ju\u00e1rez. Me sorprendi\u00f3 la cantidad de gente, nunca hab\u00eda visto algo as\u00ed en la ciudad\u201d, coment\u00f3.<\/p>\n\n\n\n<p>Por su parte, Ricardo Carrillo resalt\u00f3 el impacto positivo que estos eventos generan en la imagen de la ciudad.<\/p>\n\n\n\n<p>\u201cMe pareci\u00f3 muy buen evento, es la primera vez que asisto a uno de freestyle y super\u00f3 mis expectativas. Este tipo de actividades ayudan a que Ciudad Ju\u00e1rez sea m\u00e1s conocida a nivel mundial\u201d, se\u00f1al\u00f3.<\/p>\n\n\n\n<p>En tanto, Daniel Mota destac\u00f3 la relevancia de seguir impulsando este tipo de iniciativas que promueven el talento y la convivencia.<\/p>\n\n\n\n<p>\u201cEs un evento internacional muy importante, con mucho talento. Da gusto que se realice aqu\u00ed en Ju\u00e1rez y que se sigan trayendo este tipo de eventos para proyectar una buena imagen de la ciudad\u201d, indic\u00f3.<\/p>\n\n\n\n<p>La competidora Azuky tambi\u00e9n reconoci\u00f3 la respuesta del p\u00fablico juarense, destacando el respeto y la energ\u00eda mostrada durante la jornada, as\u00ed como la convivencia entre participantes nacionales e internacionales.<\/p>\n\n\n\n<p>El Instituto Municipal de la Juventud subray\u00f3 el respaldo del alcalde Cruz P\u00e9rez Cu\u00e9llar para impulsar iniciativas que fomentan la participaci\u00f3n juvenil y generan espacios de expresi\u00f3n para las juventudes.<\/p>\n\n\n\n<p>Autoridades municipales reiteraron que estas actividades buscan consolidar a Ciudad Ju\u00e1rez como un referente en eventos culturales urbanos, fortaleciendo el tejido social y promoviendo la identidad juvenil.<\/p>\n\n\n\n<p>Durante el evento no se permiti\u00f3 la venta ni el ingreso de bebidas alcoh\u00f3licas, con el objetivo de mantener un ambiente familiar. El acceso fue gratuito para la ciudadan\u00eda.<\/p>\n","protected":false},"excerpt":{"rendered":"<p>Ciudad Ju\u00e1rez, Chih.- M\u00e1s de 50 mil personas abarrotaron la Plaza de la Mexicanidad y sus alrededores durante la Free Style Master Series (FMS) Internacional, marcando un r\u00e9cord hist\u00f3rico de asistencia para este tipo de competencias a nivel mundial. El evento tambi\u00e9n tuvo un alcance global al ser transmitido de manera simult\u00e1nea a trav\u00e9s de [&hellip;]<\/p>\n","protected":false},"author":6,"featured_media":84033,"comment_status":"closed","ping_status":"closed","sticky":false,"template":"","format":"standard","meta":{"_acf_changed":false,"_monsterinsights_skip_tracking":false,"_monsterinsights_sitenote_active":false,"_monsterinsights_sitenote_note":"","_monsterinsights_sitenote_category":0,"slim_seo":{"title":"FMS Internacional en Ciudad Ju\u00e1rez rompe r\u00e9cord con m\u00e1s de 50 mil asistentes - Opini\u00f3n P\u00fablica","description":"Ciudad Ju\u00e1rez, Chih .- M\u00e1s de 50 mil personas abarrotaron la Plaza de la Mexicanidad y sus alrededores durante la Free Style Master Series (FMS) Internacional,"},"footnotes":""},"categories":[41],"tags":[608,3178],"class_list":["post-84028","post","type-post","status-publish","format-standard","has-post-thumbnail","hentry","category-juarez","tag-ciudad-juarez","tag-free-style-master-series"],"acf":[],"_links":{"self":[{"href":"https:\/\/www.opinionpublica.tv\/portada\/wp-json\/wp\/v2\/posts\/84028","targetHints":{"allow":["GET"]}}],"collection":[{"href":"https:\/\/www.opinionpublica.tv\/portada\/wp-json\/wp\/v2\/posts"}],"about":[{"href":"https:\/\/www.opinionpublica.tv\/portada\/wp-json\/wp\/v2\/types\/post"}],"author":[{"embeddable":true,"href":"https:\/\/www.opinionpublica.tv\/portada\/wp-json\/wp\/v2\/users\/6"}],"replies":[{"embeddable":true,"href":"https:\/\/www.opinionpublica.tv\/portada\/wp-json\/wp\/v2\/comments?post=84028"}],"version-history":[{"count":4,"href":"https:\/\/www.opinionpublica.tv\/portada\/wp-json\/wp\/v2\/posts\/84028\/revisions"}],"predecessor-version":[{"id":84034,"href":"https:\/\/www.opinionpublica.tv\/portada\/wp-json\/wp\/v2\/posts\/84028\/revisions\/84034"}],"wp:featuredmedia":[{"embeddable":true,"href":"https:\/\/www.opinionpublica.tv\/portada\/wp-json\/wp\/v2\/media\/84033"}],"wp:attachment":[{"href":"https:\/\/www.opinionpublica.tv\/portada\/wp-json\/wp\/v2\/media?parent=84028"}],"wp:term":[{"taxonomy":"category","embeddable":true,"href":"https:\/\/www.opinionpublica.tv\/portada\/wp-json\/wp\/v2\/categories?post=84028"},{"taxonomy":"post_tag","embeddable":true,"href":"https:\/\/www.opinionpublica.tv\/portada\/wp-json\/wp\/v2\/tags?post=84028"}],"curies":[{"name":"wp","href":"https:\/\/api.w.org\/{rel}","templated":true}]}}