{"id":84021,"date":"2026-04-27T07:42:00","date_gmt":"2026-04-27T13:42:00","guid":{"rendered":"https:\/\/www.opinionpublica.tv\/portada\/?p=84021"},"modified":"2026-04-27T07:43:31","modified_gmt":"2026-04-27T13:43:31","slug":"participo-chihuahua-en-reuniones-estrategicas-en-la-feria-industrial-hannover-messe-2026","status":"publish","type":"post","link":"https:\/\/www.opinionpublica.tv\/portada\/participo-chihuahua-en-reuniones-estrategicas-en-la-feria-industrial-hannover-messe-2026\/","title":{"rendered":"Particip\u00f3 Chihuahua en foros estrat\u00e9gicos en feria industrial Hannover Messe 2026"},"content":{"rendered":"\n<figure class=\"wp-block-image size-large\"><img fetchpriority=\"high\" decoding=\"async\" width=\"1024\" height=\"768\" src=\"https:\/\/www.opinionpublica.tv\/portada\/wp-content\/uploads\/2026\/04\/Participo-Chihuahua-en-foros-estrategicos-en-feria-industrial-Hannover-Messe-2026-1024x768.jpeg\" alt=\"Participo\u0301 chihuahua en foros estrate\u0301gicos en feria industrial hannover messe 2026\" class=\"wp-image-84025\" srcset=\"https:\/\/www.opinionpublica.tv\/portada\/wp-content\/uploads\/2026\/04\/Participo-Chihuahua-en-foros-estrategicos-en-feria-industrial-Hannover-Messe-2026-1024x768.jpeg 1024w, https:\/\/www.opinionpublica.tv\/portada\/wp-content\/uploads\/2026\/04\/Participo-Chihuahua-en-foros-estrategicos-en-feria-industrial-Hannover-Messe-2026-300x225.jpeg 300w, https:\/\/www.opinionpublica.tv\/portada\/wp-content\/uploads\/2026\/04\/Participo-Chihuahua-en-foros-estrategicos-en-feria-industrial-Hannover-Messe-2026-768x576.jpeg 768w, https:\/\/www.opinionpublica.tv\/portada\/wp-content\/uploads\/2026\/04\/Participo-Chihuahua-en-foros-estrategicos-en-feria-industrial-Hannover-Messe-2026-1536x1152.jpeg 1536w, https:\/\/www.opinionpublica.tv\/portada\/wp-content\/uploads\/2026\/04\/Participo-Chihuahua-en-foros-estrategicos-en-feria-industrial-Hannover-Messe-2026.jpeg 1600w\" sizes=\"(max-width: 1024px) 100vw, 1024px\" \/><\/figure>\n\n\n\n<p><em>Alemania<\/em>.- La Secretar\u00eda de Innovaci\u00f3n y Desarrollo Econ\u00f3mico (SIDE), dio a conocer que la delegaci\u00f3n de Chihuahua que se encuentra en la feria industrial Hannover Messe 2026 en Alemania, obtuvo resultados importantes en materia de acercamientos y participaci\u00f3n en foros de inversi\u00f3n e innovaci\u00f3n.<\/p>\n\n\n\n<p>Durante los primeros d\u00edas del evento se concretaron m\u00e1s de 30 reuniones previamente programadas y m\u00e1s de 50 encuentros tipo walk-in (entrevista sin previa cita ni reservaci\u00f3n para una atenci\u00f3n inmediata o casual).<\/p>\n\n\n\n<p>Adem\u00e1s, se sostuvieron acercamientos con representantes del estado de Baden-W\u00fcrttemberg, as\u00ed como la participaci\u00f3n en un seminario de inversi\u00f3n en la Embajada de M\u00e9xico en Berl\u00edn, donde se cont\u00f3 con la asistencia de m\u00e1s de 60 empresas.<\/p>\n\n\n\n<p>Tambi\u00e9n se llev\u00f3 a cabo una reuni\u00f3n con directivos de Germany Trade &amp; Invest (GTAI), as\u00ed como encuentros con representantes de Jetro (entidad gubernamental que promueve el comercio e inversi\u00f3n entre Jap\u00f3n y el mundo) y de Noruega.<\/p>\n\n\n\n<p>Como parte de la agenda, la delegaci\u00f3n particip\u00f3 en foros especializados en inteligencia artificial aplicada a la industria, automatizaci\u00f3n avanzada, procesos de digitalizaci\u00f3n y sistemas energ\u00e9ticos sostenibles.<\/p>\n\n\n\n<p>Estas acciones permitieron generar y fortalecer v\u00ednculos con compa\u00f1\u00edas de alto potencial en sectores prioritarios para Chihuahua, como el automotriz, aeroespacial, dispositivos m\u00e9dicos y el\u00e9ctrico-electr\u00f3nico, y en \u00e1reas emergentes como inteligencia artificial y la automatizaci\u00f3n.<\/p>\n\n\n\n<p>El evento se desarrolla del 20 al 24 de abril en el recinto ferial de Hannover, Alemania, y es el principal escaparate de la transformaci\u00f3n industrial, al integrar&nbsp; m\u00e1s de 4 mil empresas y m\u00e1s de 130 mil tomadores de decisiones provenientes de cerca de 150 pa\u00edses.<\/p>\n","protected":false},"excerpt":{"rendered":"<p>Alemania.- La Secretar\u00eda de Innovaci\u00f3n y Desarrollo Econ\u00f3mico (SIDE), dio a conocer que la delegaci\u00f3n de Chihuahua que se encuentra en la feria industrial Hannover Messe 2026 en Alemania, obtuvo resultados importantes en materia de acercamientos y participaci\u00f3n en foros de inversi\u00f3n e innovaci\u00f3n. Durante los primeros d\u00edas del evento se concretaron m\u00e1s de 30 [&hellip;]<\/p>\n","protected":false},"author":6,"featured_media":84025,"comment_status":"closed","ping_status":"closed","sticky":false,"template":"","format":"standard","meta":{"_acf_changed":false,"_monsterinsights_skip_tracking":false,"_monsterinsights_sitenote_active":false,"_monsterinsights_sitenote_note":"","_monsterinsights_sitenote_category":0,"slim_seo":{"title":"Particip\u00f3 Chihuahua en foros estrat\u00e9gicos en feria industrial Hannover Messe 2026 - Opini\u00f3n P\u00fablica","description":"Alemania .- La Secretar\u00eda de Innovaci\u00f3n y Desarrollo Econ\u00f3mico (SIDE), dio a conocer que la delegaci\u00f3n de Chihuahua que se encuentra en la feria industrial Hann"},"footnotes":""},"categories":[11],"tags":[3177,88,3175,3176,1571],"class_list":["post-84021","post","type-post","status-publish","format-standard","has-post-thumbnail","hentry","category-tendencias","tag-alemania","tag-chihuahua","tag-feria-industrial","tag-hannover-messe","tag-inversion"],"acf":[],"_links":{"self":[{"href":"https:\/\/www.opinionpublica.tv\/portada\/wp-json\/wp\/v2\/posts\/84021","targetHints":{"allow":["GET"]}}],"collection":[{"href":"https:\/\/www.opinionpublica.tv\/portada\/wp-json\/wp\/v2\/posts"}],"about":[{"href":"https:\/\/www.opinionpublica.tv\/portada\/wp-json\/wp\/v2\/types\/post"}],"author":[{"embeddable":true,"href":"https:\/\/www.opinionpublica.tv\/portada\/wp-json\/wp\/v2\/users\/6"}],"replies":[{"embeddable":true,"href":"https:\/\/www.opinionpublica.tv\/portada\/wp-json\/wp\/v2\/comments?post=84021"}],"version-history":[{"count":4,"href":"https:\/\/www.opinionpublica.tv\/portada\/wp-json\/wp\/v2\/posts\/84021\/revisions"}],"predecessor-version":[{"id":84027,"href":"https:\/\/www.opinionpublica.tv\/portada\/wp-json\/wp\/v2\/posts\/84021\/revisions\/84027"}],"wp:featuredmedia":[{"embeddable":true,"href":"https:\/\/www.opinionpublica.tv\/portada\/wp-json\/wp\/v2\/media\/84025"}],"wp:attachment":[{"href":"https:\/\/www.opinionpublica.tv\/portada\/wp-json\/wp\/v2\/media?parent=84021"}],"wp:term":[{"taxonomy":"category","embeddable":true,"href":"https:\/\/www.opinionpublica.tv\/portada\/wp-json\/wp\/v2\/categories?post=84021"},{"taxonomy":"post_tag","embeddable":true,"href":"https:\/\/www.opinionpublica.tv\/portada\/wp-json\/wp\/v2\/tags?post=84021"}],"curies":[{"name":"wp","href":"https:\/\/api.w.org\/{rel}","templated":true}]}}