{"id":84016,"date":"2026-04-27T07:37:42","date_gmt":"2026-04-27T13:37:42","guid":{"rendered":"https:\/\/www.opinionpublica.tv\/portada\/?p=84016"},"modified":"2026-04-27T07:38:34","modified_gmt":"2026-04-27T13:38:34","slug":"abren-convocatoria-para-participar-en-los-premios-estatales-de-literatura-joven-2026","status":"publish","type":"post","link":"https:\/\/www.opinionpublica.tv\/portada\/abren-convocatoria-para-participar-en-los-premios-estatales-de-literatura-joven-2026\/","title":{"rendered":"Abren convocatoria para participar en los Premios Estatales de Literatura Joven"},"content":{"rendered":"\n<figure class=\"wp-block-image size-large\"><img fetchpriority=\"high\" decoding=\"async\" width=\"819\" height=\"1024\" src=\"https:\/\/www.opinionpublica.tv\/portada\/wp-content\/uploads\/2026\/04\/Abren-convocatoria-para-participar-en-los-Premios-Estatales-de-Literatura-Joven-819x1024.jpeg\" alt=\"Abren convocatoria para participar en los premios estatales de literatura joven\" class=\"wp-image-84019\" srcset=\"https:\/\/www.opinionpublica.tv\/portada\/wp-content\/uploads\/2026\/04\/Abren-convocatoria-para-participar-en-los-Premios-Estatales-de-Literatura-Joven-819x1024.jpeg 819w, https:\/\/www.opinionpublica.tv\/portada\/wp-content\/uploads\/2026\/04\/Abren-convocatoria-para-participar-en-los-Premios-Estatales-de-Literatura-Joven-240x300.jpeg 240w, https:\/\/www.opinionpublica.tv\/portada\/wp-content\/uploads\/2026\/04\/Abren-convocatoria-para-participar-en-los-Premios-Estatales-de-Literatura-Joven-768x961.jpeg 768w, https:\/\/www.opinionpublica.tv\/portada\/wp-content\/uploads\/2026\/04\/Abren-convocatoria-para-participar-en-los-Premios-Estatales-de-Literatura-Joven-1228x1536.jpeg 1228w, https:\/\/www.opinionpublica.tv\/portada\/wp-content\/uploads\/2026\/04\/Abren-convocatoria-para-participar-en-los-Premios-Estatales-de-Literatura-Joven.jpeg 1279w\" sizes=\"(max-width: 819px) 100vw, 819px\" \/><\/figure>\n\n\n\n<p><em>Chihuahua, Chih<\/em>.- La Secretar\u00eda de Cultura abri\u00f3 la convocatoria para los Premios Estatales de Literatura Joven 2026, que reconocen y estimulan la creaci\u00f3n.<\/p>\n\n\n\n<p>Pueden participar j\u00f3venes de entre 18 y 30 a\u00f1os de edad en las categor\u00edas \u201cNellie Campobello\u201d de Cuento; \u201cRogelio Trevi\u00f1o\u201d de Poes\u00eda y \u201cFederico Ferro Gay\u201d, de Ensayo.<\/p>\n\n\n\n<p>El certamen estar\u00e1 disponible para registro hasta el 30 de junio de 2026.<\/p>\n\n\n\n<p>Los participantes deber\u00e1n presentar una obra in\u00e9dita y solo se podr\u00e1n inscribir en una de las categor\u00edas.<\/p>\n\n\n\n<p>Adem\u00e1s es necesario llenar el formulario de registro, a trav\u00e9s del siguiente enlace: https:\/\/docs.google.com\/forms\/d\/e\/1FAIpQLSek1zTRgqICrwFdctKtxlOJb2bkjC4GT2PQ7PppIh8bjD3fZw\/viewform?pli=1.<\/p>\n\n\n\n<p>En el mismo se solicitan datos como: t\u00edtulo de la obra, seud\u00f3nimo del autor, nombre del premio en el que participa, edad, g\u00e9nero y municipio, adem\u00e1s del trabajo que debe tener una extensi\u00f3n de entre 30 y 60 cuartillas.<\/p>\n\n\n\n<p>En cada categor\u00eda se otorgar\u00e1 al ganador un premio de 20 mil pesos y un reconocimiento, as\u00ed como la publicaci\u00f3n impresa de la obra, a trav\u00e9s del Departamento del Programa Editorial de la Secretar\u00eda de Cultura.<\/p>\n\n\n\n<p>Los resultados ser\u00e1n publicados en agosto de 2026 y la ceremonia de premiaci\u00f3n se llevar\u00e1 a cabo en el marco de la Feria del Libro de Chihuahua del presente a\u00f1o.<\/p>\n\n\n\n<p>Para m\u00e1s detalles y generalidades de la convocatoria, las personas interesadas pueden acceder en: https:\/\/www.culturachihuahua.com\/literaturajoven\/convocatoria.<\/p>\n","protected":false},"excerpt":{"rendered":"<p>Chihuahua, Chih.- La Secretar\u00eda de Cultura abri\u00f3 la convocatoria para los Premios Estatales de Literatura Joven 2026, que reconocen y estimulan la creaci\u00f3n. Pueden participar j\u00f3venes de entre 18 y 30 a\u00f1os de edad en las categor\u00edas \u201cNellie Campobello\u201d de Cuento; \u201cRogelio Trevi\u00f1o\u201d de Poes\u00eda y \u201cFederico Ferro Gay\u201d, de Ensayo. El certamen estar\u00e1 disponible [&hellip;]<\/p>\n","protected":false},"author":6,"featured_media":84019,"comment_status":"closed","ping_status":"closed","sticky":false,"template":"","format":"standard","meta":{"_acf_changed":false,"_monsterinsights_skip_tracking":false,"_monsterinsights_sitenote_active":false,"_monsterinsights_sitenote_note":"","_monsterinsights_sitenote_category":0,"slim_seo":{"title":"Abren convocatoria para participar en los Premios Estatales de Literatura Joven - Opini\u00f3n P\u00fablica","description":"Chihuahua, Chih .- La Secretar\u00eda de Cultura abri\u00f3 la convocatoria para los Premios Estatales de Literatura Joven 2026, que reconocen y estimulan la creaci\u00f3n. Pu"},"footnotes":""},"categories":[11],"tags":[88,1078,3174],"class_list":["post-84016","post","type-post","status-publish","format-standard","has-post-thumbnail","hentry","category-tendencias","tag-chihuahua","tag-cultura","tag-premios-estatales-de-literatura-joven"],"acf":[],"_links":{"self":[{"href":"https:\/\/www.opinionpublica.tv\/portada\/wp-json\/wp\/v2\/posts\/84016","targetHints":{"allow":["GET"]}}],"collection":[{"href":"https:\/\/www.opinionpublica.tv\/portada\/wp-json\/wp\/v2\/posts"}],"about":[{"href":"https:\/\/www.opinionpublica.tv\/portada\/wp-json\/wp\/v2\/types\/post"}],"author":[{"embeddable":true,"href":"https:\/\/www.opinionpublica.tv\/portada\/wp-json\/wp\/v2\/users\/6"}],"replies":[{"embeddable":true,"href":"https:\/\/www.opinionpublica.tv\/portada\/wp-json\/wp\/v2\/comments?post=84016"}],"version-history":[{"count":2,"href":"https:\/\/www.opinionpublica.tv\/portada\/wp-json\/wp\/v2\/posts\/84016\/revisions"}],"predecessor-version":[{"id":84020,"href":"https:\/\/www.opinionpublica.tv\/portada\/wp-json\/wp\/v2\/posts\/84016\/revisions\/84020"}],"wp:featuredmedia":[{"embeddable":true,"href":"https:\/\/www.opinionpublica.tv\/portada\/wp-json\/wp\/v2\/media\/84019"}],"wp:attachment":[{"href":"https:\/\/www.opinionpublica.tv\/portada\/wp-json\/wp\/v2\/media?parent=84016"}],"wp:term":[{"taxonomy":"category","embeddable":true,"href":"https:\/\/www.opinionpublica.tv\/portada\/wp-json\/wp\/v2\/categories?post=84016"},{"taxonomy":"post_tag","embeddable":true,"href":"https:\/\/www.opinionpublica.tv\/portada\/wp-json\/wp\/v2\/tags?post=84016"}],"curies":[{"name":"wp","href":"https:\/\/api.w.org\/{rel}","templated":true}]}}