{"id":84012,"date":"2026-04-27T07:13:19","date_gmt":"2026-04-27T13:13:19","guid":{"rendered":"https:\/\/www.opinionpublica.tv\/portada\/?p=84012"},"modified":"2026-04-27T07:30:45","modified_gmt":"2026-04-27T13:30:45","slug":"convoca-morena-a-congreso-nacional-el-domingo-3-de-mayo-para-renovar-dirigencia","status":"publish","type":"post","link":"https:\/\/www.opinionpublica.tv\/portada\/convoca-morena-a-congreso-nacional-el-domingo-3-de-mayo-para-renovar-dirigencia\/","title":{"rendered":"Convoca Morena a congreso nacional el domingo 3 de mayo para renovar dirigencia"},"content":{"rendered":"\n<figure class=\"wp-block-image size-large\"><img fetchpriority=\"high\" decoding=\"async\" width=\"1024\" height=\"631\" src=\"https:\/\/www.opinionpublica.tv\/portada\/wp-content\/uploads\/2026\/04\/Convoca-Morena-a-congreso-nacional-el-domingo-3-de-mayo-para-renovar-dirigencia-1024x631.avif\" alt=\"Convoca morena a congreso nacional el domingo 3 de mayo para renovar dirigencia\" class=\"wp-image-84014\" srcset=\"https:\/\/www.opinionpublica.tv\/portada\/wp-content\/uploads\/2026\/04\/Convoca-Morena-a-congreso-nacional-el-domingo-3-de-mayo-para-renovar-dirigencia-1024x631.avif 1024w, https:\/\/www.opinionpublica.tv\/portada\/wp-content\/uploads\/2026\/04\/Convoca-Morena-a-congreso-nacional-el-domingo-3-de-mayo-para-renovar-dirigencia-300x185.avif 300w, https:\/\/www.opinionpublica.tv\/portada\/wp-content\/uploads\/2026\/04\/Convoca-Morena-a-congreso-nacional-el-domingo-3-de-mayo-para-renovar-dirigencia-768x473.avif 768w, https:\/\/www.opinionpublica.tv\/portada\/wp-content\/uploads\/2026\/04\/Convoca-Morena-a-congreso-nacional-el-domingo-3-de-mayo-para-renovar-dirigencia.avif 1081w\" sizes=\"(max-width: 1024px) 100vw, 1024px\" \/><\/figure>\n\n\n\n<p><em>Ciudad de M\u00e9xico<\/em>.- El Comit\u00e9 Ejecutivo Nacional (CEN) de Morena aprob\u00f3 por unanimidad la convocatoria para la realizaci\u00f3n del VIII Congreso Nacional Extraordinario del partido, que se llevar\u00e1 a cabo el pr\u00f3ximo domingo 3 de mayo a las 11:00 horas en el World Trade Center de la Ciudad de M\u00e9xico.<\/p>\n\n\n\n<p>De acuerdo con el comunicado, el encuentro tendr\u00e1 como eje central la renovaci\u00f3n de su dirigencia nacional, que hab\u00eda sido presidida por Luisa Mar\u00eda Alcalde Luj\u00e1n y que dej\u00f3 para ocupar el cargo de Consejera Jur\u00eddica del Gobierno de M\u00e9xico por invitaci\u00f3n de la presidenta Claudia Sheinbaum.<\/p>\n\n\n\n<p>Asimismo, se inform\u00f3 que tambi\u00e9n se renovar\u00e1 Secretar\u00eda de Finanzas del Comit\u00e9 Ejecutivo Nacional.<\/p>\n\n\n\n<p>Ambos puestos, informan, tendr\u00e1n vigencia del 03 de mayo de 2026 al 10 de octubre de 2027.<\/p>\n\n\n\n<p>Tras diversos cambios en el partido, el encuentro se perfila como un momento relevante para Morena, en el que se definir\u00e1n cambios organizativos y de liderazgo rumbo a los pr\u00f3ximos desaf\u00edos pol\u00edticos en el 2027.<\/p>\n\n\n\n<p>Citlalli Hern\u00e1ndez deja la Secretar\u00eda de las Mujeres<\/p>\n\n\n\n<p>El pasado 16 de abril, Sheinbaum inform\u00f3 que Citlalli Hern\u00e1ndez present\u00f3 su renuncia a la Secretar\u00eda de Mujeres para irse a \u201cuna tarea especial\u201d en Morena, de cara a las elecciones de 2027.<\/p>\n\n\n\n<p>Dos d\u00edas despu\u00e9s, la entonces dirigente nacional de Morena, Luisa Alcalde, inform\u00f3 que Hern\u00e1ndez se desempe\u00f1ar\u00e1 como presidenta de la Comisi\u00f3n Nacional de Elecciones del partido.<\/p>\n\n\n\n<p>Hecho es relacionado con Ariadna Montiel, a quien apuntan a ocupar la dirigencia de Morena, siguiendo los pasos de la exsecretaria de mujeres.<\/p>\n\n\n\n<p>Ariadna Montiel evita hablar de ocupar dirigencia<\/p>\n\n\n\n<p>La titular de la Secretar\u00eda de Bienestar, Ariadna Montiel Reyes, rechaz\u00f3 hablar sobre el inter\u00e9s en ocupar la dirigencia del partido.<\/p>\n\n\n\n<p>Durante su gira por Hidalgo acompa\u00f1ando a la Presidenta para atenci\u00f3n para personas afectadas por lluvias severas ocurridas el a\u00f1o pasado, declar\u00f3: \u00abNo vamos a dar ninguna declaraci\u00f3n, gracias. Ya venimos a informar del plan, de lo que hemos en la atenci\u00f3n a la emergencia por las lluvias\u00bb.<\/p>\n\n\n\n<p><em>Con informaci\u00f3n de El Universal<\/em>.<\/p>\n","protected":false},"excerpt":{"rendered":"<p>Ciudad de M\u00e9xico.- El Comit\u00e9 Ejecutivo Nacional (CEN) de Morena aprob\u00f3 por unanimidad la convocatoria para la realizaci\u00f3n del VIII Congreso Nacional Extraordinario del partido, que se llevar\u00e1 a cabo el pr\u00f3ximo domingo 3 de mayo a las 11:00 horas en el World Trade Center de la Ciudad de M\u00e9xico. De acuerdo con el comunicado, [&hellip;]<\/p>\n","protected":false},"author":6,"featured_media":84014,"comment_status":"closed","ping_status":"closed","sticky":false,"template":"","format":"standard","meta":{"_acf_changed":false,"_monsterinsights_skip_tracking":false,"_monsterinsights_sitenote_active":false,"_monsterinsights_sitenote_note":"","_monsterinsights_sitenote_category":0,"slim_seo":{"title":"Convoca Morena a congreso nacional el domingo 3 de mayo para renovar dirigencia - Opini\u00f3n P\u00fablica","description":"Ciudad de M\u00e9xico .- El Comit\u00e9 Ejecutivo Nacional (CEN) de Morena aprob\u00f3 por unanimidad la convocatoria para la realizaci\u00f3n del VIII Congreso Nacional Extraordin"},"footnotes":""},"categories":[4],"tags":[2986,3173,1061],"class_list":["post-84012","post","type-post","status-publish","format-standard","has-post-thumbnail","hentry","category-pulsopolitico","tag-ariadna-montiel","tag-congreso-nacional-morena","tag-luisa-maria-alcalde"],"acf":[],"_links":{"self":[{"href":"https:\/\/www.opinionpublica.tv\/portada\/wp-json\/wp\/v2\/posts\/84012","targetHints":{"allow":["GET"]}}],"collection":[{"href":"https:\/\/www.opinionpublica.tv\/portada\/wp-json\/wp\/v2\/posts"}],"about":[{"href":"https:\/\/www.opinionpublica.tv\/portada\/wp-json\/wp\/v2\/types\/post"}],"author":[{"embeddable":true,"href":"https:\/\/www.opinionpublica.tv\/portada\/wp-json\/wp\/v2\/users\/6"}],"replies":[{"embeddable":true,"href":"https:\/\/www.opinionpublica.tv\/portada\/wp-json\/wp\/v2\/comments?post=84012"}],"version-history":[{"count":2,"href":"https:\/\/www.opinionpublica.tv\/portada\/wp-json\/wp\/v2\/posts\/84012\/revisions"}],"predecessor-version":[{"id":84015,"href":"https:\/\/www.opinionpublica.tv\/portada\/wp-json\/wp\/v2\/posts\/84012\/revisions\/84015"}],"wp:featuredmedia":[{"embeddable":true,"href":"https:\/\/www.opinionpublica.tv\/portada\/wp-json\/wp\/v2\/media\/84014"}],"wp:attachment":[{"href":"https:\/\/www.opinionpublica.tv\/portada\/wp-json\/wp\/v2\/media?parent=84012"}],"wp:term":[{"taxonomy":"category","embeddable":true,"href":"https:\/\/www.opinionpublica.tv\/portada\/wp-json\/wp\/v2\/categories?post=84012"},{"taxonomy":"post_tag","embeddable":true,"href":"https:\/\/www.opinionpublica.tv\/portada\/wp-json\/wp\/v2\/tags?post=84012"}],"curies":[{"name":"wp","href":"https:\/\/api.w.org\/{rel}","templated":true}]}}