{"id":84002,"date":"2026-04-27T07:00:05","date_gmt":"2026-04-27T13:00:05","guid":{"rendered":"https:\/\/www.opinionpublica.tv\/portada\/?p=84002"},"modified":"2026-04-27T07:02:32","modified_gmt":"2026-04-27T13:02:32","slug":"los-costosos-errores-de-luisa-alcalde","status":"publish","type":"post","link":"https:\/\/www.opinionpublica.tv\/portada\/los-costosos-errores-de-luisa-alcalde\/","title":{"rendered":"Los costosos errores de Luisa Alcalde"},"content":{"rendered":"\n<h4 class=\"wp-block-heading\">Claudio Ochoa Huerta<\/h4>\n\n\n\n<p>____________________________<\/p>\n\n\n\n<p>Como parte de su estrategia pol\u00edtica, Luisa Mar\u00eda Alcalde s\u00ed consider\u00f3 rechazar la invitaci\u00f3n de la presidenta Sheinbaum a la Consejer\u00eda Jur\u00eddica de Palacio Nacional. En su l\u00f3gica, decir que no le permitir\u00eda dedicarse de tiempo completo a la maternidad y era el disfraz perfecto para ocultar la molestia que le gener\u00f3 el baj\u00f3n de puesto.<\/p>\n\n\n\n<p>De legisladora federal y secretaria de Estado en dos ocasiones, cay\u00f3 a una oficina que, desde que sali\u00f3 Julio Scherer con L\u00f3pez Obrador, es meramente una oficial\u00eda de partes.<\/p>\n\n\n\n<p>Ahora, con el mal sabor todav\u00eda en la boca, su estrategia ser\u00e1 buscar una diputaci\u00f3n federal en 2027 y convertirse en la coordinadora pol\u00edtica de la bancada de Morena, puesto que actualmente est\u00e1 en manos de un viejo lobo de mar y efectivo operador pol\u00edtico como Ricardo Monreal.<\/p>\n\n\n\n<p>La salida de Alcalde de la dirigencia de Morena se plante\u00f3 desde hace un par de meses derivado de un detonante principal: su conocida relaci\u00f3n con Arturo \u00c1vila, vocero del partido. \u00c9l le parece un nefasto personaje a la presidenta Sheinbaum. Primero por los reportes que le llegaron de sus visitas inc\u00f3modas a gobernadores y posibles candidatos para el pr\u00f3ximo a\u00f1o. Una especie de coyote electoral, pero sin autorizaci\u00f3n oficial.<\/p>\n\n\n\n<p>Segundo, por su gusto por los reflectores medi\u00e1ticos, aunque internamente lo consideran un vocero efectivo. Tercero, por su cercan\u00eda con Ad\u00e1n Augusto L\u00f3pez Hern\u00e1ndez a quien le oper\u00f3 con fuerza durante la gira de las corcholatas y a pesar de que, actualmente, ya estaba m\u00e1s alineado a Palacio Nacional. Y cuarto, que derram\u00f3 el vaso, la tensi\u00f3n generada por la relaci\u00f3n sentimental que comenz\u00f3 despu\u00e9s de la ruptura con Zo\u00e9 Robledo.<\/p>\n\n\n\n<p>En una ocasi\u00f3n, seg\u00fan fuentes de Palacio Nacional, la Presidenta tuvo una conversaci\u00f3n con Alcalde. Le recomend\u00f3 que no permitiera que sus temas personales afectaran los profesionales. Ella respondi\u00f3 que estaba muy bien, con la intenci\u00f3n de pintar una raya, y marc\u00f3 el primer distanciamiento. El segundo vino cuando le exigi\u00f3 que pusiera a trabajar a Andy L\u00f3pez Beltr\u00e1n. Alcalde, con mucha raz\u00f3n, respondi\u00f3 que \u00e9l no la obedec\u00eda, que no lo ve\u00eda interesado y que mucho menos le har\u00eda caso porque no la ve\u00eda como su jefa.<\/p>\n\n\n\n<p>Despu\u00e9s vino la cereza del pastel: el trato soberbio y sobrado a los aliados del Partido Verde y el PT, que describen como nunca antes vista en su larga historia de partidos veleta, que jalan con el que m\u00e1s les convenga. Despu\u00e9s de demostrar fuerza y derrocar la reforma electoral, avisaron que estar\u00edan encantados de seguir en alianza, siempre y cuando Alcalde estuviera fuera de las negociaciones.<\/p>\n\n\n\n<p>Ahora, el ajedrez pol\u00edtico tendr\u00e1 movimientos relevantes. La Presidenta no quer\u00eda retirar del puesto a Ariadna Montiel como secretaria del Bienestar por sus efectiv\u00edsimos resultados electorales. Un perfil respetable y discreto, adem\u00e1s de una buena relaci\u00f3n con los gobernadores.<\/p>\n\n\n\n<p>Citlali Hern\u00e1ndez, que nunca fue secretaria de las Mujeres, sino se dedicaba a seguir tejiendo alianzas en los estados, estar\u00e1 de encargada en curar las heridas con los aliados. Morena quiere corregir el rumbo con gente que ya se la sabe. A ver si logran parar la matanza por el poder.<\/p>\n\n\n\n<p>Stent:<\/p>\n\n\n\n<p>Estaban reunidos los pocos gobernadores y gobernadoras panistas. Cuando de pronto uno cuestion\u00f3 el rumbo de su dirigencia y expres\u00f3: \u201ca lo \u00fanico que se dedican Romero y Taboada es a pedir dinero en los estados y adem\u00e1s no sabemos para qu\u00e9\u201d. El futuro luce muy prometedor.<\/p>\n\n\n\n<p>claudio8ah@gmail.com<\/p>\n","protected":false},"excerpt":{"rendered":"<p>Claudio Ochoa Huerta ____________________________ Como parte de su estrategia pol\u00edtica, Luisa Mar\u00eda Alcalde s\u00ed consider\u00f3 rechazar la invitaci\u00f3n de la presidenta Sheinbaum a la Consejer\u00eda Jur\u00eddica de Palacio Nacional. En su l\u00f3gica, decir que no le permitir\u00eda dedicarse de tiempo completo a la maternidad y era el disfraz perfecto para ocultar la molestia que le [&hellip;]<\/p>\n","protected":false},"author":6,"featured_media":84005,"comment_status":"closed","ping_status":"closed","sticky":false,"template":"","format":"standard","meta":{"_acf_changed":false,"_monsterinsights_skip_tracking":false,"_monsterinsights_sitenote_active":false,"_monsterinsights_sitenote_note":"","_monsterinsights_sitenote_category":0,"slim_seo":{"title":"Los costosos errores de Luisa Alcalde - Opini\u00f3n P\u00fablica","description":"Claudio Ochoa Huerta ____________________________ Como parte de su estrategia pol\u00edtica, Luisa Mar\u00eda Alcalde s\u00ed consider\u00f3 rechazar la invitaci\u00f3n de la presidenta"},"footnotes":""},"categories":[38],"tags":[3171],"class_list":["post-84002","post","type-post","status-publish","format-standard","has-post-thumbnail","hentry","category-columna-invitada","tag-claudio-ochoa-huerta"],"acf":[],"_links":{"self":[{"href":"https:\/\/www.opinionpublica.tv\/portada\/wp-json\/wp\/v2\/posts\/84002","targetHints":{"allow":["GET"]}}],"collection":[{"href":"https:\/\/www.opinionpublica.tv\/portada\/wp-json\/wp\/v2\/posts"}],"about":[{"href":"https:\/\/www.opinionpublica.tv\/portada\/wp-json\/wp\/v2\/types\/post"}],"author":[{"embeddable":true,"href":"https:\/\/www.opinionpublica.tv\/portada\/wp-json\/wp\/v2\/users\/6"}],"replies":[{"embeddable":true,"href":"https:\/\/www.opinionpublica.tv\/portada\/wp-json\/wp\/v2\/comments?post=84002"}],"version-history":[{"count":1,"href":"https:\/\/www.opinionpublica.tv\/portada\/wp-json\/wp\/v2\/posts\/84002\/revisions"}],"predecessor-version":[{"id":84004,"href":"https:\/\/www.opinionpublica.tv\/portada\/wp-json\/wp\/v2\/posts\/84002\/revisions\/84004"}],"wp:featuredmedia":[{"embeddable":true,"href":"https:\/\/www.opinionpublica.tv\/portada\/wp-json\/wp\/v2\/media\/84005"}],"wp:attachment":[{"href":"https:\/\/www.opinionpublica.tv\/portada\/wp-json\/wp\/v2\/media?parent=84002"}],"wp:term":[{"taxonomy":"category","embeddable":true,"href":"https:\/\/www.opinionpublica.tv\/portada\/wp-json\/wp\/v2\/categories?post=84002"},{"taxonomy":"post_tag","embeddable":true,"href":"https:\/\/www.opinionpublica.tv\/portada\/wp-json\/wp\/v2\/tags?post=84002"}],"curies":[{"name":"wp","href":"https:\/\/api.w.org\/{rel}","templated":true}]}}