{"id":83998,"date":"2026-04-27T00:01:00","date_gmt":"2026-04-27T06:01:00","guid":{"rendered":"https:\/\/www.opinionpublica.tv\/portada\/?p=83998"},"modified":"2026-04-26T21:02:12","modified_gmt":"2026-04-27T03:02:12","slug":"video-encubiertos-descubiertos-javier-garza-latinus","status":"publish","type":"post","link":"https:\/\/www.opinionpublica.tv\/portada\/video-encubiertos-descubiertos-javier-garza-latinus\/","title":{"rendered":"Video: Encubiertos descubiertos | Javier Garza | Latinus"},"content":{"rendered":"\n<p><a href=\"https:\/\/www.youtube.com\/@Latinusus\"><\/a><\/p>\n\n\n\n<figure class=\"wp-block-embed is-type-video is-provider-youtube wp-block-embed-youtube wp-embed-aspect-16-9 wp-has-aspect-ratio\"><div class=\"wp-block-embed__wrapper\">\n<iframe title=\"Encubiertos descubiertos: Javier Garza\" width=\"800\" height=\"450\" src=\"https:\/\/www.youtube.com\/embed\/EXx2-RxmB2o?feature=oembed\" frameborder=\"0\" allow=\"accelerometer; autoplay; clipboard-write; encrypted-media; gyroscope; picture-in-picture; web-share\" referrerpolicy=\"strict-origin-when-cross-origin\" allowfullscreen><\/iframe>\n<\/div><\/figure>\n\n\n\n<p>El periodista Javier Garza habla sobre el caso de los dos agentes encubiertos de la CIA que fueron descubiertos tras un tr\u00e1gico accidente carretero en la sierra de Chihuahua donde perdieron la vida junto con dos agentes de la Fiscal\u00eda del Estado.<\/p>\n\n\n\n<p><em>Cr\u00e9ditos: Latinus<\/em>.<\/p>\n","protected":false},"excerpt":{"rendered":"<p>El periodista Javier Garza habla sobre el caso de los dos agentes encubiertos de la CIA que fueron descubiertos tras un tr\u00e1gico accidente carretero en la sierra de Chihuahua donde perdieron la vida junto con dos agentes de la Fiscal\u00eda del Estado. Cr\u00e9ditos: Latinus.<\/p>\n","protected":false},"author":6,"featured_media":84000,"comment_status":"closed","ping_status":"closed","sticky":false,"template":"","format":"standard","meta":{"_acf_changed":false,"_monsterinsights_skip_tracking":false,"_monsterinsights_sitenote_active":false,"_monsterinsights_sitenote_note":"","_monsterinsights_sitenote_category":0,"slim_seo":{"title":"Video: Encubiertos descubiertos | Javier Garza | Latinus - Opini\u00f3n P\u00fablica","description":"https:\/\/youtu.be\/EXx2-RxmB2o?si=FewlV6rPDdJbe_NI El periodista Javier Garza habla sobre el caso de los dos agentes encubiertos de la CIA que fueron descubiertos"},"footnotes":""},"categories":[13,2,8],"tags":[1133,1134],"class_list":["post-83998","post","type-post","status-publish","format-standard","has-post-thumbnail","hentry","category-videos-destacados-contenido","category-videos-destacados","category-videos","tag-javier-garza","tag-latinus"],"acf":[],"_links":{"self":[{"href":"https:\/\/www.opinionpublica.tv\/portada\/wp-json\/wp\/v2\/posts\/83998","targetHints":{"allow":["GET"]}}],"collection":[{"href":"https:\/\/www.opinionpublica.tv\/portada\/wp-json\/wp\/v2\/posts"}],"about":[{"href":"https:\/\/www.opinionpublica.tv\/portada\/wp-json\/wp\/v2\/types\/post"}],"author":[{"embeddable":true,"href":"https:\/\/www.opinionpublica.tv\/portada\/wp-json\/wp\/v2\/users\/6"}],"replies":[{"embeddable":true,"href":"https:\/\/www.opinionpublica.tv\/portada\/wp-json\/wp\/v2\/comments?post=83998"}],"version-history":[{"count":1,"href":"https:\/\/www.opinionpublica.tv\/portada\/wp-json\/wp\/v2\/posts\/83998\/revisions"}],"predecessor-version":[{"id":83999,"href":"https:\/\/www.opinionpublica.tv\/portada\/wp-json\/wp\/v2\/posts\/83998\/revisions\/83999"}],"wp:featuredmedia":[{"embeddable":true,"href":"https:\/\/www.opinionpublica.tv\/portada\/wp-json\/wp\/v2\/media\/84000"}],"wp:attachment":[{"href":"https:\/\/www.opinionpublica.tv\/portada\/wp-json\/wp\/v2\/media?parent=83998"}],"wp:term":[{"taxonomy":"category","embeddable":true,"href":"https:\/\/www.opinionpublica.tv\/portada\/wp-json\/wp\/v2\/categories?post=83998"},{"taxonomy":"post_tag","embeddable":true,"href":"https:\/\/www.opinionpublica.tv\/portada\/wp-json\/wp\/v2\/tags?post=83998"}],"curies":[{"name":"wp","href":"https:\/\/api.w.org\/{rel}","templated":true}]}}