{"id":83994,"date":"2026-04-27T00:01:00","date_gmt":"2026-04-27T06:01:00","guid":{"rendered":"https:\/\/www.opinionpublica.tv\/portada\/?p=83994"},"modified":"2026-04-26T20:55:50","modified_gmt":"2026-04-27T02:55:50","slug":"efemerides-27-de-abril-un-dia-como-hoy-en-la-historia","status":"publish","type":"post","link":"https:\/\/www.opinionpublica.tv\/portada\/efemerides-27-de-abril-un-dia-como-hoy-en-la-historia\/","title":{"rendered":"Efem\u00e9rides 27 de abril | Un d\u00eda como hoy en la historia&#8230;"},"content":{"rendered":"\n<p><em>Un d\u00eda 27 de abril como hoy, pero de 1994, Nelson Mandela gana las primeras elecciones multirraciales celebradas en Sud\u00e1frica<\/em>.<\/p>\n\n\n\n<figure class=\"wp-block-image size-full\"><img fetchpriority=\"high\" decoding=\"async\" width=\"813\" height=\"558\" src=\"https:\/\/www.opinionpublica.tv\/portada\/wp-content\/uploads\/2026\/04\/1994-Nelson-Mandela-gana-las-primeras-elecciones-multirraciales-celebradas-en-Sudafrica.jpg\" alt=\"1994, nelson mandela gana las primeras elecciones multirraciales celebradas en suda\u0301frica\" class=\"wp-image-83995\" srcset=\"https:\/\/www.opinionpublica.tv\/portada\/wp-content\/uploads\/2026\/04\/1994-Nelson-Mandela-gana-las-primeras-elecciones-multirraciales-celebradas-en-Sudafrica.jpg 813w, https:\/\/www.opinionpublica.tv\/portada\/wp-content\/uploads\/2026\/04\/1994-Nelson-Mandela-gana-las-primeras-elecciones-multirraciales-celebradas-en-Sudafrica-300x206.jpg 300w, https:\/\/www.opinionpublica.tv\/portada\/wp-content\/uploads\/2026\/04\/1994-Nelson-Mandela-gana-las-primeras-elecciones-multirraciales-celebradas-en-Sudafrica-768x527.jpg 768w\" sizes=\"(max-width: 813px) 100vw, 813px\" \/><\/figure>\n\n\n\n<p><strong>Otras efem\u00e9rides<\/strong><\/p>\n\n\n\n<p>1810.- El compositor alem\u00e1n Ludwig van Beethoven compone \u00abPara Elisa\u00bb, dada a conocer 40 a\u00f1os despu\u00e9s de su muerte.<\/p>\n\n\n\n<p>1832.- La Legi\u00f3n extranjera francesa entra por primera vez en combate, cerca de Argel.<\/p>\n\n\n\n<p>1855.- Brasil y Paraguay firman un Tratado de Amistad, Comercio y Navegaci\u00f3n.<\/p>\n\n\n\n<p>1876.- Se bota en Portsmouth el acorazado ingl\u00e9s \u00abInflexible\u00bb, emblema de la construcci\u00f3n naval.<\/p>\n\n\n\n<p>1887.- Se inaugura el primer tramo del ferrocarril de Venezuela, que va de Palo Grande a Antimano.<\/p>\n\n\n\n<p>1945.- Nace la II Rep\u00fablica en Austria, independiente de la Alemania nazi.<\/p>\n\n\n\n<p>1955.- Despega desde Toulouse (Francia) el \u00abCaravelle\u00bb, el primer turborreactor comercial de corto y medio alcance.<\/p>\n\n\n\n<p>1956.- El Gobierno argentino anula la Constituci\u00f3n de 1949 y reimplanta la de 1853, por decreto-ley del presidente Pedro E. Aramburu.<\/p>\n\n\n\n<p>1960.- Togo proclama su independencia de Francia.<\/p>\n\n\n\n<p>1961.- Sierra Leona se independiza del imperio brit\u00e1nico.<\/p>\n\n\n\n<p>1969.- En Francia, el 53% del electorado responde con un \u00abno\u00bb a la reforma constitucional propuesta por el general y presidente De Gaulle, que dimitir\u00e1 un d\u00eda despu\u00e9s.<\/p>\n\n\n\n<p>1977.- El poeta Rafael Alberti llega a Madrid tras 38 a\u00f1os de exilio.<\/p>\n\n\n\n<p>1978.- El presidente de Afganist\u00e1n, Mohammed Daud Kham, muere durante el golpe de Estado que llevo al poder al general Taraki.<\/p>\n\n\n\n<p>1980.- Concluye la ocupaci\u00f3n de la Embajada dominicana en Colombia por guerrilleros del M-19, tras cobrar un rescate.<\/p>\n\n\n\n<p>1984.- Seat produce el primer Ibiza, modelo referente de la industria espa\u00f1ola del autom\u00f3vil.<\/p>\n\n\n\n<p>1986.- El m\u00e1ximo dirigente de ETA, Domingo Iturbe Abasolo, \u00abTxomin\u00bb, es detenido en Francia.<\/p>\n\n\n\n<p>1992.- Serbia y Montenegro proclaman la nueva Rep\u00fablica Federal de Yugoslavia.<\/p>\n\n\n\n<p>1994.- El X Congreso de la Asociaci\u00f3n de Academias de la Lengua Espa\u00f1ola acuerda suprimir la Ch y la Ll como letras independientes.<\/p>\n\n\n\n<p>1999.- La empresa canadiense Nexia Biotechnologies anuncia haber realizado la clonaci\u00f3n de tres cabras, los primeros trillizos creados por esta t\u00e9cnica.<\/p>\n\n\n\n<p>2003.- Nicanor Duarte Frutos, candidato presidencial del gobernante Partido colorado, gana las elecciones en Paraguay.<\/p>\n\n\n\n<p>2005.- Tras cuatro horas de vuelo, aterriza en el aeropuerto de Blagnac (Francia), el Airbus A380, el mayor avi\u00f3n de pasajeros jam\u00e1s construido.<\/p>\n\n\n\n<p>2009.- Sanidad confirma el primer caso de gripe AH1N1 en Espa\u00f1a, y el primero en la Uni\u00f3n Europea.<\/p>\n\n\n\n<p>2011.- Miguel \u00c1ngel Rodr\u00edguez se convierte en el segundo expresidente de Costa Rica condenado por corrupci\u00f3n, como le sucediera en 2009 a Rafael \u00c1ngel Calder\u00f3n.<\/p>\n\n\n\n<p>2012.- Pep Guardiola anuncia el fin de su trayectoria como entrenador del FC Barcelona, que tendr\u00eda lugar a finales de temporada.<\/p>\n\n\n\n<p>2013.- Reabre el estadio Maracan\u00e3, en la ciudad de R\u00edo de Janeiro, objeto de fuertes inversiones en infraestructuras de cara al Mundial de f\u00fatbol de 2014 y los Juegos Ol\u00edmpicos de 2016.<\/p>\n\n\n\n<p>2014.- El Papa Francisco proclama santos a Juan XXIII y a Juan Pablo II.<\/p>\n\n\n\n<p>2015.- Toque de queda en Baltimore (EE.UU.) a causa de los disturbios desencadenados tras la muerte del joven negro Freddie Grey, el 19 de abril.<\/p>\n\n\n\n<p>2017.- Un edificio con falsa licencia urban\u00edstica se desploma mientras era construido en Cartagena de Indias (Colombia), causando la muerte de 21 obreros.<\/p>\n\n\n\n<p>2018.- Corea del Sur y Corea del Norte firman un acuerdo de compromiso para \u00abdesnuclearizar\u00bb la pen\u00ednsula.<\/p>\n\n\n\n<p>2022.- Ucrania-Guerra: la empresa rusa Gazprom suspende el suministro de gas a Polonia y Bulgaria por no pagar en rublos.<\/p>\n\n\n\n<p><strong>Nacimientos<\/strong><\/p>\n\n\n\n<p>1791.- Samuel F. Morse, estadounidense, inventor del tel\u00e9grafo el\u00e9ctrico.<\/p>\n\n\n\n<p>1820.- Herbert Spencer, fil\u00f3sofo brit\u00e1nico.<\/p>\n\n\n\n<p>1923.- Eduardo Garc\u00eda de Enterr\u00eda, jurista y acad\u00e9mico espa\u00f1ol.<\/p>\n\n\n\n<p>1929.- Joaqu\u00edn Prat, locutor y presentador espa\u00f1ol.<\/p>\n\n\n\n<p>1932.- Anouk Aim\u00e9e (Nicole Francoise Dreyfus), actriz y productora francesa.<\/p>\n\n\n\n<p>1932.- Marujita D\u00edaz, actriz y cantante espa\u00f1ola.<\/p>\n\n\n\n<p>1933.- Rafael Guill\u00e9n, poeta espa\u00f1ol.<\/p>\n\n\n\n<p>1942.- Valeri Poliakov, m\u00e9dico y astronauta ruso.<\/p>\n\n\n\n<p>1947.- Sebasti\u00e1n Palomo Linares, torero espa\u00f1ol.<\/p>\n\n\n\n<p>1947.- Mar\u00eda del Mar Bonet, cantante espa\u00f1ola.<\/p>\n\n\n\n<p>1960.- Mart\u00edn Berasategi Olaz\u00e1bal, cocinero espa\u00f1ol.<\/p>\n\n\n\n<p>1961.- Nacho Garc\u00eda Vega, cantante y compositor espa\u00f1ol.<\/p>\n\n\n\n<p>1967.- Guillermo de Orange-Nassau, rey de los Pa\u00edses Bajos.<\/p>\n\n\n\n<p><strong>Defunciones<\/strong><\/p>\n\n\n\n<p>1521.- Fernando de Magallanes, navegante portugu\u00e9s.<\/p>\n\n\n\n<p>1810.- Francisco Cabarr\u00fas, financiero y pol\u00edtico espa\u00f1ol de origen franc\u00e9s.<\/p>\n\n\n\n<p>1969.- Ren\u00e9 Barrientos, militar y pol\u00edtico boliviano.<\/p>\n\n\n\n<p>1992.- Olivier Messiaen, compositor franc\u00e9s.<\/p>\n\n\n\n<p>1997.- Dulce Mar\u00eda Loynaz, escritora cubana.<\/p>\n\n\n\n<p>2002.- Hans Heinrich Thyssen-Bornemisza, empresario y coleccionista de arte, suizo.<\/p>\n\n\n\n<p>2006.- Manuel Flores, empresario taurino, espa\u00f1ol.<\/p>\n\n\n\n<p>2007.- Mstislav Rostropovich, violonchelista y director de orquesta ruso.<\/p>\n\n\n\n<p>2018.- \u00c1lvaro Arz\u00fa, pol\u00edtico y empresario guatemalteco.<\/p>\n\n\n\n<p>2022.- Carlos Amigo, arzobispo y cardenal cat\u00f3lico espa\u00f1ol.<\/p>\n\n\n\n<p>2023.- Ramiro Oliveros, actor espa\u00f1ol.<\/p>\n","protected":false},"excerpt":{"rendered":"<p>Un d\u00eda 27 de abril como hoy, pero de 1994, Nelson Mandela gana las primeras elecciones multirraciales celebradas en Sud\u00e1frica. Otras efem\u00e9rides 1810.- El compositor alem\u00e1n Ludwig van Beethoven compone \u00abPara Elisa\u00bb, dada a conocer 40 a\u00f1os despu\u00e9s de su muerte. 1832.- La Legi\u00f3n extranjera francesa entra por primera vez en combate, cerca de Argel. [&hellip;]<\/p>\n","protected":false},"author":6,"featured_media":83995,"comment_status":"closed","ping_status":"closed","sticky":false,"template":"","format":"standard","meta":{"_acf_changed":false,"_monsterinsights_skip_tracking":false,"_monsterinsights_sitenote_active":false,"_monsterinsights_sitenote_note":"","_monsterinsights_sitenote_category":0,"slim_seo":{"title":"Efem\u00e9rides 27 de abril | Un d\u00eda como hoy en la historia... - Opini\u00f3n P\u00fablica","description":"Un d\u00eda 27 de abril como hoy, pero de 1994, Nelson Mandela gana las primeras elecciones multirraciales celebradas en Sud\u00e1frica . Otras efem\u00e9rides 1810.- El compo"},"footnotes":""},"categories":[27],"tags":[3170,2285],"class_list":["post-83994","post","type-post","status-publish","format-standard","has-post-thumbnail","hentry","category-un-dia-como-hoy","tag-efemerides-27-de-abril","tag-nelson-mandela"],"acf":[],"_links":{"self":[{"href":"https:\/\/www.opinionpublica.tv\/portada\/wp-json\/wp\/v2\/posts\/83994","targetHints":{"allow":["GET"]}}],"collection":[{"href":"https:\/\/www.opinionpublica.tv\/portada\/wp-json\/wp\/v2\/posts"}],"about":[{"href":"https:\/\/www.opinionpublica.tv\/portada\/wp-json\/wp\/v2\/types\/post"}],"author":[{"embeddable":true,"href":"https:\/\/www.opinionpublica.tv\/portada\/wp-json\/wp\/v2\/users\/6"}],"replies":[{"embeddable":true,"href":"https:\/\/www.opinionpublica.tv\/portada\/wp-json\/wp\/v2\/comments?post=83994"}],"version-history":[{"count":1,"href":"https:\/\/www.opinionpublica.tv\/portada\/wp-json\/wp\/v2\/posts\/83994\/revisions"}],"predecessor-version":[{"id":83996,"href":"https:\/\/www.opinionpublica.tv\/portada\/wp-json\/wp\/v2\/posts\/83994\/revisions\/83996"}],"wp:featuredmedia":[{"embeddable":true,"href":"https:\/\/www.opinionpublica.tv\/portada\/wp-json\/wp\/v2\/media\/83995"}],"wp:attachment":[{"href":"https:\/\/www.opinionpublica.tv\/portada\/wp-json\/wp\/v2\/media?parent=83994"}],"wp:term":[{"taxonomy":"category","embeddable":true,"href":"https:\/\/www.opinionpublica.tv\/portada\/wp-json\/wp\/v2\/categories?post=83994"},{"taxonomy":"post_tag","embeddable":true,"href":"https:\/\/www.opinionpublica.tv\/portada\/wp-json\/wp\/v2\/tags?post=83994"}],"curies":[{"name":"wp","href":"https:\/\/api.w.org\/{rel}","templated":true}]}}