{"id":83978,"date":"2026-04-27T00:01:00","date_gmt":"2026-04-27T06:01:00","guid":{"rendered":"https:\/\/www.opinionpublica.tv\/portada\/?p=83978"},"modified":"2026-04-26T20:42:01","modified_gmt":"2026-04-27T02:42:01","slug":"caramelo-mexicano-de-corazon-declaran-al-perro-amarillo-como-raza-100-nacional","status":"publish","type":"post","link":"https:\/\/www.opinionpublica.tv\/portada\/caramelo-mexicano-de-corazon-declaran-al-perro-amarillo-como-raza-100-nacional\/","title":{"rendered":"Caramelo ya es \u00a1mexicano de coraz\u00f3n! Federaci\u00f3n Can\u00f3fila declara al &#8216;perro amarillo&#8217; como raza 100% nacional"},"content":{"rendered":"\n<figure class=\"wp-block-image size-full\"><img fetchpriority=\"high\" decoding=\"async\" width=\"800\" height=\"450\" src=\"https:\/\/www.opinionpublica.tv\/portada\/wp-content\/uploads\/2026\/04\/Caramelo-ya-es-\u00a1mexicano-de-corazon-Federacion-Canofila-declara-al-perro-amarillo-como-raza-100-nacional.jpeg\" alt=\"Caramelo ya es \u00a1mexicano de corazo\u0301n! federacio\u0301n cano\u0301fila declara al 'perro amarillo' como raza 100% nacional\" class=\"wp-image-83984\" srcset=\"https:\/\/www.opinionpublica.tv\/portada\/wp-content\/uploads\/2026\/04\/Caramelo-ya-es-\u00a1mexicano-de-corazon-Federacion-Canofila-declara-al-perro-amarillo-como-raza-100-nacional.jpeg 800w, https:\/\/www.opinionpublica.tv\/portada\/wp-content\/uploads\/2026\/04\/Caramelo-ya-es-\u00a1mexicano-de-corazon-Federacion-Canofila-declara-al-perro-amarillo-como-raza-100-nacional-300x169.jpeg 300w, https:\/\/www.opinionpublica.tv\/portada\/wp-content\/uploads\/2026\/04\/Caramelo-ya-es-\u00a1mexicano-de-corazon-Federacion-Canofila-declara-al-perro-amarillo-como-raza-100-nacional-768x432.jpeg 768w\" sizes=\"(max-width: 800px) 100vw, 800px\" \/><\/figure>\n\n\n\n<p>El ic\u00f3nico canino de pelaje canela que ha patrullado las calles de M\u00e9xico por generaciones ha dejado de ser un \u00abperro de la calle\u00bb para convertirse en un s\u00edmbolo de identidad.<\/p>\n\n\n\n<p>Este nombramiento oficial transforma al perro Caramelo en un baluarte cultural que hoy celebra todo el pa\u00eds.<\/p>\n\n\n\n<p>De acuerdo con la Federaci\u00f3n Can\u00f3fila Mexicana (FCM) y reportes recientes de la PROPAEM, la inclusi\u00f3n de este ejemplar en el registro de razas nacionales busca proteger su linaje y fomentar la tenencia responsable mediante su reconocimiento jur\u00eddico y zoot\u00e9cnico.<\/p>\n\n\n\n<p><strong>\u00bfQu\u00e9 define oficialmente a la raza Perro Caramelo?<\/strong><\/p>\n\n\n\n<p>El perro Caramelo se distingue por su fenotipo (caracter\u00edsticas f\u00edsicas visibles) equilibrado, con un pelaje que oscila entre el ocre y el dorado. Su estructura \u00f3sea es robusta, adaptada evolutivamente para sobrevivir en diversos climas de la geograf\u00eda mexicana.<\/p>\n\n\n\n<p>A diferencia de razas con alta inmunogenicidad (propensi\u00f3n a reacciones inmunes), el Caramelo destaca por una gen\u00e9tica diversa que lo hace menos propenso a enfermedades hereditarias comunes en razas puras. Su resiliencia es el resultado de d\u00e9cadas de selecci\u00f3n natural en entornos urbanos y rurales.<\/p>\n\n\n\n<p>Este perro no solo es un animal de compa\u00f1\u00eda; es una entidad biol\u00f3gica que ha desarrollado una uni\u00f3n, otorg\u00e1ndole agilidad y una longevidad que supera la media de los canes de su tama\u00f1o. Su reconocimiento es un acto de justicia hacia su historia.<\/p>\n\n\n\n<p><strong>La importancia de la gen\u00e9tica en el \u00abperro amarillo\u00bb<\/strong><\/p>\n\n\n\n<figure class=\"wp-block-image size-full\"><img decoding=\"async\" width=\"813\" height=\"542\" src=\"https:\/\/www.opinionpublica.tv\/portada\/wp-content\/uploads\/2026\/04\/Caramelo-ya-es-\u00a1mexicano-de-corazon-Federacion-Canofila-declara-al-perro-amarillo-como-raza-100-nacional2.jpeg\" alt=\"Caramelo ya es \u00a1mexicano de corazo\u0301n! federacio\u0301n cano\u0301fila declara al 'perro amarillo' como raza 100% nacional2\" class=\"wp-image-83986\" srcset=\"https:\/\/www.opinionpublica.tv\/portada\/wp-content\/uploads\/2026\/04\/Caramelo-ya-es-\u00a1mexicano-de-corazon-Federacion-Canofila-declara-al-perro-amarillo-como-raza-100-nacional2.jpeg 813w, https:\/\/www.opinionpublica.tv\/portada\/wp-content\/uploads\/2026\/04\/Caramelo-ya-es-\u00a1mexicano-de-corazon-Federacion-Canofila-declara-al-perro-amarillo-como-raza-100-nacional2-300x200.jpeg 300w, https:\/\/www.opinionpublica.tv\/portada\/wp-content\/uploads\/2026\/04\/Caramelo-ya-es-\u00a1mexicano-de-corazon-Federacion-Canofila-declara-al-perro-amarillo-como-raza-100-nacional2-768x512.jpeg 768w\" sizes=\"(max-width: 813px) 100vw, 813px\" \/><\/figure>\n\n\n\n<p>El reconocimiento de una raza no es solo un t\u00edtulo; implica entender su mapa gen\u00e9tico para prevenir patolog\u00edas.<\/p>\n\n\n\n<p>A continuaci\u00f3n, se presentan los rasgos que los expertos consideran para su clasificaci\u00f3n:<\/p>\n\n\n\n<p>Color de manto: Tonalidades amarillas, arena o miel, sin manchas blancas predominantes.<\/p>\n\n\n\n<p>Morfolog\u00eda: Orejas erguidas o semi-ca\u00eddas, cola con una ligera curvatura y complexi\u00f3n atl\u00e9tica.<\/p>\n\n\n\n<p>Temperamento: Alta inteligencia emocional y un fuerte instinto de protecci\u00f3n territorial.<\/p>\n\n\n\n<p><strong>El impacto social de un perro 100 % mexicano<\/strong><\/p>\n\n\n\n<p>La declaraci\u00f3n del perro Caramelo como raza nacional tiene un efecto psicol\u00f3gico positivo en la poblaci\u00f3n. Fomenta el orgullo por lo local y reduce el estigma asociado a los perros mestizos, incentivando la adopci\u00f3n sobre la compra de ejemplares extranjeros.<\/p>\n\n\n\n<p>Este movimiento cultural busca que el ciudadano vea en el \u00abperro amarillo\u00bb a un compa\u00f1ero con historia, similar al respeto que se le tiene al Xoloitzcuintle. Es una estrategia de salud p\u00fablica disfrazada de nacionalismo que podr\u00eda reducir significativamente el abandono.<\/p>\n\n\n\n<p><strong>S\u00edntomas que requieren atenci\u00f3n inmediata<\/strong><\/p>\n\n\n\n<p>Aunque el perro Caramelo es extremadamente fuerte, existen se\u00f1ales de alarma que no deben ignorarse. Si notas que tu mascota presenta debilidad muscular extrema, esto podr\u00eda indicar&nbsp; una infecci\u00f3n viral severa.<\/p>\n\n\n\n<p><strong>Acude al veterinario si observas<\/strong>:<\/p>\n\n\n\n<p>Letargia profunda: Falta de respuesta a est\u00edmulos b\u00e1sicos o dificultad para levantarse.<\/p>\n\n\n\n<p>Alteraciones oculares:&nbsp; Secreciones inusuales.<\/p>\n\n\n\n<p>Dificultad respiratoria: Jadeo excesivo sin haber realizado actividad f\u00edsica previa.<\/p>\n\n\n\n<p>Cambios en el apetito: Rechazo total al agua o comida por m\u00e1s de 24 horas.<\/p>\n\n\n\n<p>Tener un perro Caramelo en casa es ahora poseer un pedazo de la historia viva de M\u00e9xico. Tu autonom\u00eda como tutor responsable se fortalece al contar con informaci\u00f3n validada que respalda el valor de tu mascota ante la sociedad y la ciencia.<\/p>\n\n\n\n<p>El reconocimiento del \u00abperro amarillo\u00bb es un hito que nos recuerda que la belleza y la lealtad no siempre vienen con un pedigr\u00ed de papel, sino que se forjan en la lealtad diaria. \u00bfEst\u00e1s listo para celebrar al nuevo orgullo de cuatro patas de M\u00e9xico?<\/p>\n\n\n\n<p><em>Con informaci\u00f3n de Exc\u00e9lsior<\/em>.<\/p>\n","protected":false},"excerpt":{"rendered":"<p>El ic\u00f3nico canino de pelaje canela que ha patrullado las calles de M\u00e9xico por generaciones ha dejado de ser un \u00abperro de la calle\u00bb para convertirse en un s\u00edmbolo de identidad. Este nombramiento oficial transforma al perro Caramelo en un baluarte cultural que hoy celebra todo el pa\u00eds. De acuerdo con la Federaci\u00f3n Can\u00f3fila Mexicana [&hellip;]<\/p>\n","protected":false},"author":6,"featured_media":83984,"comment_status":"closed","ping_status":"closed","sticky":false,"template":"","format":"standard","meta":{"_acf_changed":false,"_monsterinsights_skip_tracking":false,"_monsterinsights_sitenote_active":false,"_monsterinsights_sitenote_note":"","_monsterinsights_sitenote_category":0,"slim_seo":{"title":"Caramelo ya es \u00a1mexicano de coraz\u00f3n! Federaci\u00f3n Can\u00f3fila declara al 'perro amarillo' como raza 100% nacional - Opini\u00f3n P\u00fablica","description":"El ic\u00f3nico canino de pelaje canela que ha patrullado las calles de M\u00e9xico por generaciones ha dejado de ser un \"perro de la calle\" para convertirse en un s\u00edmbol"},"footnotes":""},"categories":[3],"tags":[3165,3167,3166],"class_list":["post-83978","post","type-post","status-publish","format-standard","has-post-thumbnail","hentry","category-principal","tag-perro-amarillo","tag-perro-caramelo","tag-perro-mexicano"],"acf":[],"_links":{"self":[{"href":"https:\/\/www.opinionpublica.tv\/portada\/wp-json\/wp\/v2\/posts\/83978","targetHints":{"allow":["GET"]}}],"collection":[{"href":"https:\/\/www.opinionpublica.tv\/portada\/wp-json\/wp\/v2\/posts"}],"about":[{"href":"https:\/\/www.opinionpublica.tv\/portada\/wp-json\/wp\/v2\/types\/post"}],"author":[{"embeddable":true,"href":"https:\/\/www.opinionpublica.tv\/portada\/wp-json\/wp\/v2\/users\/6"}],"replies":[{"embeddable":true,"href":"https:\/\/www.opinionpublica.tv\/portada\/wp-json\/wp\/v2\/comments?post=83978"}],"version-history":[{"count":5,"href":"https:\/\/www.opinionpublica.tv\/portada\/wp-json\/wp\/v2\/posts\/83978\/revisions"}],"predecessor-version":[{"id":83988,"href":"https:\/\/www.opinionpublica.tv\/portada\/wp-json\/wp\/v2\/posts\/83978\/revisions\/83988"}],"wp:featuredmedia":[{"embeddable":true,"href":"https:\/\/www.opinionpublica.tv\/portada\/wp-json\/wp\/v2\/media\/83984"}],"wp:attachment":[{"href":"https:\/\/www.opinionpublica.tv\/portada\/wp-json\/wp\/v2\/media?parent=83978"}],"wp:term":[{"taxonomy":"category","embeddable":true,"href":"https:\/\/www.opinionpublica.tv\/portada\/wp-json\/wp\/v2\/categories?post=83978"},{"taxonomy":"post_tag","embeddable":true,"href":"https:\/\/www.opinionpublica.tv\/portada\/wp-json\/wp\/v2\/tags?post=83978"}],"curies":[{"name":"wp","href":"https:\/\/api.w.org\/{rel}","templated":true}]}}