{"id":83963,"date":"2026-04-26T00:01:00","date_gmt":"2026-04-26T06:01:00","guid":{"rendered":"https:\/\/www.opinionpublica.tv\/portada\/?p=83963"},"modified":"2026-04-25T21:30:25","modified_gmt":"2026-04-26T03:30:25","slug":"arranca-en-chihuahua-la-primera-semana-nacional-de-vacunacion-2026","status":"publish","type":"post","link":"https:\/\/www.opinionpublica.tv\/portada\/arranca-en-chihuahua-la-primera-semana-nacional-de-vacunacion-2026\/","title":{"rendered":"Arranca en Chihuahua la Primera Semana Nacional de Vacunaci\u00f3n 2026"},"content":{"rendered":"\n<figure class=\"wp-block-image size-large\"><img fetchpriority=\"high\" decoding=\"async\" width=\"1024\" height=\"682\" src=\"https:\/\/www.opinionpublica.tv\/portada\/wp-content\/uploads\/2026\/04\/Arranca-en-Chihuahua-la-Primera-Semana-Nacional-de-Vacunacion-2026-1024x682.jpeg\" alt=\"Arranca en chihuahua la primera semana nacional de vacunacio\u0301n 2026\" class=\"wp-image-83965\" srcset=\"https:\/\/www.opinionpublica.tv\/portada\/wp-content\/uploads\/2026\/04\/Arranca-en-Chihuahua-la-Primera-Semana-Nacional-de-Vacunacion-2026-1024x682.jpeg 1024w, https:\/\/www.opinionpublica.tv\/portada\/wp-content\/uploads\/2026\/04\/Arranca-en-Chihuahua-la-Primera-Semana-Nacional-de-Vacunacion-2026-300x200.jpeg 300w, https:\/\/www.opinionpublica.tv\/portada\/wp-content\/uploads\/2026\/04\/Arranca-en-Chihuahua-la-Primera-Semana-Nacional-de-Vacunacion-2026-768x512.jpeg 768w, https:\/\/www.opinionpublica.tv\/portada\/wp-content\/uploads\/2026\/04\/Arranca-en-Chihuahua-la-Primera-Semana-Nacional-de-Vacunacion-2026-1536x1023.jpeg 1536w, https:\/\/www.opinionpublica.tv\/portada\/wp-content\/uploads\/2026\/04\/Arranca-en-Chihuahua-la-Primera-Semana-Nacional-de-Vacunacion-2026.jpeg 1600w\" sizes=\"(max-width: 1024px) 100vw, 1024px\" \/><\/figure>\n\n\n\n<p><em>Chihuahua, Chih<\/em>.- El Gobierno del Estado, a trav\u00e9s de la Secretar\u00eda de Salud inici\u00f3 la Primera Semana Nacional de Vacunaci\u00f3n 2026, que se llevar\u00e1 a cabo del 25 de abril al 2 de mayo en los 67 municipios.<\/p>\n\n\n\n<p>Bajo el lema \u201cVacunar es amar\u201d, la jornada tiene como objetivo incrementar la cobertura, recuperar esquemas incompletos y proteger a la poblaci\u00f3n contra enfermedades prevenibles, con acciones coordinadas entre las instituciones del sector salud.<\/p>\n\n\n\n<p>Durante dicho lapso se aplicar\u00e1n sin costo para la poblaci\u00f3n las vacunas disponibles conforme al esquema vigente, a trav\u00e9s de una red de atenci\u00f3n que incluye centros de salud y hospitales.<\/p>\n\n\n\n<p>Se dar\u00e1 prioridad a ni\u00f1as y ni\u00f1os, adolescentes, mujeres en gestaci\u00f3n, adultos mayores y grupos en situaci\u00f3n de riesgo, con \u00e9nfasis en la revisi\u00f3n de la Cartilla Nacional de Salud para iniciar, completar o reforzar los esquemas de inoculaci\u00f3n.<\/p>\n\n\n\n<p>En los Servicios de Salud de Chihuahua se contar\u00e1 con biol\u00f3gicos para todas las etapas.<\/p>\n\n\n\n<p>Para la primera infancia estar\u00e1n disponibles la BCG, Hepatitis B, hexavalente, rotavirus y neumococo.<\/p>\n\n\n\n<p>En el caso de ni\u00f1as y ni\u00f1os de 1 a 9 a\u00f1os se aplicar\u00e1n refuerzos con SRP (sarampi\u00f3n, rub\u00e9ola y parotiditis), neumococo y DPT (difteria, tosferina y t\u00e9tanos).<\/p>\n\n\n\n<p>Para adolescentes se cuenta con dosis contra el Virus del Papiloma Humano (VPH), refuerzos de TD (t\u00e9tanos y difteria), SR (sarampi\u00f3n y rub\u00e9ola) y Hepatitis B.<\/p>\n\n\n\n<p>En mujeres embarazadas se aplicar\u00e1 la vacuna TDPA (t\u00e9tanos, difteria y tosferina acelular) a partir de la semana 20 de gestaci\u00f3n y contra el virus sincitial respiratorio, que se aplica entre las semanas 32 y 36.<\/p>\n\n\n\n<p>En personas adultas se tienen lo refuerzos de TD, SR y Hepatitis B de acuerdo con los factores de riesgo.<\/p>\n\n\n\n<p>Para adultos mayores se dispone de la vacuna antineumoc\u00f3cica y el personal de salud podr\u00e1 acceder a refuerzos de SR y Hepatitis B.<\/p>\n\n\n\n<p>La Secretar\u00eda de Salud, hace un llamado a la poblaci\u00f3n a acudir con su Cartilla a su unidad m\u00e9dica m\u00e1s cercana, para participar en esta jornada.<\/p>\n","protected":false},"excerpt":{"rendered":"<p>Chihuahua, Chih.- El Gobierno del Estado, a trav\u00e9s de la Secretar\u00eda de Salud inici\u00f3 la Primera Semana Nacional de Vacunaci\u00f3n 2026, que se llevar\u00e1 a cabo del 25 de abril al 2 de mayo en los 67 municipios. Bajo el lema \u201cVacunar es amar\u201d, la jornada tiene como objetivo incrementar la cobertura, recuperar esquemas incompletos [&hellip;]<\/p>\n","protected":false},"author":6,"featured_media":83965,"comment_status":"closed","ping_status":"closed","sticky":false,"template":"","format":"standard","meta":{"_acf_changed":false,"_monsterinsights_skip_tracking":false,"_monsterinsights_sitenote_active":false,"_monsterinsights_sitenote_note":"","_monsterinsights_sitenote_category":0,"slim_seo":{"title":"Arranca en Chihuahua la Primera Semana Nacional de Vacunaci\u00f3n 2026 - Opini\u00f3n P\u00fablica","description":"Chihuahua, Chih .- El Gobierno del Estado, a trav\u00e9s de la Secretar\u00eda de Salud inici\u00f3 la Primera Semana Nacional de Vacunaci\u00f3n 2026, que se llevar\u00e1 a cabo del 25"},"footnotes":""},"categories":[11],"tags":[88,170,3160],"class_list":["post-83963","post","type-post","status-publish","format-standard","has-post-thumbnail","hentry","category-tendencias","tag-chihuahua","tag-salud","tag-semana-nacional-de-vacunacion"],"acf":[],"_links":{"self":[{"href":"https:\/\/www.opinionpublica.tv\/portada\/wp-json\/wp\/v2\/posts\/83963","targetHints":{"allow":["GET"]}}],"collection":[{"href":"https:\/\/www.opinionpublica.tv\/portada\/wp-json\/wp\/v2\/posts"}],"about":[{"href":"https:\/\/www.opinionpublica.tv\/portada\/wp-json\/wp\/v2\/types\/post"}],"author":[{"embeddable":true,"href":"https:\/\/www.opinionpublica.tv\/portada\/wp-json\/wp\/v2\/users\/6"}],"replies":[{"embeddable":true,"href":"https:\/\/www.opinionpublica.tv\/portada\/wp-json\/wp\/v2\/comments?post=83963"}],"version-history":[{"count":2,"href":"https:\/\/www.opinionpublica.tv\/portada\/wp-json\/wp\/v2\/posts\/83963\/revisions"}],"predecessor-version":[{"id":83966,"href":"https:\/\/www.opinionpublica.tv\/portada\/wp-json\/wp\/v2\/posts\/83963\/revisions\/83966"}],"wp:featuredmedia":[{"embeddable":true,"href":"https:\/\/www.opinionpublica.tv\/portada\/wp-json\/wp\/v2\/media\/83965"}],"wp:attachment":[{"href":"https:\/\/www.opinionpublica.tv\/portada\/wp-json\/wp\/v2\/media?parent=83963"}],"wp:term":[{"taxonomy":"category","embeddable":true,"href":"https:\/\/www.opinionpublica.tv\/portada\/wp-json\/wp\/v2\/categories?post=83963"},{"taxonomy":"post_tag","embeddable":true,"href":"https:\/\/www.opinionpublica.tv\/portada\/wp-json\/wp\/v2\/tags?post=83963"}],"curies":[{"name":"wp","href":"https:\/\/api.w.org\/{rel}","templated":true}]}}