{"id":83957,"date":"2026-04-26T00:01:00","date_gmt":"2026-04-26T06:01:00","guid":{"rendered":"https:\/\/www.opinionpublica.tv\/portada\/?p=83957"},"modified":"2026-04-25T21:26:53","modified_gmt":"2026-04-26T03:26:53","slug":"proteccion-civil-emite-alerta-preventiva-por-rachas-de-viento-superiores-a-los-75-km-h","status":"publish","type":"post","link":"https:\/\/www.opinionpublica.tv\/portada\/proteccion-civil-emite-alerta-preventiva-por-rachas-de-viento-superiores-a-los-75-km-h\/","title":{"rendered":"Protecci\u00f3n Civil emite alerta preventiva por rachas de viento superiores a 75 km\/h"},"content":{"rendered":"\n<figure class=\"wp-block-image size-large\"><img fetchpriority=\"high\" decoding=\"async\" width=\"1024\" height=\"483\" src=\"https:\/\/www.opinionpublica.tv\/portada\/wp-content\/uploads\/2026\/04\/Proteccion-Civil-emite-alerta-preventiva-por-rachas-de-viento-superiores-a-75-kmh-1024x483.jpeg\" alt=\"Proteccio\u0301n civil emite alerta preventiva por rachas de viento superiores a 75 km:h\" class=\"wp-image-83960\" srcset=\"https:\/\/www.opinionpublica.tv\/portada\/wp-content\/uploads\/2026\/04\/Proteccion-Civil-emite-alerta-preventiva-por-rachas-de-viento-superiores-a-75-kmh-1024x483.jpeg 1024w, https:\/\/www.opinionpublica.tv\/portada\/wp-content\/uploads\/2026\/04\/Proteccion-Civil-emite-alerta-preventiva-por-rachas-de-viento-superiores-a-75-kmh-300x142.jpeg 300w, https:\/\/www.opinionpublica.tv\/portada\/wp-content\/uploads\/2026\/04\/Proteccion-Civil-emite-alerta-preventiva-por-rachas-de-viento-superiores-a-75-kmh-768x362.jpeg 768w, https:\/\/www.opinionpublica.tv\/portada\/wp-content\/uploads\/2026\/04\/Proteccion-Civil-emite-alerta-preventiva-por-rachas-de-viento-superiores-a-75-kmh.jpeg 1424w\" sizes=\"(max-width: 1024px) 100vw, 1024px\" \/><\/figure>\n\n\n\n<p>Chihuahua, Chih.- La Coordinaci\u00f3n Estatal de Protecci\u00f3n Civil (CEPC) inform\u00f3 que este fin de semana, el ingreso de un nuevo sistema frontal en interacci\u00f3n con otros sistemas meteorol\u00f3gicos, generar\u00e1 rachas superiores a los 75 kil\u00f3metros por hora (km\/h) en la entidad.<\/p>\n\n\n\n<p>Dichas condiciones podr\u00edan registrarse en las zonas norte, noroeste, centro y sureste, y generar tolvaneras en algunos tramos carreteros.<\/p>\n\n\n\n<p>El pron\u00f3stico incluye a los municipios de Ju\u00e1rez, Ascensi\u00f3n, Janos, Casas Grandes, Nuevo Casas Grandes, Galeana, Ignacio Zaragoza y G\u00f3mez Far\u00edas.<\/p>\n\n\n\n<p>Se esperan r\u00e1fagas de hasta 65 km\/h en Madera, Buenaventura, Namiquipa, Guerrero y Riva Palacio; en Chihuahua, Delicias y Parral podr\u00edan alcanzar los 55 km\/h.<\/p>\n\n\n\n<p>En cuanto a las temperaturas, se mantendr\u00e1 el ambiente caluroso con m\u00e1ximas de hasta 36 grados cent\u00edgrados (\u00baC) en Ch\u00ednipas y Ojinaga.<\/p>\n\n\n\n<p>Ante estas condiciones, la CEPC recomienda asegurar l\u00e1minas, techumbres, puertas y ventanas, retirar cualquier objeto suelto en azoteas, alejarse de muros, \u00e1rboles, espectaculares y postes de luz que presenten riesgo de ca\u00edda.<\/p>\n\n\n\n<p>Al conducir por carretera encender las luces, disminuir la velocidad o estacionarse en un lugar seguro hasta que la visibilidad mejore.<\/p>\n\n\n\n<p>En caso de emergencia llamar al 911.<\/p>\n","protected":false},"excerpt":{"rendered":"<p>Chihuahua, Chih.- La Coordinaci\u00f3n Estatal de Protecci\u00f3n Civil (CEPC) inform\u00f3 que este fin de semana, el ingreso de un nuevo sistema frontal en interacci\u00f3n con otros sistemas meteorol\u00f3gicos, generar\u00e1 rachas superiores a los 75 kil\u00f3metros por hora (km\/h) en la entidad. Dichas condiciones podr\u00edan registrarse en las zonas norte, noroeste, centro y sureste, y generar [&hellip;]<\/p>\n","protected":false},"author":6,"featured_media":83960,"comment_status":"closed","ping_status":"closed","sticky":false,"template":"","format":"standard","meta":{"_acf_changed":false,"_monsterinsights_skip_tracking":false,"_monsterinsights_sitenote_active":false,"_monsterinsights_sitenote_note":"","_monsterinsights_sitenote_category":0,"slim_seo":{"title":"Protecci\u00f3n Civil emite alerta preventiva por rachas de viento superiores a 75 km\/h - Opini\u00f3n P\u00fablica","description":"Chihuahua, Chih.- La Coordinaci\u00f3n Estatal de Protecci\u00f3n Civil (CEPC) inform\u00f3 que este fin de semana, el ingreso de un nuevo sistema frontal en interacci\u00f3n con o"},"footnotes":""},"categories":[11],"tags":[2301,530],"class_list":["post-83957","post","type-post","status-publish","format-standard","has-post-thumbnail","hentry","category-tendencias","tag-fuertes-vientos","tag-proteccion-civil-chihuahua"],"acf":[],"_links":{"self":[{"href":"https:\/\/www.opinionpublica.tv\/portada\/wp-json\/wp\/v2\/posts\/83957","targetHints":{"allow":["GET"]}}],"collection":[{"href":"https:\/\/www.opinionpublica.tv\/portada\/wp-json\/wp\/v2\/posts"}],"about":[{"href":"https:\/\/www.opinionpublica.tv\/portada\/wp-json\/wp\/v2\/types\/post"}],"author":[{"embeddable":true,"href":"https:\/\/www.opinionpublica.tv\/portada\/wp-json\/wp\/v2\/users\/6"}],"replies":[{"embeddable":true,"href":"https:\/\/www.opinionpublica.tv\/portada\/wp-json\/wp\/v2\/comments?post=83957"}],"version-history":[{"count":3,"href":"https:\/\/www.opinionpublica.tv\/portada\/wp-json\/wp\/v2\/posts\/83957\/revisions"}],"predecessor-version":[{"id":83961,"href":"https:\/\/www.opinionpublica.tv\/portada\/wp-json\/wp\/v2\/posts\/83957\/revisions\/83961"}],"wp:featuredmedia":[{"embeddable":true,"href":"https:\/\/www.opinionpublica.tv\/portada\/wp-json\/wp\/v2\/media\/83960"}],"wp:attachment":[{"href":"https:\/\/www.opinionpublica.tv\/portada\/wp-json\/wp\/v2\/media?parent=83957"}],"wp:term":[{"taxonomy":"category","embeddable":true,"href":"https:\/\/www.opinionpublica.tv\/portada\/wp-json\/wp\/v2\/categories?post=83957"},{"taxonomy":"post_tag","embeddable":true,"href":"https:\/\/www.opinionpublica.tv\/portada\/wp-json\/wp\/v2\/tags?post=83957"}],"curies":[{"name":"wp","href":"https:\/\/api.w.org\/{rel}","templated":true}]}}