{"id":83950,"date":"2026-04-26T00:01:00","date_gmt":"2026-04-26T06:01:00","guid":{"rendered":"https:\/\/www.opinionpublica.tv\/portada\/?p=83950"},"modified":"2026-04-25T21:19:05","modified_gmt":"2026-04-26T03:19:05","slug":"invita-salud-municipal-a-detectar-la-anemia-y-atender-sintomas-a-tiempo","status":"publish","type":"post","link":"https:\/\/www.opinionpublica.tv\/portada\/invita-salud-municipal-a-detectar-la-anemia-y-atender-sintomas-a-tiempo\/","title":{"rendered":"Invita Salud Municipal a detectar la anemia y atender esos s\u00edntomas a tiempo"},"content":{"rendered":"\n<figure class=\"wp-block-image size-large\"><img fetchpriority=\"high\" decoding=\"async\" width=\"1024\" height=\"830\" src=\"https:\/\/www.opinionpublica.tv\/portada\/wp-content\/uploads\/2026\/04\/Invita-Salud-Municipal-a-detectar-la-anemia-y-atender-los-sintomas-a-tiempo-1024x830.png\" alt=\"Invita salud municipal a detectar la anemia y atender los si\u0301ntomas a tiempo\" class=\"wp-image-83953\" srcset=\"https:\/\/www.opinionpublica.tv\/portada\/wp-content\/uploads\/2026\/04\/Invita-Salud-Municipal-a-detectar-la-anemia-y-atender-los-sintomas-a-tiempo-1024x830.png 1024w, https:\/\/www.opinionpublica.tv\/portada\/wp-content\/uploads\/2026\/04\/Invita-Salud-Municipal-a-detectar-la-anemia-y-atender-los-sintomas-a-tiempo-300x243.png 300w, https:\/\/www.opinionpublica.tv\/portada\/wp-content\/uploads\/2026\/04\/Invita-Salud-Municipal-a-detectar-la-anemia-y-atender-los-sintomas-a-tiempo-768x623.png 768w, https:\/\/www.opinionpublica.tv\/portada\/wp-content\/uploads\/2026\/04\/Invita-Salud-Municipal-a-detectar-la-anemia-y-atender-los-sintomas-a-tiempo.png 1046w\" sizes=\"(max-width: 1024px) 100vw, 1024px\" \/><\/figure>\n\n\n\n<p><em>Ciudad Ju\u00e1rez, Chih<\/em>.- La Direcci\u00f3n de Salud Municipal hizo un llamado a la ciudadan\u00eda a prestar atenci\u00f3n a los signos de anemia y acudir a consulta m\u00e9dica ante cualquier s\u00edntoma, ya que su detecci\u00f3n oportuna permite prevenir complicaciones en la salud.<\/p>\n\n\n\n<p>La directora de Salud Municipal, la doctora Daphne Patricia Santana Fern\u00e1ndez, explic\u00f3 que este padecimiento afecta con mayor frecuencia a mujeres entre los 20 y 44 a\u00f1os, principalmente por factores como sangrados menstruales abundantes, embarazo, parto o lactancia, as\u00ed como por dietas bajas en hierro o enfermedades digestivas.<\/p>\n\n\n\n<p>Detall\u00f3 que la anemia es una condici\u00f3n en la que los gl\u00f3bulos rojos se encuentran en menor cantidad o presentan un tama\u00f1o reducido debido a la falta de hemoglobina, prote\u00edna que transporta el ox\u00edgeno desde los pulmones hacia el resto del organismo. La causa m\u00e1s com\u00fan es la deficiencia de hierro.<\/p>\n\n\n\n<p>\u201cEs muy importante que la poblaci\u00f3n, especialmente las mujeres en edad reproductiva, identifiquen los s\u00edntomas de alerta como debilidad, fatiga constante, mareos, falta de aire o palpitaciones aceleradas, y acudan de inmediato a su m\u00e9dico. Detectar la anemia a tiempo permite brindar un tratamiento adecuado y mejorar la calidad de vida\u201d, se\u00f1al\u00f3.<\/p>\n\n\n\n<p>La funcionaria reiter\u00f3 que mantener una alimentaci\u00f3n balanceada rica en hierro y realizar revisiones m\u00e9dicas peri\u00f3dicas son acciones clave para prevenir este padecimiento.<\/p>\n\n\n\n<p>La Direcci\u00f3n de Salud Municipal pide a las familias juarenses no ignorar los s\u00edntomas y acudir a su unidad m\u00e9dica m\u00e1s cercana para recibir orientaci\u00f3n y atenci\u00f3n profesional.<\/p>\n","protected":false},"excerpt":{"rendered":"<p>Ciudad Ju\u00e1rez, Chih.- La Direcci\u00f3n de Salud Municipal hizo un llamado a la ciudadan\u00eda a prestar atenci\u00f3n a los signos de anemia y acudir a consulta m\u00e9dica ante cualquier s\u00edntoma, ya que su detecci\u00f3n oportuna permite prevenir complicaciones en la salud. La directora de Salud Municipal, la doctora Daphne Patricia Santana Fern\u00e1ndez, explic\u00f3 que este [&hellip;]<\/p>\n","protected":false},"author":6,"featured_media":83953,"comment_status":"closed","ping_status":"closed","sticky":false,"template":"","format":"standard","meta":{"_acf_changed":false,"_monsterinsights_skip_tracking":false,"_monsterinsights_sitenote_active":false,"_monsterinsights_sitenote_note":"","_monsterinsights_sitenote_category":0,"slim_seo":{"title":"Invita Salud Municipal a detectar la anemia y atender esos s\u00edntomas a tiempo - Opini\u00f3n P\u00fablica","description":"Ciudad Ju\u00e1rez, Chih .- La Direcci\u00f3n de Salud Municipal hizo un llamado a la ciudadan\u00eda a prestar atenci\u00f3n a los signos de anemia y acudir a consulta m\u00e9dica ante"},"footnotes":""},"categories":[41],"tags":[3159,608,170],"class_list":["post-83950","post","type-post","status-publish","format-standard","has-post-thumbnail","hentry","category-juarez","tag-anemia","tag-ciudad-juarez","tag-salud"],"acf":[],"_links":{"self":[{"href":"https:\/\/www.opinionpublica.tv\/portada\/wp-json\/wp\/v2\/posts\/83950","targetHints":{"allow":["GET"]}}],"collection":[{"href":"https:\/\/www.opinionpublica.tv\/portada\/wp-json\/wp\/v2\/posts"}],"about":[{"href":"https:\/\/www.opinionpublica.tv\/portada\/wp-json\/wp\/v2\/types\/post"}],"author":[{"embeddable":true,"href":"https:\/\/www.opinionpublica.tv\/portada\/wp-json\/wp\/v2\/users\/6"}],"replies":[{"embeddable":true,"href":"https:\/\/www.opinionpublica.tv\/portada\/wp-json\/wp\/v2\/comments?post=83950"}],"version-history":[{"count":3,"href":"https:\/\/www.opinionpublica.tv\/portada\/wp-json\/wp\/v2\/posts\/83950\/revisions"}],"predecessor-version":[{"id":83956,"href":"https:\/\/www.opinionpublica.tv\/portada\/wp-json\/wp\/v2\/posts\/83950\/revisions\/83956"}],"wp:featuredmedia":[{"embeddable":true,"href":"https:\/\/www.opinionpublica.tv\/portada\/wp-json\/wp\/v2\/media\/83953"}],"wp:attachment":[{"href":"https:\/\/www.opinionpublica.tv\/portada\/wp-json\/wp\/v2\/media?parent=83950"}],"wp:term":[{"taxonomy":"category","embeddable":true,"href":"https:\/\/www.opinionpublica.tv\/portada\/wp-json\/wp\/v2\/categories?post=83950"},{"taxonomy":"post_tag","embeddable":true,"href":"https:\/\/www.opinionpublica.tv\/portada\/wp-json\/wp\/v2\/tags?post=83950"}],"curies":[{"name":"wp","href":"https:\/\/api.w.org\/{rel}","templated":true}]}}