{"id":83944,"date":"2026-04-26T00:01:00","date_gmt":"2026-04-26T06:01:00","guid":{"rendered":"https:\/\/www.opinionpublica.tv\/portada\/?p=83944"},"modified":"2026-04-25T21:03:01","modified_gmt":"2026-04-26T03:03:01","slug":"celebran-dia-internacional-de-la-danza-con-espectaculo-en-cma-en-jornada-por-la-paz","status":"publish","type":"post","link":"https:\/\/www.opinionpublica.tv\/portada\/celebran-dia-internacional-de-la-danza-con-espectaculo-en-cma-en-jornada-por-la-paz\/","title":{"rendered":"Celebran D\u00eda Internacional de la Danza con espect\u00e1culo en CMA en Jornada por la Paz"},"content":{"rendered":"\n<figure class=\"wp-block-image size-large\"><img fetchpriority=\"high\" decoding=\"async\" width=\"1024\" height=\"682\" src=\"https:\/\/www.opinionpublica.tv\/portada\/wp-content\/uploads\/2026\/04\/Celebran-Dia-Internacional-de-la-Danza-con-espectaculo-en-CMA-en-Jornada-por-la-Paz-1024x682.jpeg\" alt=\"Celebran di\u0301a internacional de la danza con especta\u0301culo en cma en jornada por la paz\" class=\"wp-image-83947\" srcset=\"https:\/\/www.opinionpublica.tv\/portada\/wp-content\/uploads\/2026\/04\/Celebran-Dia-Internacional-de-la-Danza-con-espectaculo-en-CMA-en-Jornada-por-la-Paz-1024x682.jpeg 1024w, https:\/\/www.opinionpublica.tv\/portada\/wp-content\/uploads\/2026\/04\/Celebran-Dia-Internacional-de-la-Danza-con-espectaculo-en-CMA-en-Jornada-por-la-Paz-300x200.jpeg 300w, https:\/\/www.opinionpublica.tv\/portada\/wp-content\/uploads\/2026\/04\/Celebran-Dia-Internacional-de-la-Danza-con-espectaculo-en-CMA-en-Jornada-por-la-Paz-768x512.jpeg 768w, https:\/\/www.opinionpublica.tv\/portada\/wp-content\/uploads\/2026\/04\/Celebran-Dia-Internacional-de-la-Danza-con-espectaculo-en-CMA-en-Jornada-por-la-Paz-1536x1023.jpeg 1536w, https:\/\/www.opinionpublica.tv\/portada\/wp-content\/uploads\/2026\/04\/Celebran-Dia-Internacional-de-la-Danza-con-espectaculo-en-CMA-en-Jornada-por-la-Paz.jpeg 1600w\" sizes=\"(max-width: 1024px) 100vw, 1024px\" \/><\/figure>\n\n\n\n<p><em>Ciudad Ju\u00e1rez, Chih<\/em>.- En el marco del D\u00eda Internacional de la Danza y como parte de las acciones de la Jornada por la Paz, impulsada por el Gobierno de M\u00e9xico, el Instituto para la Cultura del Municipio de Ju\u00e1rez (IPACULT) llev\u00f3 a cabo el espect\u00e1culo \u201cM\u00e9xico: Entre Mares, Valles y Selvas\u201d en el Centro Municipal de las Artes (CMA).<\/p>\n\n\n\n<p>La presentaci\u00f3n tuvo lugar la ma\u00f1ana de este s\u00e1bado en el foro Maestra Claudia Chaparro, donde la Compa\u00f1\u00eda de Danza del CMA \u201cM\u00e9xico, Fiesta y Tradici\u00f3n\u201d ofreci\u00f3 una muestra esc\u00e9nica que resalt\u00f3 la riqueza cultural del pa\u00eds a trav\u00e9s del movimiento, la m\u00fasica y el color.<\/p>\n\n\n\n<p>Bajo la direcci\u00f3n de la maestra Lilia Ruvalcaba, el montaje propuso un recorrido simb\u00f3lico por distintas regiones de M\u00e9xico.<\/p>\n\n\n\n<p>El programa inici\u00f3 con una evocaci\u00f3n del misticismo ancestral del Mayab en la selva, continu\u00f3 por los valles centrales con piezas acompa\u00f1adas por violines y guitarras, y concluy\u00f3 en las costas, donde la energ\u00eda y la alegr\u00eda se reflejaron en cada coreograf\u00eda.<\/p>\n\n\n\n<p>El espect\u00e1culo present\u00f3 un mosaico de contrastes en el que el zapateado, la expresi\u00f3n corporal y las tradiciones se fusionaron para transmitir la identidad mexicana, destacando la memoria, las ra\u00edces y la diversidad cultural del pa\u00eds.<\/p>\n\n\n\n<p>La Compa\u00f1\u00eda de Danza \u201cM\u00e9xico, Fiesta y Tradici\u00f3n\u201d, con 23 a\u00f1os de trayectoria, reafirm\u00f3 su papel como un referente art\u00edstico en la regi\u00f3n. Su repertorio, que integra folclor, danza contempor\u00e1nea y zapateado espa\u00f1ol, fue interpretado por alumnos, exalumnos y miembros de la comunidad de distintas edades.<\/p>\n\n\n\n<p>Con este tipo de actividades, el Gobierno Municipal y el IPACULT fortalecen la promoci\u00f3n cultural y fomentan espacios de convivencia social, contribuyendo a la construcci\u00f3n de paz a trav\u00e9s del arte.<\/p>\n","protected":false},"excerpt":{"rendered":"<p>Ciudad Ju\u00e1rez, Chih.- En el marco del D\u00eda Internacional de la Danza y como parte de las acciones de la Jornada por la Paz, impulsada por el Gobierno de M\u00e9xico, el Instituto para la Cultura del Municipio de Ju\u00e1rez (IPACULT) llev\u00f3 a cabo el espect\u00e1culo \u201cM\u00e9xico: Entre Mares, Valles y Selvas\u201d en el Centro Municipal [&hellip;]<\/p>\n","protected":false},"author":6,"featured_media":83947,"comment_status":"closed","ping_status":"closed","sticky":false,"template":"","format":"standard","meta":{"_acf_changed":false,"_monsterinsights_skip_tracking":false,"_monsterinsights_sitenote_active":false,"_monsterinsights_sitenote_note":"","_monsterinsights_sitenote_category":0,"slim_seo":{"title":"Celebran D\u00eda Internacional de la Danza con espect\u00e1culo en CMA en Jornada por la Paz - Opini\u00f3n P\u00fablica","description":"Ciudad Ju\u00e1rez, Chih .- En el marco del D\u00eda Internacional de la Danza y como parte de las acciones de la Jornada por la Paz, impulsada por el Gobierno de M\u00e9xico,"},"footnotes":""},"categories":[41],"tags":[3157,3156,3158],"class_list":["post-83944","post","type-post","status-publish","format-standard","has-post-thumbnail","hentry","category-juarez","tag-centro-municipal-de-las-artes","tag-dia-internacional-de-la-danza","tag-jornada-por-la-paz"],"acf":[],"_links":{"self":[{"href":"https:\/\/www.opinionpublica.tv\/portada\/wp-json\/wp\/v2\/posts\/83944","targetHints":{"allow":["GET"]}}],"collection":[{"href":"https:\/\/www.opinionpublica.tv\/portada\/wp-json\/wp\/v2\/posts"}],"about":[{"href":"https:\/\/www.opinionpublica.tv\/portada\/wp-json\/wp\/v2\/types\/post"}],"author":[{"embeddable":true,"href":"https:\/\/www.opinionpublica.tv\/portada\/wp-json\/wp\/v2\/users\/6"}],"replies":[{"embeddable":true,"href":"https:\/\/www.opinionpublica.tv\/portada\/wp-json\/wp\/v2\/comments?post=83944"}],"version-history":[{"count":2,"href":"https:\/\/www.opinionpublica.tv\/portada\/wp-json\/wp\/v2\/posts\/83944\/revisions"}],"predecessor-version":[{"id":83948,"href":"https:\/\/www.opinionpublica.tv\/portada\/wp-json\/wp\/v2\/posts\/83944\/revisions\/83948"}],"wp:featuredmedia":[{"embeddable":true,"href":"https:\/\/www.opinionpublica.tv\/portada\/wp-json\/wp\/v2\/media\/83947"}],"wp:attachment":[{"href":"https:\/\/www.opinionpublica.tv\/portada\/wp-json\/wp\/v2\/media?parent=83944"}],"wp:term":[{"taxonomy":"category","embeddable":true,"href":"https:\/\/www.opinionpublica.tv\/portada\/wp-json\/wp\/v2\/categories?post=83944"},{"taxonomy":"post_tag","embeddable":true,"href":"https:\/\/www.opinionpublica.tv\/portada\/wp-json\/wp\/v2\/tags?post=83944"}],"curies":[{"name":"wp","href":"https:\/\/api.w.org\/{rel}","templated":true}]}}