{"id":83932,"date":"2026-04-26T00:01:00","date_gmt":"2026-04-26T06:01:00","guid":{"rendered":"https:\/\/www.opinionpublica.tv\/portada\/?p=83932"},"modified":"2026-04-25T20:54:12","modified_gmt":"2026-04-26T02:54:12","slug":"mercado-laboral-registra-perdida-de-116-mil-empleos-en-marzo","status":"publish","type":"post","link":"https:\/\/www.opinionpublica.tv\/portada\/mercado-laboral-registra-perdida-de-116-mil-empleos-en-marzo\/","title":{"rendered":"Mercado laboral en M\u00e9xico registr\u00f3 p\u00e9rdida de 116 mil empleos en marzo"},"content":{"rendered":"\n<figure class=\"wp-block-image size-full\"><img fetchpriority=\"high\" decoding=\"async\" width=\"347\" height=\"195\" src=\"https:\/\/www.opinionpublica.tv\/portada\/wp-content\/uploads\/2026\/04\/Mercado-laboral-en-Mexico-registro-perdida-de-116-mil-empleos-en-marzo.webp\" alt=\"Mercado laboral en me\u0301xico registro\u0301 pe\u0301rdida de 116 mil empleos en marzo\" class=\"wp-image-83937\" srcset=\"https:\/\/www.opinionpublica.tv\/portada\/wp-content\/uploads\/2026\/04\/Mercado-laboral-en-Mexico-registro-perdida-de-116-mil-empleos-en-marzo.webp 347w, https:\/\/www.opinionpublica.tv\/portada\/wp-content\/uploads\/2026\/04\/Mercado-laboral-en-Mexico-registro-perdida-de-116-mil-empleos-en-marzo-300x169.webp 300w\" sizes=\"(max-width: 347px) 100vw, 347px\" \/><\/figure>\n\n\n\n<p>En marzo, el mercado laboral en M\u00e9xico perdi\u00f3 el dinamismo que hab\u00eda tenido en febrero pues registr\u00f3 una p\u00e9rdida de 116,016 empleos, de acuerdo con datos de la Encuesta Nacional de Ocupaci\u00f3n y Empleo (ENOE) publicados este viernes.<\/p>\n\n\n\n<p>La poblaci\u00f3n ocupada pas\u00f3 de 60.2 a 60.1 millones de personas en marzo, seg\u00fan las cifras de la ENOE del Instituto Nacional de Estad\u00edstica y Geograf\u00eda. (Inegi).<\/p>\n\n\n\n<p>\u00abEstos datos muestran que sigue el deterioro en el mercado laboral\u00bb, advierte Gabriela Siller, directora de An\u00e1lisis Econ\u00f3mico y Financiero de Banco Base.<\/p>\n\n\n\n<p>En febrero pasado la actividad econ\u00f3mica del pa\u00eds impuls\u00f3 la generaci\u00f3n de empleos al crear 594,288 puestos.<\/p>\n\n\n\n<p>Con la ca\u00edda en marzo, el mercado laboral tiene un d\u00e9ficit de 227,155 empleos respecto a los reportados en el cierre del a\u00f1o pasado. Es decir, en el primer trimestre no se lograron crear m\u00e1s plazas.<\/p>\n\n\n\n<p>\u201cEl balance de la ENOE para marzo es mixto, pero con un sesgo negativo en el margen. La p\u00e9rdida de empleos rompe parcialmente la inercia de generaci\u00f3n de empleo observada a finales de 2025 e inicios de 2026&#8243;, expone Janneth Quiroz, directora de An\u00e1lisis Econ\u00f3mico, Cambiario y Burs\u00e1til de Monex.<\/p>\n\n\n\n<p>De los empleos eliminados en marzo, la mayor\u00eda fueron formales, el 88% de la p\u00e9rdida se concentr\u00f3 en la formalidad.<\/p>\n\n\n\n<p>\u201cSiguen las malas noticias del empleo formal\u201d, dijo Gonzalo Hern\u00e1ndez Licona, director del Observatorio Social del Centro de Estudios Espinosa Yglesias (CEEY).<\/p>\n\n\n\n<p>La tasa de informalidad, creci\u00f3 de 54.76% a 54.85% en marzo pasado para abarcar a 32.99 millones de personas.<\/p>\n\n\n\n<p>\u201cPreocupa la calidad del empleo, ya que se percibe una recomposici\u00f3n hacia ocupaciones m\u00e1s precarias o informales, lo que diluye el impacto positivo que pudiera tener la creaci\u00f3n de empleo en t\u00e9rminos de ingreso y consumo\u201d, opina Quiroz.<\/p>\n\n\n\n<p>\u201cEste deterioro en el mercado laboral al cierre del primer trimestre de 2026 confirma que M\u00e9xico sigue atrapado en un ciclo de baja eficiencia mientras la tendencia de informalizaci\u00f3n no se revierta\u201d, explica Siller.<\/p>\n\n\n\n<p>Mientras que la tasa de desempleo se redujo de 2.5% a 2.4%, la cifra m\u00e1s baja del primer trimestre del a\u00f1o. Esta disminuci\u00f3n se debi\u00f3 a una contracci\u00f3n de 106,000 personas en la poblaci\u00f3n desocupada.<\/p>\n\n\n\n<p>Por otra parte, la Poblaci\u00f3n Econ\u00f3micamente Activa (PEA) disminuy\u00f3 en 222,000, y alcanz\u00f3 61.6 millones de personas.<\/p>\n\n\n\n<p>En el panorama para el resto del a\u00f1o, existe el riesgo de que las empresas disminuyan sus contrataciones si sus costos se vuelven insostenibles en la antesala para reducir la jornada laboral paulatinamente y si no hay un repunte de la inversi\u00f3n, a\u00f1ade Siller.<\/p>\n\n\n\n<p>La tasa de subocupaci\u00f3n retrocedi\u00f3 a 6.7% en marzo, una disminuci\u00f3n mensual de 0.2 puntos porcentuales, abarcando a 4.04 millones de personas. En esta condici\u00f3n se encuentran las personas que tienen la necesidad de ofrecer m\u00e1s horas que las que el mercado laboral les garantiza.<\/p>\n\n\n\n<p>Cae n\u00famero de trabajadores independientes en marzo<\/p>\n\n\n\n<p>El trabajo subordinado mostr\u00f3 buen dinamismo con un incremento de 83,354 puestos al pasar de 41.4 millones a 41.5 millones de personas.<\/p>\n\n\n\n<p>Aunque en febrero los trabajadores por cuenta propia contribuyeron al dinamismo del empleo, en marzo esta poblaci\u00f3n tuvo un descenso.<\/p>\n\n\n\n<p>La cifra de trabajadores por cuenta propia o independientes tambi\u00e9n disminuy\u00f3 de 13.7 millones de personas a 13.5 millones, es decir, se redujeron 230,230 puestos.<\/p>\n\n\n\n<p>Por su parte, la cifra de empleadores en el pa\u00eds tuvo un ligero incremento de 56,874 al pasar de 31.6 millones a 32.22 millones de generadores de empleo.<\/p>\n\n\n\n<p>El sector de los trabajadores no remunerados baj\u00f3 de en 26,014 personas, se contrajo de 1.91 millones a 1.89 millones.<\/p>\n\n\n\n<p>Por sectores de actividad econ\u00f3mica, el terciario y el primario registraron en marzo incrementos en el n\u00famero de empleos. As\u00ed, las actividades terciarias o servicios tuvieron 240,478 nuevos puestos y las primarias o agr\u00edcolas 112,294 empleos. El sector secundario tuvo 551,054 plazas menos respecto a febrero.<\/p>\n\n\n\n<p><em>Con informaci\u00f3n de El Economista<\/em>.<\/p>\n","protected":false},"excerpt":{"rendered":"<p>En marzo, el mercado laboral en M\u00e9xico perdi\u00f3 el dinamismo que hab\u00eda tenido en febrero pues registr\u00f3 una p\u00e9rdida de 116,016 empleos, de acuerdo con datos de la Encuesta Nacional de Ocupaci\u00f3n y Empleo (ENOE) publicados este viernes. La poblaci\u00f3n ocupada pas\u00f3 de 60.2 a 60.1 millones de personas en marzo, seg\u00fan las cifras de [&hellip;]<\/p>\n","protected":false},"author":6,"featured_media":83937,"comment_status":"closed","ping_status":"closed","sticky":false,"template":"","format":"standard","meta":{"_acf_changed":false,"_monsterinsights_skip_tracking":false,"_monsterinsights_sitenote_active":false,"_monsterinsights_sitenote_note":"","_monsterinsights_sitenote_category":0,"slim_seo":{"title":"Mercado laboral en M\u00e9xico registr\u00f3 p\u00e9rdida de 116 mil empleos en marzo - Opini\u00f3n P\u00fablica","description":"En marzo, el mercado laboral en M\u00e9xico perdi\u00f3 el dinamismo que hab\u00eda tenido en febrero pues registr\u00f3 una p\u00e9rdida de 116,016 empleos, de acuerdo con datos de la"},"footnotes":""},"categories":[3],"tags":[1145,224,2048],"class_list":["post-83932","post","type-post","status-publish","format-standard","has-post-thumbnail","hentry","category-principal","tag-empleo","tag-inegi","tag-mercado-laboral"],"acf":[],"_links":{"self":[{"href":"https:\/\/www.opinionpublica.tv\/portada\/wp-json\/wp\/v2\/posts\/83932","targetHints":{"allow":["GET"]}}],"collection":[{"href":"https:\/\/www.opinionpublica.tv\/portada\/wp-json\/wp\/v2\/posts"}],"about":[{"href":"https:\/\/www.opinionpublica.tv\/portada\/wp-json\/wp\/v2\/types\/post"}],"author":[{"embeddable":true,"href":"https:\/\/www.opinionpublica.tv\/portada\/wp-json\/wp\/v2\/users\/6"}],"replies":[{"embeddable":true,"href":"https:\/\/www.opinionpublica.tv\/portada\/wp-json\/wp\/v2\/comments?post=83932"}],"version-history":[{"count":3,"href":"https:\/\/www.opinionpublica.tv\/portada\/wp-json\/wp\/v2\/posts\/83932\/revisions"}],"predecessor-version":[{"id":83938,"href":"https:\/\/www.opinionpublica.tv\/portada\/wp-json\/wp\/v2\/posts\/83932\/revisions\/83938"}],"wp:featuredmedia":[{"embeddable":true,"href":"https:\/\/www.opinionpublica.tv\/portada\/wp-json\/wp\/v2\/media\/83937"}],"wp:attachment":[{"href":"https:\/\/www.opinionpublica.tv\/portada\/wp-json\/wp\/v2\/media?parent=83932"}],"wp:term":[{"taxonomy":"category","embeddable":true,"href":"https:\/\/www.opinionpublica.tv\/portada\/wp-json\/wp\/v2\/categories?post=83932"},{"taxonomy":"post_tag","embeddable":true,"href":"https:\/\/www.opinionpublica.tv\/portada\/wp-json\/wp\/v2\/tags?post=83932"}],"curies":[{"name":"wp","href":"https:\/\/api.w.org\/{rel}","templated":true}]}}