{"id":83927,"date":"2026-04-26T00:01:00","date_gmt":"2026-04-26T06:01:00","guid":{"rendered":"https:\/\/www.opinionpublica.tv\/portada\/?p=83927"},"modified":"2026-04-25T20:29:01","modified_gmt":"2026-04-26T02:29:01","slug":"sheinbaum-se-pronuncia-ante-tiroteo-en-cena-de-trump-con-periodistas-en-washington","status":"publish","type":"post","link":"https:\/\/www.opinionpublica.tv\/portada\/sheinbaum-se-pronuncia-ante-tiroteo-en-cena-de-trump-con-periodistas-en-washington\/","title":{"rendered":"Sheinbaum se pronuncia ante tiroteo en cena de Trump con periodistas en Washington"},"content":{"rendered":"\n<figure class=\"wp-block-image size-large\"><img fetchpriority=\"high\" decoding=\"async\" width=\"1024\" height=\"611\" src=\"https:\/\/www.opinionpublica.tv\/portada\/wp-content\/uploads\/2026\/04\/Sheinbaum-se-pronuncia-ante-tiroteo-en-cena-de-Trump-con-periodistas-en-Washington-1024x611.avif\" alt=\"Sheinbaum se pronuncia ante tiroteo en cena de trump con periodistas en washington\" class=\"wp-image-83930\" srcset=\"https:\/\/www.opinionpublica.tv\/portada\/wp-content\/uploads\/2026\/04\/Sheinbaum-se-pronuncia-ante-tiroteo-en-cena-de-Trump-con-periodistas-en-Washington-1024x611.avif 1024w, https:\/\/www.opinionpublica.tv\/portada\/wp-content\/uploads\/2026\/04\/Sheinbaum-se-pronuncia-ante-tiroteo-en-cena-de-Trump-con-periodistas-en-Washington-300x179.avif 300w, https:\/\/www.opinionpublica.tv\/portada\/wp-content\/uploads\/2026\/04\/Sheinbaum-se-pronuncia-ante-tiroteo-en-cena-de-Trump-con-periodistas-en-Washington-768x458.avif 768w, https:\/\/www.opinionpublica.tv\/portada\/wp-content\/uploads\/2026\/04\/Sheinbaum-se-pronuncia-ante-tiroteo-en-cena-de-Trump-con-periodistas-en-Washington.avif 1116w\" sizes=\"(max-width: 1024px) 100vw, 1024px\" \/><\/figure>\n\n\n\n<p>La presidenta de M\u00e9xico, Claudia Sheinbaum Pardo, conden\u00f3 la violencia y env\u00edo un mensaje al presidente de Estados Unidos, Donald Trump, luego de que fue retirado de la cena anual de corresponsales de la Casa Blanca, a causa de la detonaci\u00f3n de disparos.<\/p>\n\n\n\n<p>\u00abQu\u00e9 bueno que el presidente Trump y su esposa se encuentren bien, tras los recientes acontecimientos\u00bb, expres\u00f3 a trav\u00e9s de X.<\/p>\n\n\n\n<p>\u00abLe enviamos nuestro respeto. La violencia no debe ser nunca el camino\u00bb agreg\u00f3.<\/p>\n\n\n\n<p>Trump y funcionarios estadounidenses fueron evacuados de dicho evento celebrado en el Hotel Hilton, tras registrarse detonaciones.<\/p>\n\n\n\n<p>De acuerdo con la informaci\u00f3n, el Servicio Secreto y otras autoridades rodearon el sal\u00f3n de banquetes mientras los invitados trataban de resguardarse.<\/p>\n\n\n\n<p><em>Con informaci\u00f3n de El Universal<\/em>.<\/p>\n","protected":false},"excerpt":{"rendered":"<p>La presidenta de M\u00e9xico, Claudia Sheinbaum Pardo, conden\u00f3 la violencia y env\u00edo un mensaje al presidente de Estados Unidos, Donald Trump, luego de que fue retirado de la cena anual de corresponsales de la Casa Blanca, a causa de la detonaci\u00f3n de disparos. \u00abQu\u00e9 bueno que el presidente Trump y su esposa se encuentren bien, [&hellip;]<\/p>\n","protected":false},"author":6,"featured_media":83930,"comment_status":"closed","ping_status":"closed","sticky":false,"template":"","format":"standard","meta":{"_acf_changed":false,"_monsterinsights_skip_tracking":false,"_monsterinsights_sitenote_active":false,"_monsterinsights_sitenote_note":"","_monsterinsights_sitenote_category":0,"slim_seo":{"title":"Sheinbaum se pronuncia ante tiroteo en cena de Trump con periodistas en Washington - Opini\u00f3n P\u00fablica","description":"La presidenta de M\u00e9xico, Claudia Sheinbaum Pardo, conden\u00f3 la violencia y env\u00edo un mensaje al presidente de Estados Unidos, Donald Trump, luego de que fue retira"},"footnotes":""},"categories":[4],"tags":[307,102,3154],"class_list":["post-83927","post","type-post","status-publish","format-standard","has-post-thumbnail","hentry","category-pulsopolitico","tag-claudia-sheinbaum","tag-donald-trump","tag-tiroteo-washington"],"acf":[],"_links":{"self":[{"href":"https:\/\/www.opinionpublica.tv\/portada\/wp-json\/wp\/v2\/posts\/83927","targetHints":{"allow":["GET"]}}],"collection":[{"href":"https:\/\/www.opinionpublica.tv\/portada\/wp-json\/wp\/v2\/posts"}],"about":[{"href":"https:\/\/www.opinionpublica.tv\/portada\/wp-json\/wp\/v2\/types\/post"}],"author":[{"embeddable":true,"href":"https:\/\/www.opinionpublica.tv\/portada\/wp-json\/wp\/v2\/users\/6"}],"replies":[{"embeddable":true,"href":"https:\/\/www.opinionpublica.tv\/portada\/wp-json\/wp\/v2\/comments?post=83927"}],"version-history":[{"count":2,"href":"https:\/\/www.opinionpublica.tv\/portada\/wp-json\/wp\/v2\/posts\/83927\/revisions"}],"predecessor-version":[{"id":83931,"href":"https:\/\/www.opinionpublica.tv\/portada\/wp-json\/wp\/v2\/posts\/83927\/revisions\/83931"}],"wp:featuredmedia":[{"embeddable":true,"href":"https:\/\/www.opinionpublica.tv\/portada\/wp-json\/wp\/v2\/media\/83930"}],"wp:attachment":[{"href":"https:\/\/www.opinionpublica.tv\/portada\/wp-json\/wp\/v2\/media?parent=83927"}],"wp:term":[{"taxonomy":"category","embeddable":true,"href":"https:\/\/www.opinionpublica.tv\/portada\/wp-json\/wp\/v2\/categories?post=83927"},{"taxonomy":"post_tag","embeddable":true,"href":"https:\/\/www.opinionpublica.tv\/portada\/wp-json\/wp\/v2\/tags?post=83927"}],"curies":[{"name":"wp","href":"https:\/\/api.w.org\/{rel}","templated":true}]}}