{"id":83911,"date":"2026-04-26T00:01:00","date_gmt":"2026-04-26T06:01:00","guid":{"rendered":"https:\/\/www.opinionpublica.tv\/portada\/?p=83911"},"modified":"2026-04-25T19:32:08","modified_gmt":"2026-04-26T01:32:08","slug":"nadie-sabe-para-quien-trabaja","status":"publish","type":"post","link":"https:\/\/www.opinionpublica.tv\/portada\/nadie-sabe-para-quien-trabaja\/","title":{"rendered":"Nadie sabe para qui\u00e9n trabaja"},"content":{"rendered":"\n<h4 class=\"wp-block-heading\">Jos\u00e9 Woldenberg<\/h4>\n\n\n\n<p>___________________________<\/p>\n\n\n\n<p>La agresi\u00f3n estadounidense-israel\u00ed contra Ir\u00e1n no solo ha destruido buena parte de su infraestructura militar, asesinado a poblaci\u00f3n civil, afectado de manera considerable la circulaci\u00f3n del petr\u00f3leo e impactado a la econom\u00eda del mundo, sino que adem\u00e1s ayud\u00f3 a fortalecer al grupo gobernante y debilit\u00f3 a la oposici\u00f3n interna que en los \u00faltimos meses se hab\u00eda manifestado con fuerza.<\/p>\n\n\n\n<p>Desde fines de 2025 nos enteramos de potentes movilizaciones clamando por el fin de la teocracia, la exigencia de libertades y sobre todo el rechazo al uso obligatorio del hiyab por parte de las mujeres. Otro de los acicates era una crisis econ\u00f3mica que mermaba las condiciones materiales de vida.<\/p>\n\n\n\n<p>Fuimos espectadores de escenas varias en las cuales las mujeres quemaban sus velos y de marchas imponentes de protesta. Tambi\u00e9n de una represi\u00f3n brutal que dej\u00f3 una estela de muertos, heridos y encarcelados. Diferentes fuentes hablan de decenas de miles. Las protestas sin embargo parec\u00edan crecer y no eran pocos los que clamaban por el fin del liderazgo de Ali Jamenei.<\/p>\n\n\n\n<p>Pues bien, el estado de guerra pr\u00e1cticamente ha borrado del escenario esas expresiones y la c\u00fapula dirigente se ha cohesionado para hacer frente al enemigo externo. Hay muchos indicios de que la Rep\u00fablica Isl\u00e1mica de Ir\u00e1n, nacida en 1979, a la ca\u00edda del Sha, ha perdido en forma acelerada apoyo popular, pero la embestida estadounidense-israel\u00ed parad\u00f3jicamente logr\u00f3, al parecer, unificar a la direcci\u00f3n y desactivar a la oposici\u00f3n interna.<\/p>\n\n\n\n<p>Todav\u00eda recuerdo c\u00f3mo en 1979, desde la izquierda, se festejaba el desplome del r\u00e9gimen autoritario de Reza Pahlev\u00ed, porque en su hundimiento hab\u00eda colaborado una amplia convergencia de socialistas, laicos, comunistas, nacionalistas y por supuesto los ayatolas.<\/p>\n\n\n\n<p>Muy pronto, sin embargo, fue claro que la corriente hegem\u00f3nica era la religiosa que inici\u00f3 una aut\u00e9ntica cacer\u00eda de todos aquellos que no compart\u00edan su credo. El Ayatola Jomeini, fundador de esa rep\u00fablica isl\u00e1mica, edific\u00f3 un poderoso aparato de coerci\u00f3n, destruy\u00f3 cualquier agrupaci\u00f3n independiente, fusion\u00f3 y subordin\u00f3 al poder pol\u00edtico al religioso, y no es exagerado decir que impuso un r\u00e9gimen de terror.<\/p>\n\n\n\n<p>\u201cLas mujeres perdieron el derecho al voto y fueron obligadas a usar el velo en los espacios p\u00fablicos. Se redujo la edad m\u00ednima en las mujeres para contraer matrimonio de los 18 a los 9 a\u00f1os\u2026 se legaliz\u00f3 la ejecuci\u00f3n por lapidaci\u00f3n para casos de adulterio\u2026 Para castigar a los ladrones se autoriz\u00f3 la amputaci\u00f3n de dedos y manos. Los alcoh\u00f3licos y homosexuales fueron azotados\u2026 Junto al cierre de muchas universidades, las bibliotecas fueron purgadas de miles de t\u00edtulos blasfemos\u2026 y sus autores encarcelados o ejecutados\u2026 Se prohibieron los cines, bares y los radios y televisoras que difundieran m\u00fasica o pel\u00edculas occidentales\u201d (Ariel Gonz\u00e1lez. \u201cLa fascinaci\u00f3n por los Ayatolas y otras historias persas\u201d, El Cultural. 18-04-26).<\/p>\n\n\n\n<p>Ni los grupos \u201creformistas\u201d que llegaron a triunfar en algunas elecciones presidenciales (presidencia subordinada al mando clerical), ni recias y masivas movilizaciones opositoras en 1999, 2009 o 2017-2018, lograron siquiera abrir un poco la cerraz\u00f3n del r\u00e9gimen. Fueron reprimidas sin contemplaciones porque seg\u00fan ellos encarnan la voluntad divina.<\/p>\n\n\n\n<p>Pues bien, las movilizaciones que observamos en los \u00faltimos meses, y que en no pocos fomentaron optimismo, parecen ser un nuevo episodio clausurado por la guerra.<\/p>\n\n\n\n<p>Un aut\u00e9ntico bumer\u00e1n para las aspiraciones de una cierta apertura.<\/p>\n","protected":false},"excerpt":{"rendered":"<p>Jos\u00e9 Woldenberg ___________________________ La agresi\u00f3n estadounidense-israel\u00ed contra Ir\u00e1n no solo ha destruido buena parte de su infraestructura militar, asesinado a poblaci\u00f3n civil, afectado de manera considerable la circulaci\u00f3n del petr\u00f3leo e impactado a la econom\u00eda del mundo, sino que adem\u00e1s ayud\u00f3 a fortalecer al grupo gobernante y debilit\u00f3 a la oposici\u00f3n interna que en los [&hellip;]<\/p>\n","protected":false},"author":6,"featured_media":43694,"comment_status":"closed","ping_status":"closed","sticky":false,"template":"","format":"standard","meta":{"_acf_changed":false,"_monsterinsights_skip_tracking":false,"_monsterinsights_sitenote_active":false,"_monsterinsights_sitenote_note":"","_monsterinsights_sitenote_category":0,"slim_seo":{"title":"Nadie sabe para qui\u00e9n trabaja - Opini\u00f3n P\u00fablica","description":"Jos\u00e9 Woldenberg ___________________________ La agresi\u00f3n estadounidense-israel\u00ed contra Ir\u00e1n no solo ha destruido buena parte de su infraestructura militar, asesi"},"footnotes":""},"categories":[26],"tags":[782],"class_list":["post-83911","post","type-post","status-publish","format-standard","has-post-thumbnail","hentry","category-de-chile-dulce-y-manteca-columna-invitada","tag-jose-woldenberg"],"acf":[],"_links":{"self":[{"href":"https:\/\/www.opinionpublica.tv\/portada\/wp-json\/wp\/v2\/posts\/83911","targetHints":{"allow":["GET"]}}],"collection":[{"href":"https:\/\/www.opinionpublica.tv\/portada\/wp-json\/wp\/v2\/posts"}],"about":[{"href":"https:\/\/www.opinionpublica.tv\/portada\/wp-json\/wp\/v2\/types\/post"}],"author":[{"embeddable":true,"href":"https:\/\/www.opinionpublica.tv\/portada\/wp-json\/wp\/v2\/users\/6"}],"replies":[{"embeddable":true,"href":"https:\/\/www.opinionpublica.tv\/portada\/wp-json\/wp\/v2\/comments?post=83911"}],"version-history":[{"count":2,"href":"https:\/\/www.opinionpublica.tv\/portada\/wp-json\/wp\/v2\/posts\/83911\/revisions"}],"predecessor-version":[{"id":83914,"href":"https:\/\/www.opinionpublica.tv\/portada\/wp-json\/wp\/v2\/posts\/83911\/revisions\/83914"}],"wp:featuredmedia":[{"embeddable":true,"href":"https:\/\/www.opinionpublica.tv\/portada\/wp-json\/wp\/v2\/media\/43694"}],"wp:attachment":[{"href":"https:\/\/www.opinionpublica.tv\/portada\/wp-json\/wp\/v2\/media?parent=83911"}],"wp:term":[{"taxonomy":"category","embeddable":true,"href":"https:\/\/www.opinionpublica.tv\/portada\/wp-json\/wp\/v2\/categories?post=83911"},{"taxonomy":"post_tag","embeddable":true,"href":"https:\/\/www.opinionpublica.tv\/portada\/wp-json\/wp\/v2\/tags?post=83911"}],"curies":[{"name":"wp","href":"https:\/\/api.w.org\/{rel}","templated":true}]}}