{"id":83908,"date":"2026-04-26T00:01:00","date_gmt":"2026-04-26T06:01:00","guid":{"rendered":"https:\/\/www.opinionpublica.tv\/portada\/?p=83908"},"modified":"2026-04-25T19:29:00","modified_gmt":"2026-04-26T01:29:00","slug":"efemerides-26-de-abril-un-dia-como-hoy-en-la-historia","status":"publish","type":"post","link":"https:\/\/www.opinionpublica.tv\/portada\/efemerides-26-de-abril-un-dia-como-hoy-en-la-historia\/","title":{"rendered":"Efem\u00e9rides 26 de abril | Un d\u00eda como hoy en la historia&#8230;"},"content":{"rendered":"\n<p><em>Un d\u00eda 26 de abril como hoy, pero de 1986, la explosi\u00f3n de un reactor en Chern\u00f3bil, en Ucrania, causa el mayor accidente nuclear de la historia, junto al registrado en Fukushima, en Jap\u00f3n, en 2011<\/em>.<\/p>\n\n\n\n<figure class=\"wp-block-image size-full\"><img fetchpriority=\"high\" decoding=\"async\" width=\"976\" height=\"549\" src=\"https:\/\/www.opinionpublica.tv\/portada\/wp-content\/uploads\/2026\/04\/1986-la-explosion-de-un-reactor-en-Chernobil-en-Ucrania-causa-el-mayor-accidente-nuclear-de-la-historia.jpg\" alt=\"1986, la explosio\u0301n de un reactor en cherno\u0301bil, en ucrania, causa el mayor accidente nuclear de la historia\" class=\"wp-image-83909\" srcset=\"https:\/\/www.opinionpublica.tv\/portada\/wp-content\/uploads\/2026\/04\/1986-la-explosion-de-un-reactor-en-Chernobil-en-Ucrania-causa-el-mayor-accidente-nuclear-de-la-historia.jpg 976w, https:\/\/www.opinionpublica.tv\/portada\/wp-content\/uploads\/2026\/04\/1986-la-explosion-de-un-reactor-en-Chernobil-en-Ucrania-causa-el-mayor-accidente-nuclear-de-la-historia-300x169.jpg 300w, https:\/\/www.opinionpublica.tv\/portada\/wp-content\/uploads\/2026\/04\/1986-la-explosion-de-un-reactor-en-Chernobil-en-Ucrania-causa-el-mayor-accidente-nuclear-de-la-historia-768x432.jpg 768w\" sizes=\"(max-width: 976px) 100vw, 976px\" \/><\/figure>\n\n\n\n<p><strong>Otras efem\u00e9rides<\/strong><\/p>\n\n\n\n<p>1544.- El capit\u00e1n espa\u00f1ol Domingo Mart\u00ednez de Irala es proclamado Gobernador de Paraguay.<\/p>\n\n\n\n<p>1828.- Rusia declara la guerra a Turqu\u00eda por una supuesta violaci\u00f3n del tratado de Ackermann.<\/p>\n\n\n\n<p>1845.- Empieza a publicarse \u00abEl Paraguayo Independiente\u00bb, primer peri\u00f3dico impreso en Paraguay.<\/p>\n\n\n\n<p>1860.- Se firma el tratado de Wad-Ras, que pone fin a la guerra en \u00c1frica entre Espa\u00f1a y Marruecos.<\/p>\n\n\n\n<p>1915.- I Guerra Mundial: los aliados e Italia llegan a un acuerdo secreto por el que los primeros ofrecen a la segunda compensaciones territoriales si declara la guerra a Austria.<\/p>\n\n\n\n<p>1925.- Los alemanes eligen presidente de la Rep\u00fablica al mariscal Paul von Hindenburg.<\/p>\n\n\n\n<p>1936.- El Frente Popular vence en las elecciones de Francia.<\/p>\n\n\n\n<p>1937.- Guerra Civil espa\u00f1ola: La Legi\u00f3n C\u00f3ndor alemana bombardea la poblaci\u00f3n vasca de Gernika.<\/p>\n\n\n\n<p>1962.- La sonda lunar Ranger IV impacta en la cara oculta de la Luna, en lo que fue la primera llegada de una nave espacial estadounidense a otro cuerpo celeste. No envi\u00f3 im\u00e1genes por un fallo t\u00e9cnico.<\/p>\n\n\n\n<p>1973.- Paraguay y Brasil firman el tratado que permite la construcci\u00f3n de la central hidroel\u00e9ctrica de Itaip\u00fa, la m\u00e1s potente del mundo, en el r\u00edo Paran\u00e1, l\u00edmite entre ambos pa\u00edses.<\/p>\n\n\n\n<p>1977.- Abre sus puertas \u00abStudio 54\u00bb, el mundialmente famoso club nocturno de Nueva York, que cerrar\u00eda el 4 de febrero de 1980.<\/p>\n\n\n\n<p>1990.- Carlos Pizarro, candidato a la presidencia de Colombia muere asesinado por el movimiento 19 de abril (M-19).<\/p>\n\n\n\n<p>1991.- El Alto Comisionado de las Naciones Unidas para los Refugiados (ACNUR) es distinguido con el Premio Pr\u00edncipe de Asturias de Cooperaci\u00f3n Internacional.<\/p>\n\n\n\n<p>1998.- En Ciudad de Guatemala, el obispo Juan Gerardi es asesinado, dos d\u00edas despu\u00e9s de la publicaci\u00f3n del informe Recuperaci\u00f3n de la Memoria Hist\u00f3rica (REMHI), un recuento sobre las atrocidades cometidas durante la guerra civil que dur\u00f3 36 a\u00f1os.<\/p>\n\n\n\n<p>2002.- Chile y la Uni\u00f3n Europea alcanzan un acuerdo de asociaci\u00f3n y libre comercio.<\/p>\n\n\n\n<p>2008.- Es liberado el pesquero espa\u00f1ol \u00abPlaya de Bakio\u00bb, secuestrado seis d\u00edas antes por piratas en aguas de Somalia.<\/p>\n\n\n\n<p>2009.- Rafael Correa gana la reelecci\u00f3n presidencial de Ecuador.<\/p>\n\n\n\n<p>2010.- El exdictador paname\u00f1o Manuel Antonio Noriega es extraditado a Francia tras pasar veinte a\u00f1os encarcelado en EEUU.<\/p>\n\n\n\n<p>2012.- El Tribunal Especial de Sierra Leona (TESL) declara culpable de cr\u00edmenes de guerra y lesa humanidad al expresidente liberiano Charles Taylor.<\/p>\n\n\n\n<p>2012.- El Senado argentino aprueba la expropiaci\u00f3n del grueso de acciones de Repsol en YPF.<\/p>\n\n\n\n<p>2016.- Pablo Neruda es enterrado definitivamente en su casa de Isla Negra, tres a\u00f1os despu\u00e9s de su exhumaci\u00f3n para averiguar si hab\u00eda sido asesinado.<\/p>\n\n\n\n<p>2017.- Venezuela anuncia que dejar\u00e1 la OEA por convocarse una reuni\u00f3n de cancilleres sin su aval.<\/p>\n\n\n\n<p>2018.- El c\u00f3mico Bill Cosby es declarado culpable de tres delitos de agresi\u00f3n sexual.<\/p>\n\n\n\n<p>2018.- El \u00e9xito global \u00abDespacito\u00bb se alza como el gran triunfador en los Premios Billboard de la M\u00fasica Latina, recibiendo sus int\u00e9rpretes, Luis Fonsi, Daddy Yankee y Justin Bieber, sendos galardones.<\/p>\n\n\n\n<p>2019.- El estreno de \u00abAvengers: Endgame\u00bb supera al de Avatar, logrando r\u00e9cord de taquilla mundial.<\/p>\n\n\n\n<p>2020.- Arabia Saud\u00ed elimina la pena de muerte para menores de edad.<\/p>\n\n\n\n<p>2023.- La actriz Meryl Streep es distinguida con el Premio Princesa de Asturias de las Artes.<\/p>\n\n\n\n<p><strong>Nacimientos<\/strong><\/p>\n\n\n\n<p>1564.- William Shakespeare, dramaturgo ingl\u00e9s.<\/p>\n\n\n\n<p>1798.- Eugenio Delacroix, pintor franc\u00e9s.<\/p>\n\n\n\n<p>1889.- Ludwig Wittgenstein, fil\u00f3sofo austriaco.<\/p>\n\n\n\n<p>1894.- Rudolf Hess, militar y pol\u00edtico alem\u00e1n.<\/p>\n\n\n\n<p>1898.- Vicente Aleixandre, poeta espa\u00f1ol, Premio Nobel 1977.<\/p>\n\n\n\n<p>1906.- Jos\u00e9 Mar\u00eda de Llanos, jesuita espa\u00f1ol, comprometido con la causa de los pobres.<\/p>\n\n\n\n<p>1916.- Morris West, escritor australiano.<\/p>\n\n\n\n<p>1932.- Manolo Zarzo, actor espa\u00f1ol.<\/p>\n\n\n\n<p>1949.- Carlos Bianchi, jugador y entrenador de f\u00fatbol, argentino.<\/p>\n\n\n\n<p>1951.- Tito Valverde, actor espa\u00f1ol.<\/p>\n\n\n\n<p>1956.- Imanol Arias, actor espa\u00f1ol.<\/p>\n\n\n\n<p>1962.- Mar\u00eda del Monte, cantante espa\u00f1ola.<\/p>\n\n\n\n<p>1970.- Melania Trump, exmodelo y primera dama estadounidense.<\/p>\n\n\n\n<p>1972.- \u00abKiko\u00bb Narv\u00e1ez, futbolista y comentarista espa\u00f1ol.<\/p>\n\n\n\n<p>1988.- Macarena Garc\u00eda, actriz espa\u00f1ola.<\/p>\n\n\n\n<p><strong>Defunciones<\/strong><\/p>\n\n\n\n<p>1910.- Bjornstjerne Bjornson, escritor noruego, Premio Nobel de Literatura.<\/p>\n\n\n\n<p>1946.- Hermann A. Keyserling, fil\u00f3sofo alem\u00e1n.<\/p>\n\n\n\n<p>1984.- Count Basie, m\u00fasico de jazz estadounidense.<\/p>\n\n\n\n<p>1989.- Lucille Ball, actriz estadounidense.<\/p>\n\n\n\n<p>1994.- Estanislao de Aranzadi, editor espa\u00f1ol de legislaci\u00f3n.<\/p>\n\n\n\n<p>2005.- Augusto Roa Bastos, escritor paraguayo.<\/p>\n\n\n\n<p>2017.- Jonathan Demme, director de cine estadounidense.<\/p>\n","protected":false},"excerpt":{"rendered":"<p>Un d\u00eda 26 de abril como hoy, pero de 1986, la explosi\u00f3n de un reactor en Chern\u00f3bil, en Ucrania, causa el mayor accidente nuclear de la historia, junto al registrado en Fukushima, en Jap\u00f3n, en 2011. Otras efem\u00e9rides 1544.- El capit\u00e1n espa\u00f1ol Domingo Mart\u00ednez de Irala es proclamado Gobernador de Paraguay. 1828.- Rusia declara la [&hellip;]<\/p>\n","protected":false},"author":6,"featured_media":83909,"comment_status":"closed","ping_status":"closed","sticky":false,"template":"","format":"standard","meta":{"_acf_changed":false,"_monsterinsights_skip_tracking":false,"_monsterinsights_sitenote_active":false,"_monsterinsights_sitenote_note":"","_monsterinsights_sitenote_category":0,"slim_seo":{"title":"Efem\u00e9rides 26 de abril | Un d\u00eda como hoy en la historia... - Opini\u00f3n P\u00fablica","description":"Un d\u00eda 26 de abril como hoy, pero de 1986, la explosi\u00f3n de un reactor en Chern\u00f3bil, en Ucrania, causa el mayor accidente nuclear de la historia, junto al regist"},"footnotes":""},"categories":[27],"tags":[3144,3143],"class_list":["post-83908","post","type-post","status-publish","format-standard","has-post-thumbnail","hentry","category-un-dia-como-hoy","tag-chernobil","tag-efemerides-26-de-abril"],"acf":[],"_links":{"self":[{"href":"https:\/\/www.opinionpublica.tv\/portada\/wp-json\/wp\/v2\/posts\/83908","targetHints":{"allow":["GET"]}}],"collection":[{"href":"https:\/\/www.opinionpublica.tv\/portada\/wp-json\/wp\/v2\/posts"}],"about":[{"href":"https:\/\/www.opinionpublica.tv\/portada\/wp-json\/wp\/v2\/types\/post"}],"author":[{"embeddable":true,"href":"https:\/\/www.opinionpublica.tv\/portada\/wp-json\/wp\/v2\/users\/6"}],"replies":[{"embeddable":true,"href":"https:\/\/www.opinionpublica.tv\/portada\/wp-json\/wp\/v2\/comments?post=83908"}],"version-history":[{"count":1,"href":"https:\/\/www.opinionpublica.tv\/portada\/wp-json\/wp\/v2\/posts\/83908\/revisions"}],"predecessor-version":[{"id":83910,"href":"https:\/\/www.opinionpublica.tv\/portada\/wp-json\/wp\/v2\/posts\/83908\/revisions\/83910"}],"wp:featuredmedia":[{"embeddable":true,"href":"https:\/\/www.opinionpublica.tv\/portada\/wp-json\/wp\/v2\/media\/83909"}],"wp:attachment":[{"href":"https:\/\/www.opinionpublica.tv\/portada\/wp-json\/wp\/v2\/media?parent=83908"}],"wp:term":[{"taxonomy":"category","embeddable":true,"href":"https:\/\/www.opinionpublica.tv\/portada\/wp-json\/wp\/v2\/categories?post=83908"},{"taxonomy":"post_tag","embeddable":true,"href":"https:\/\/www.opinionpublica.tv\/portada\/wp-json\/wp\/v2\/tags?post=83908"}],"curies":[{"name":"wp","href":"https:\/\/api.w.org\/{rel}","templated":true}]}}