{"id":83903,"date":"2026-04-26T00:01:00","date_gmt":"2026-04-26T06:01:00","guid":{"rendered":"https:\/\/www.opinionpublica.tv\/portada\/?p=83903"},"modified":"2026-04-25T19:16:46","modified_gmt":"2026-04-26T01:16:46","slug":"video-el-evangelio-de-hoy-domingo-26-de-abril-de-2026","status":"publish","type":"post","link":"https:\/\/www.opinionpublica.tv\/portada\/video-el-evangelio-de-hoy-domingo-26-de-abril-de-2026\/","title":{"rendered":"Video: Evangelio de hoy | Domingo 26 de abril 2026"},"content":{"rendered":"\n<p><a href=\"https:\/\/www.youtube.com\/@RedCatolicaOfi\"><\/a><\/p>\n\n\n\n<figure class=\"wp-block-embed is-type-video is-provider-youtube wp-block-embed-youtube wp-embed-aspect-16-9 wp-has-aspect-ratio\"><div class=\"wp-block-embed__wrapper\">\n<iframe title=\"Evangelio de Hoy Domingo 26 de Abril de 2026 | REFLEXI\u00d3N | Red Catolica\" width=\"800\" height=\"450\" src=\"https:\/\/www.youtube.com\/embed\/qJGKe1L9y8s?feature=oembed\" frameborder=\"0\" allow=\"accelerometer; autoplay; clipboard-write; encrypted-media; gyroscope; picture-in-picture; web-share\" referrerpolicy=\"strict-origin-when-cross-origin\" allowfullscreen><\/iframe>\n<\/div><\/figure>\n\n\n\n<p><em>\u00abYo he venido para que tengan vida y la tengan abundante.\u00bb<\/em> <strong>Juan 10, 1-10<\/strong>.<\/p>\n\n\n\n<p><strong>Reflexiones para este domingo<\/strong><\/p>\n\n\n\n<p>1. Dios no es un ladr\u00f3n de nuestra alegr\u00eda o libertad; sus mandamientos son cercos de protecci\u00f3n para que nuestra vida florezca.<\/p>\n\n\n\n<p>2. Aprende a distinguir la voz del Buen Pastor en medio del ruido; \u00c9l te llama por tu nombre, te conoce y te gu\u00eda hacia pastos seguros.<\/p>\n\n\n\n<p>3. Rechaza las voces del des\u00e1nimo, del orgullo y de la divisi\u00f3n que intentan asaltar la paz de tu hogar.<\/p>\n","protected":false},"excerpt":{"rendered":"<p>\u00abYo he venido para que tengan vida y la tengan abundante.\u00bb Juan 10, 1-10. Reflexiones para este domingo 1. Dios no es un ladr\u00f3n de nuestra alegr\u00eda o libertad; sus mandamientos son cercos de protecci\u00f3n para que nuestra vida florezca. 2. Aprende a distinguir la voz del Buen Pastor en medio del ruido; \u00c9l te [&hellip;]<\/p>\n","protected":false},"author":6,"featured_media":83906,"comment_status":"closed","ping_status":"closed","sticky":false,"template":"","format":"standard","meta":{"_acf_changed":false,"_monsterinsights_skip_tracking":false,"_monsterinsights_sitenote_active":false,"_monsterinsights_sitenote_note":"","_monsterinsights_sitenote_category":0,"slim_seo":{"title":"Video: Evangelio de hoy | Domingo 26 de abril 2026 - Opini\u00f3n P\u00fablica","description":"https:\/\/youtu.be\/qJGKe1L9y8s?si=Q2Qtt_gfv1s_jtRe \"Yo he venido para que tengan vida y la tengan abundante.\" Juan 10, 1-10 . Reflexiones para este domingo 1. Dio"},"footnotes":""},"categories":[2,13,8],"tags":[559],"class_list":["post-83903","post","type-post","status-publish","format-standard","has-post-thumbnail","hentry","category-videos-destacados","category-videos-destacados-contenido","category-videos","tag-evangelio-de-hoy"],"acf":[],"_links":{"self":[{"href":"https:\/\/www.opinionpublica.tv\/portada\/wp-json\/wp\/v2\/posts\/83903","targetHints":{"allow":["GET"]}}],"collection":[{"href":"https:\/\/www.opinionpublica.tv\/portada\/wp-json\/wp\/v2\/posts"}],"about":[{"href":"https:\/\/www.opinionpublica.tv\/portada\/wp-json\/wp\/v2\/types\/post"}],"author":[{"embeddable":true,"href":"https:\/\/www.opinionpublica.tv\/portada\/wp-json\/wp\/v2\/users\/6"}],"replies":[{"embeddable":true,"href":"https:\/\/www.opinionpublica.tv\/portada\/wp-json\/wp\/v2\/comments?post=83903"}],"version-history":[{"count":2,"href":"https:\/\/www.opinionpublica.tv\/portada\/wp-json\/wp\/v2\/posts\/83903\/revisions"}],"predecessor-version":[{"id":83905,"href":"https:\/\/www.opinionpublica.tv\/portada\/wp-json\/wp\/v2\/posts\/83903\/revisions\/83905"}],"wp:featuredmedia":[{"embeddable":true,"href":"https:\/\/www.opinionpublica.tv\/portada\/wp-json\/wp\/v2\/media\/83906"}],"wp:attachment":[{"href":"https:\/\/www.opinionpublica.tv\/portada\/wp-json\/wp\/v2\/media?parent=83903"}],"wp:term":[{"taxonomy":"category","embeddable":true,"href":"https:\/\/www.opinionpublica.tv\/portada\/wp-json\/wp\/v2\/categories?post=83903"},{"taxonomy":"post_tag","embeddable":true,"href":"https:\/\/www.opinionpublica.tv\/portada\/wp-json\/wp\/v2\/tags?post=83903"}],"curies":[{"name":"wp","href":"https:\/\/api.w.org\/{rel}","templated":true}]}}