{"id":83892,"date":"2026-04-25T16:02:32","date_gmt":"2026-04-25T22:02:32","guid":{"rendered":"https:\/\/www.opinionpublica.tv\/portada\/?p=83892"},"modified":"2026-04-25T16:05:02","modified_gmt":"2026-04-25T22:05:02","slug":"reconoce-alcalde-perez-cuellar-a-mas-de-3-mil-deportistas-destacados-de-juarez","status":"publish","type":"post","link":"https:\/\/www.opinionpublica.tv\/portada\/reconoce-alcalde-perez-cuellar-a-mas-de-3-mil-deportistas-destacados-de-juarez\/","title":{"rendered":"Reconoce P\u00e9rez Cu\u00e9llar a m\u00e1s de 3 mil deportistas destacados de Ciudad Ju\u00e1rez"},"content":{"rendered":"\n<figure class=\"wp-block-image size-large\"><img fetchpriority=\"high\" decoding=\"async\" width=\"1024\" height=\"683\" src=\"https:\/\/www.opinionpublica.tv\/portada\/wp-content\/uploads\/2026\/04\/Reconoce-Perez-Cuellar-a-mas-de-3-mil-deportistas-destacados-de-Ciudad-Juarez-1024x683.jpeg\" alt=\"Reconoce pe\u0301rez cue\u0301llar a ma\u0301s de 3 mil deportistas destacados de ciudad jua\u0301rez\" class=\"wp-image-83896\" srcset=\"https:\/\/www.opinionpublica.tv\/portada\/wp-content\/uploads\/2026\/04\/Reconoce-Perez-Cuellar-a-mas-de-3-mil-deportistas-destacados-de-Ciudad-Juarez-1024x683.jpeg 1024w, https:\/\/www.opinionpublica.tv\/portada\/wp-content\/uploads\/2026\/04\/Reconoce-Perez-Cuellar-a-mas-de-3-mil-deportistas-destacados-de-Ciudad-Juarez-300x200.jpeg 300w, https:\/\/www.opinionpublica.tv\/portada\/wp-content\/uploads\/2026\/04\/Reconoce-Perez-Cuellar-a-mas-de-3-mil-deportistas-destacados-de-Ciudad-Juarez-768x512.jpeg 768w, https:\/\/www.opinionpublica.tv\/portada\/wp-content\/uploads\/2026\/04\/Reconoce-Perez-Cuellar-a-mas-de-3-mil-deportistas-destacados-de-Ciudad-Juarez.jpeg 1280w\" sizes=\"(max-width: 1024px) 100vw, 1024px\" \/><\/figure>\n\n\n\n<p class=\"wp-block-paragraph\"><em>Ciudad Ju\u00e1rez, Chih<\/em>.- El presidente municipal, Cruz P\u00e9rez Cu\u00e9llar, encabez\u00f3 la ceremonia de \u201cReconocimiento a Deportistas Destacados 2026\u201d, donde m\u00e1s de 3 mil atletas juarenses recibieron un distintivo por su desempe\u00f1o en competencias estatales, nacionales e internacionales.<\/p>\n\n\n\n<p class=\"wp-block-paragraph\">La ceremonia se desarroll\u00f3 en el Estadio Municipal 20 de Noviembre, dando inicio con un festival deportivo.<\/p>\n\n\n\n<p class=\"wp-block-paragraph\">El objetivo de la ceremonia fue impulsar el deporte y reconocer a quienes han representado a la ciudad en distintas disciplinas.<\/p>\n\n\n\n<p class=\"wp-block-paragraph\">El alcalde reconoci\u00f3 al Instituto Municipal del Deporte y Cultura F\u00edsica de Ju\u00e1rez por el desarrollo del evento.<\/p>\n\n\n\n<p class=\"wp-block-paragraph\">Expres\u00f3 que los deportistas son la carta de presentaci\u00f3n ante el estado, la federaci\u00f3n y el mundo en el tema de la cultura f\u00edsica.<\/p>\n\n\n\n<p class=\"wp-block-paragraph\">Cuando salen a competir no solo llevan un uniforme sino el nombre de una ciudad resiliente, fuerte y talentosa. Y cada vez que suben a un p\u00f3dium le demuestran al mundo que en Ju\u00e1rez se sabe luchar y ganar, expres\u00f3.<\/p>\n\n\n\n<p class=\"wp-block-paragraph\">Destac\u00f3 que durante muchos a\u00f1os, el Estadio 20 de Noviembre no hab\u00eda sido remodelado y ahora luce muy diferente, adem\u00e1s se construy\u00f3 el Estadio 8 de Diciembre, se rehabilit\u00f3 el Gimnasio Neri Santos y se atendi\u00f3 el \u00abKiki\u00bb Romero; tambi\u00e9n se han apoyado las ligas de beisbol y siguen trabajando a favor del deporte como ninguna otra administraci\u00f3n lo hab\u00eda hecho.<\/p>\n\n\n\n<p class=\"wp-block-paragraph\">El director del Instituto del Deporte y Cultura F\u00edsica de Ju\u00e1rez, Juan Carlos Escalante, coment\u00f3 que hoy se celebra el esp\u00edritu juarense deportivo, ya que los competidores demuestran con su talento que no conocen los l\u00edmites.<\/p>\n\n\n\n<p class=\"wp-block-paragraph\">Agradeci\u00f3 el apoyo constante del alcalde al lograr que el deporte sea ahora una realidad en cada colonia, dejando de ser un lujo para unas cuantas personas.<\/p>\n\n\n\n<p class=\"wp-block-paragraph\">Representantes de la Liga Municipal de Charrer\u00eda y la Asociaci\u00f3n de Charros Unidos de Ju\u00e1rez expresaron que as\u00ed como el alcalde ha apoyado la charrer\u00eda en esta ciudad, ahora ellos reconocen su visi\u00f3n, liderazgo y apoyo constante, por lo que le hicieron entrega de un reconocimiento.<\/p>\n\n\n\n<p class=\"wp-block-paragraph\">En la ceremonia participaron deportistas de diversas disciplinas, entre ellos competidores de los Juegos Conade, as\u00ed como integrantes de equipos representativos de universidades y tecnol\u00f3gicos que han competido en distintos niveles.<\/p>\n\n\n\n<p class=\"wp-block-paragraph\">Como parte del programa, se desarrollaron exhibiciones deportivas en el campo del estadio, incluyendo artes marciales mixtas, boxeo, lucha libre, f\u00fatbol en modalidad 6 contra 6, tiro con arco y ajedrez.<\/p>\n\n\n\n<p class=\"wp-block-paragraph\">Estuvieron presentes la coordinadora de Deporte Federado, Erika Guardado; el luchador Jos\u00e9 Pacheco \u00abPagano\u00bb; y la coordinadora de la Comisi\u00f3n del Deporte, Karla Escalante, as\u00ed como destacados deportistas de la ciudad.<\/p>\n","protected":false},"excerpt":{"rendered":"<p>Ciudad Ju\u00e1rez, Chih.- El presidente municipal, Cruz P\u00e9rez Cu\u00e9llar, encabez\u00f3 la ceremonia de \u201cReconocimiento a Deportistas Destacados 2026\u201d, donde m\u00e1s de 3 mil atletas juarenses recibieron un distintivo por su desempe\u00f1o en competencias estatales, nacionales e internacionales. La ceremonia se desarroll\u00f3 en el Estadio Municipal 20 de Noviembre, dando inicio con un festival deportivo. El [&hellip;]<\/p>\n","protected":false},"author":6,"featured_media":83896,"comment_status":"closed","ping_status":"closed","sticky":false,"template":"","format":"standard","meta":{"_acf_changed":false,"_monsterinsights_skip_tracking":false,"slim_seo":{"title":"Reconoce P\u00e9rez Cu\u00e9llar a m\u00e1s de 3 mil deportistas destacados de Ciudad Ju\u00e1rez - Opini\u00f3n P\u00fablica","description":"Ciudad Ju\u00e1rez, Chih .- El presidente municipal, Cruz P\u00e9rez Cu\u00e9llar, encabez\u00f3 la ceremonia de \u201cReconocimiento a Deportistas Destacados 2026\u201d, donde m\u00e1s de 3 mil"},"footnotes":""},"categories":[41],"tags":[608,753,2364],"class_list":["post-83892","post","type-post","status-publish","format-standard","has-post-thumbnail","hentry","category-juarez","tag-ciudad-juarez","tag-cruz-perez-cuellar","tag-deporte"],"acf":[],"_links":{"self":[{"href":"https:\/\/www.opinionpublica.tv\/portada\/wp-json\/wp\/v2\/posts\/83892","targetHints":{"allow":["GET"]}}],"collection":[{"href":"https:\/\/www.opinionpublica.tv\/portada\/wp-json\/wp\/v2\/posts"}],"about":[{"href":"https:\/\/www.opinionpublica.tv\/portada\/wp-json\/wp\/v2\/types\/post"}],"author":[{"embeddable":true,"href":"https:\/\/www.opinionpublica.tv\/portada\/wp-json\/wp\/v2\/users\/6"}],"replies":[{"embeddable":true,"href":"https:\/\/www.opinionpublica.tv\/portada\/wp-json\/wp\/v2\/comments?post=83892"}],"version-history":[{"count":3,"href":"https:\/\/www.opinionpublica.tv\/portada\/wp-json\/wp\/v2\/posts\/83892\/revisions"}],"predecessor-version":[{"id":83897,"href":"https:\/\/www.opinionpublica.tv\/portada\/wp-json\/wp\/v2\/posts\/83892\/revisions\/83897"}],"wp:featuredmedia":[{"embeddable":true,"href":"https:\/\/www.opinionpublica.tv\/portada\/wp-json\/wp\/v2\/media\/83896"}],"wp:attachment":[{"href":"https:\/\/www.opinionpublica.tv\/portada\/wp-json\/wp\/v2\/media?parent=83892"}],"wp:term":[{"taxonomy":"category","embeddable":true,"href":"https:\/\/www.opinionpublica.tv\/portada\/wp-json\/wp\/v2\/categories?post=83892"},{"taxonomy":"post_tag","embeddable":true,"href":"https:\/\/www.opinionpublica.tv\/portada\/wp-json\/wp\/v2\/tags?post=83892"}],"curies":[{"name":"wp","href":"https:\/\/api.w.org\/{rel}","templated":true}]}}