{"id":8371,"date":"2016-11-21T07:00:00","date_gmt":"2016-11-21T06:00:00","guid":{"rendered":"https:\/\/www.opinionpublica.tv\/portada\/2016\/11\/21\/arcoiris-hechos-con-hilos-multicolor\/"},"modified":"2016-11-21T07:00:00","modified_gmt":"2016-11-21T06:00:00","slug":"arcoiris-hechos-con-hilos-multicolor","status":"publish","type":"post","link":"https:\/\/www.opinionpublica.tv\/portada\/arcoiris-hechos-con-hilos-multicolor\/","title":{"rendered":"Arco\u00edris hechos con hilos multicolor"},"content":{"rendered":"<p><img fetchpriority=\"high\" decoding=\"async\" class=\" size-full wp-image-8360\" src=\"https:\/\/www.opinionpublica.tv\/portada\/wp-content\/uploads\/2016\/11\/54831213dc147a3836e3bc9491f2e068.jpg\" alt=\"\" width=\"550\" height=\"309\" srcset=\"https:\/\/www.opinionpublica.tv\/portada\/wp-content\/uploads\/2016\/11\/54831213dc147a3836e3bc9491f2e068.jpg 550w, https:\/\/www.opinionpublica.tv\/portada\/wp-content\/uploads\/2016\/11\/54831213dc147a3836e3bc9491f2e068-300x169.jpg 300w\" sizes=\"(max-width: 550px) 100vw, 550px\" \/><br \/>\n<!--more--><\/p>\n<h2 style=\"text-align: justify;\">El artista mexicano Gabriel Dawe crea instalaciones de arco\u00edris que parecen haz de luz refractados pero en realidad est\u00e1n conformados por miles de hilos de colores.<\/h2>\n<p><img decoding=\"async\" class=\" size-full wp-image-8361\" src=\"https:\/\/www.opinionpublica.tv\/portada\/wp-content\/uploads\/2016\/11\/gabrieldawerainbow_02jpgimgw12801280.jpeg\" width=\"550\" height=\"367\" srcset=\"https:\/\/www.opinionpublica.tv\/portada\/wp-content\/uploads\/2016\/11\/gabrieldawerainbow_02jpgimgw12801280.jpeg 550w, https:\/\/www.opinionpublica.tv\/portada\/wp-content\/uploads\/2016\/11\/gabrieldawerainbow_02jpgimgw12801280-300x200.jpeg 300w\" sizes=\"(max-width: 550px) 100vw, 550px\" \/><img decoding=\"async\" class=\" size-full wp-image-8362\" src=\"https:\/\/www.opinionpublica.tv\/portada\/wp-content\/uploads\/2016\/11\/dawe8jpgimgw12801280.jpeg\" width=\"550\" height=\"733\" srcset=\"https:\/\/www.opinionpublica.tv\/portada\/wp-content\/uploads\/2016\/11\/dawe8jpgimgw12801280.jpeg 550w, https:\/\/www.opinionpublica.tv\/portada\/wp-content\/uploads\/2016\/11\/dawe8jpgimgw12801280-225x300.jpeg 225w\" sizes=\"(max-width: 550px) 100vw, 550px\" \/><img loading=\"lazy\" decoding=\"async\" class=\" size-full wp-image-8363\" src=\"https:\/\/www.opinionpublica.tv\/portada\/wp-content\/uploads\/2016\/11\/dawe7jpgimgw12801280.jpeg\" width=\"550\" height=\"437\" srcset=\"https:\/\/www.opinionpublica.tv\/portada\/wp-content\/uploads\/2016\/11\/dawe7jpgimgw12801280.jpeg 550w, https:\/\/www.opinionpublica.tv\/portada\/wp-content\/uploads\/2016\/11\/dawe7jpgimgw12801280-300x238.jpeg 300w\" sizes=\"(max-width: 550px) 100vw, 550px\" \/><img loading=\"lazy\" decoding=\"async\" class=\" size-full wp-image-8364\" src=\"https:\/\/www.opinionpublica.tv\/portada\/wp-content\/uploads\/2016\/11\/dawe1jpgimgw12801280.jpeg\" width=\"550\" height=\"825\" srcset=\"https:\/\/www.opinionpublica.tv\/portada\/wp-content\/uploads\/2016\/11\/dawe1jpgimgw12801280.jpeg 550w, https:\/\/www.opinionpublica.tv\/portada\/wp-content\/uploads\/2016\/11\/dawe1jpgimgw12801280-200x300.jpeg 200w\" sizes=\"(max-width: 550px) 100vw, 550px\" \/><img loading=\"lazy\" decoding=\"async\" class=\" size-full wp-image-8365\" src=\"https:\/\/www.opinionpublica.tv\/portada\/wp-content\/uploads\/2016\/11\/dawe4jpgimgw12801280.jpeg\" width=\"550\" height=\"733\" srcset=\"https:\/\/www.opinionpublica.tv\/portada\/wp-content\/uploads\/2016\/11\/dawe4jpgimgw12801280.jpeg 550w, https:\/\/www.opinionpublica.tv\/portada\/wp-content\/uploads\/2016\/11\/dawe4jpgimgw12801280-225x300.jpeg 225w\" sizes=\"(max-width: 550px) 100vw, 550px\" \/><img loading=\"lazy\" decoding=\"async\" class=\" size-full wp-image-8366\" src=\"https:\/\/www.opinionpublica.tv\/portada\/wp-content\/uploads\/2016\/11\/dawe5jpgimgw12801280.jpeg\" width=\"550\" height=\"367\" srcset=\"https:\/\/www.opinionpublica.tv\/portada\/wp-content\/uploads\/2016\/11\/dawe5jpgimgw12801280.jpeg 550w, https:\/\/www.opinionpublica.tv\/portada\/wp-content\/uploads\/2016\/11\/dawe5jpgimgw12801280-300x200.jpeg 300w\" sizes=\"(max-width: 550px) 100vw, 550px\" \/><img loading=\"lazy\" decoding=\"async\" class=\" size-full wp-image-8367\" src=\"https:\/\/www.opinionpublica.tv\/portada\/wp-content\/uploads\/2016\/11\/dawe6jpgimgw12801280.jpeg\" width=\"550\" height=\"413\" srcset=\"https:\/\/www.opinionpublica.tv\/portada\/wp-content\/uploads\/2016\/11\/dawe6jpgimgw12801280.jpeg 550w, https:\/\/www.opinionpublica.tv\/portada\/wp-content\/uploads\/2016\/11\/dawe6jpgimgw12801280-300x225.jpeg 300w\" sizes=\"(max-width: 550px) 100vw, 550px\" \/><img loading=\"lazy\" decoding=\"async\" class=\" size-full wp-image-8368\" src=\"https:\/\/www.opinionpublica.tv\/portada\/wp-content\/uploads\/2016\/11\/dawe3jpgimgw12801280.jpeg\" width=\"550\" height=\"413\" srcset=\"https:\/\/www.opinionpublica.tv\/portada\/wp-content\/uploads\/2016\/11\/dawe3jpgimgw12801280.jpeg 550w, https:\/\/www.opinionpublica.tv\/portada\/wp-content\/uploads\/2016\/11\/dawe3jpgimgw12801280-300x225.jpeg 300w\" sizes=\"(max-width: 550px) 100vw, 550px\" \/><img loading=\"lazy\" decoding=\"async\" class=\" size-full wp-image-8369\" src=\"https:\/\/www.opinionpublica.tv\/portada\/wp-content\/uploads\/2016\/11\/dawe2jpgimgw12801280.jpeg\" width=\"550\" height=\"367\" srcset=\"https:\/\/www.opinionpublica.tv\/portada\/wp-content\/uploads\/2016\/11\/dawe2jpgimgw12801280.jpeg 550w, https:\/\/www.opinionpublica.tv\/portada\/wp-content\/uploads\/2016\/11\/dawe2jpgimgw12801280-300x200.jpeg 300w\" sizes=\"(max-width: 550px) 100vw, 550px\" \/><img loading=\"lazy\" decoding=\"async\" class=\" size-full wp-image-8370\" src=\"https:\/\/www.opinionpublica.tv\/portada\/wp-content\/uploads\/2016\/11\/gabrieldawerainbow_01jpgimgw12801280.jpeg\" width=\"550\" height=\"309\" srcset=\"https:\/\/www.opinionpublica.tv\/portada\/wp-content\/uploads\/2016\/11\/gabrieldawerainbow_01jpgimgw12801280.jpeg 550w, https:\/\/www.opinionpublica.tv\/portada\/wp-content\/uploads\/2016\/11\/gabrieldawerainbow_01jpgimgw12801280-300x169.jpeg 300w\" sizes=\"(max-width: 550px) 100vw, 550px\" \/><\/p>\n","protected":false},"excerpt":{"rendered":"","protected":false},"author":1,"featured_media":8360,"comment_status":"open","ping_status":"open","sticky":false,"template":"","format":"standard","meta":{"_acf_changed":false,"_monsterinsights_skip_tracking":false,"slim_seo":{"title":"Arco\u00edris hechos con hilos multicolor - Opini\u00f3n P\u00fablica","description":"El artista mexicano Gabriel Dawe crea instalaciones de arco\u00edris que parecen haz de luz refractados pero en realidad est\u00e1n conformados por miles de hilos de colo"},"footnotes":""},"categories":[15],"tags":[],"class_list":["post-8371","post","type-post","status-publish","format-standard","has-post-thumbnail","hentry","category-galerias"],"acf":[],"_links":{"self":[{"href":"https:\/\/www.opinionpublica.tv\/portada\/wp-json\/wp\/v2\/posts\/8371","targetHints":{"allow":["GET"]}}],"collection":[{"href":"https:\/\/www.opinionpublica.tv\/portada\/wp-json\/wp\/v2\/posts"}],"about":[{"href":"https:\/\/www.opinionpublica.tv\/portada\/wp-json\/wp\/v2\/types\/post"}],"author":[{"embeddable":true,"href":"https:\/\/www.opinionpublica.tv\/portada\/wp-json\/wp\/v2\/users\/1"}],"replies":[{"embeddable":true,"href":"https:\/\/www.opinionpublica.tv\/portada\/wp-json\/wp\/v2\/comments?post=8371"}],"version-history":[{"count":0,"href":"https:\/\/www.opinionpublica.tv\/portada\/wp-json\/wp\/v2\/posts\/8371\/revisions"}],"wp:featuredmedia":[{"embeddable":true,"href":"https:\/\/www.opinionpublica.tv\/portada\/wp-json\/wp\/v2\/media\/8360"}],"wp:attachment":[{"href":"https:\/\/www.opinionpublica.tv\/portada\/wp-json\/wp\/v2\/media?parent=8371"}],"wp:term":[{"taxonomy":"category","embeddable":true,"href":"https:\/\/www.opinionpublica.tv\/portada\/wp-json\/wp\/v2\/categories?post=8371"},{"taxonomy":"post_tag","embeddable":true,"href":"https:\/\/www.opinionpublica.tv\/portada\/wp-json\/wp\/v2\/tags?post=8371"}],"curies":[{"name":"wp","href":"https:\/\/api.w.org\/{rel}","templated":true}]}}