{"id":83071,"date":"2026-04-14T00:01:00","date_gmt":"2026-04-14T06:01:00","guid":{"rendered":"https:\/\/www.opinionpublica.tv\/portada\/?p=83071"},"modified":"2026-04-13T15:46:30","modified_gmt":"2026-04-13T21:46:30","slug":"efemerides-14-de-abril-un-dia-como-hoy-en-la-historia","status":"publish","type":"post","link":"https:\/\/www.opinionpublica.tv\/portada\/efemerides-14-de-abril-un-dia-como-hoy-en-la-historia\/","title":{"rendered":"Efem\u00e9rides 14 de abril | Un d\u00eda como hoy en la historia&#8230;"},"content":{"rendered":"\n<p class=\"wp-block-paragraph\"><em>Un d\u00eda 14 de abril como, pero de 1965, Estados Unidos lanza bombas de napalm contra objetivos de Vietnam del Norte, causando un n\u00famero indeterminado de v\u00edctimas civiles<\/em>.<\/p>\n\n\n\n<figure class=\"wp-block-image size-large\"><img fetchpriority=\"high\" decoding=\"async\" width=\"1024\" height=\"576\" src=\"https:\/\/www.opinionpublica.tv\/portada\/wp-content\/uploads\/2026\/04\/1965-Estados-Unidos-lanza-bombas-de-napalm-contra-objetivos-de-Vietnam-del-Norte-causando-un-numero-indeterminado-de-victimas-civiles-1024x576.jpeg\" alt=\"1965, estados unidos lanza bombas de napalm contra objetivos de vietnam del norte, causando un nu\u0301mero indeterminado de vi\u0301ctimas civiles\" class=\"wp-image-83072\" srcset=\"https:\/\/www.opinionpublica.tv\/portada\/wp-content\/uploads\/2026\/04\/1965-Estados-Unidos-lanza-bombas-de-napalm-contra-objetivos-de-Vietnam-del-Norte-causando-un-numero-indeterminado-de-victimas-civiles-1024x576.jpeg 1024w, https:\/\/www.opinionpublica.tv\/portada\/wp-content\/uploads\/2026\/04\/1965-Estados-Unidos-lanza-bombas-de-napalm-contra-objetivos-de-Vietnam-del-Norte-causando-un-numero-indeterminado-de-victimas-civiles-300x169.jpeg 300w, https:\/\/www.opinionpublica.tv\/portada\/wp-content\/uploads\/2026\/04\/1965-Estados-Unidos-lanza-bombas-de-napalm-contra-objetivos-de-Vietnam-del-Norte-causando-un-numero-indeterminado-de-victimas-civiles-768x432.jpeg 768w, https:\/\/www.opinionpublica.tv\/portada\/wp-content\/uploads\/2026\/04\/1965-Estados-Unidos-lanza-bombas-de-napalm-contra-objetivos-de-Vietnam-del-Norte-causando-un-numero-indeterminado-de-victimas-civiles-1536x864.jpeg 1536w, https:\/\/www.opinionpublica.tv\/portada\/wp-content\/uploads\/2026\/04\/1965-Estados-Unidos-lanza-bombas-de-napalm-contra-objetivos-de-Vietnam-del-Norte-causando-un-numero-indeterminado-de-victimas-civiles.jpeg 1600w\" sizes=\"(max-width: 1024px) 100vw, 1024px\" \/><\/figure>\n\n\n\n<p class=\"wp-block-paragraph\"><strong>Otras efem\u00e9rides<\/strong><\/p>\n\n\n\n<p class=\"wp-block-paragraph\">1865.- Herido de un tiro en la nuca el presidente de EEUU Abraham Lincoln, que falleci\u00f3 al d\u00eda siguiente.<\/p>\n\n\n\n<p class=\"wp-block-paragraph\">1890.- Nace la Uni\u00f3n Panamericana en la Conferencia Internacional Americana celebrada en Washington, en la que se establece esta fecha como \u00abD\u00eda de las Am\u00e9ricas\u00bb.<\/p>\n\n\n\n<p class=\"wp-block-paragraph\">1894: Thomas Edison presenta el kinetoscopio, precursor de las pel\u00edculas cinematogr\u00e1ficas.<\/p>\n\n\n\n<p class=\"wp-block-paragraph\">1900.- Creaci\u00f3n de la Uni\u00f3n Ciclista Internacional.<\/p>\n\n\n\n<p class=\"wp-block-paragraph\">1907.- Fuerte terremoto en Acapulco (M\u00e9xico), que destruye casi toda la ciudad.<\/p>\n\n\n\n<p class=\"wp-block-paragraph\">1909.- El gobierno otomano asesina a unos 30 mil cristianos armenios en la ciudad de Adana Vilayet (Turqu\u00eda), conocido como la masacre de Adana.<\/p>\n\n\n\n<p class=\"wp-block-paragraph\">1912.- El \u00abTitanic\u00bb, el mayor trasatl\u00e1ntico del mundo, choca con un iceberg frente a Terranova y se hunde durante la noche del 14 al 15. Mueren 1.513 personas.<\/p>\n\n\n\n<p class=\"wp-block-paragraph\">1931.- Proclamaci\u00f3n de la Segunda Rep\u00fablica en Espa\u00f1a y constituci\u00f3n de un Gobierno provisional presidido por Niceto Alcal\u00e1 Zamora. El rey Alfonso XIII parte hacia el exilio.<\/p>\n\n\n\n<p class=\"wp-block-paragraph\">1936.- El grupo de teatro \u00abLa Barraca\u00bb, creado por Federico Garc\u00eda Lorca, hace su \u00faltima representaci\u00f3n en Barcelona.<\/p>\n\n\n\n<p class=\"wp-block-paragraph\">1958.- La nave espacial sovi\u00e9tica Sputnik 2 se desintegra con la perrita Laika en su interior al penetrar en la atm\u00f3sfera.<\/p>\n\n\n\n<p class=\"wp-block-paragraph\">1980.- La banda de nueva ola del heavy metal brit\u00e1nico Iron Maiden edita su primer \u00e1lbum de estudio, en Londres.<\/p>\n\n\n\n<p class=\"wp-block-paragraph\">1985.- La Alianza Popular Revolucionaria Americana (APRA) gana las elecciones presidenciales y legislativas en Per\u00fa. Al\u00e1n Garc\u00eda, nuevo presidente.<\/p>\n\n\n\n<p class=\"wp-block-paragraph\">1989.- El Gobierno sandinista de Nicaragua presenta al Parlamento las reformas democratizadoras y condena la ayuda del presidente de EEUU, George Bush, a la \u00abcontra\u00bb.<\/p>\n\n\n\n<p class=\"wp-block-paragraph\">1999.- Guerra en Yugoslavia: un ataque por error de un F-16 de la OTAN causa la muerte a 75 refugiados kosovares en Kosovo.<\/p>\n\n\n\n<p class=\"wp-block-paragraph\">2000.- La Duma rusa ratifica el tratado Start II suscrito con Estados Unidos en 1993 para una reducci\u00f3n dr\u00e1stica de armas nucleares ofensivas.<\/p>\n\n\n\n<p class=\"wp-block-paragraph\">2002.- Hugo Ch\u00e1vez es repuesto como presidente de Venezuela, tras un golpe de Estado que le desaloja del poder durante 48 horas.<\/p>\n\n\n\n<p class=\"wp-block-paragraph\">2003.- Un consorcio de seis pa\u00edses, entre ellos EE.UU. y el Reino Unido, descifran la secuencia completa del genoma humano.<\/p>\n\n\n\n<p class=\"wp-block-paragraph\">2013.- Nicol\u00e1s Maduro gana las elecciones presidenciales de Venezuela.<\/p>\n\n\n\n<p class=\"wp-block-paragraph\">2015.- El presidente de EE.UU., Barack Obama, decide retirar a Cuba de la lista de Estados patrocinadores del terrorismo, en la que ese pa\u00eds permanece desde 1982.<\/p>\n\n\n\n<p class=\"wp-block-paragraph\">2018.- EEUU encabeza un ataque a\u00e9reo junto a Reino Unido y Francia contra varias instalaciones donde sospecha que el r\u00e9gimen sirio desarrolla armas qu\u00edmicas.<\/p>\n\n\n\n<p class=\"wp-block-paragraph\">2020.- El presidente de EE.UU., Donald Trump, ordena, en plena pandemia de coronavirus, congelar los fondos que su Gobierno aporta a la Organizaci\u00f3n Mundial de la Salud (OMS).<\/p>\n\n\n\n<p class=\"wp-block-paragraph\">2021.- El Museo del Prado recibe la donaci\u00f3n de \u00abAn\u00edbal vencedor\u00bb, primera obra documentada de Goya.<\/p>\n\n\n\n<p class=\"wp-block-paragraph\">2023.- La misi\u00f3n europea Juice emprende un viaje de ocho a\u00f1os a J\u00fapiter y a sus tres grandes lunas oce\u00e1nicas.<\/p>\n\n\n\n<p class=\"wp-block-paragraph\"><strong>Nacimientos<\/strong><\/p>\n\n\n\n<p class=\"wp-block-paragraph\">1578.- Felipe III de Austria, futuro rey de Espa\u00f1a.<\/p>\n\n\n\n<p class=\"wp-block-paragraph\">1925.- Rod Steiger, actor estadounidense.<\/p>\n\n\n\n<p class=\"wp-block-paragraph\">1926.- Leopoldo Calvo-Sotelo, pol\u00edtico espa\u00f1ol.<\/p>\n\n\n\n<p class=\"wp-block-paragraph\">1929.- Chadli Benyedid, ex presidente de Argelia.<\/p>\n\n\n\n<p class=\"wp-block-paragraph\">1940.- Julie Christie, actriz brit\u00e1nica.<\/p>\n\n\n\n<p class=\"wp-block-paragraph\">1973.- Adrien Brody, actor estadounidense.<\/p>\n\n\n\n<p class=\"wp-block-paragraph\">1998.- Arthur Bowen, actor brit\u00e1nico.<\/p>\n\n\n\n<p class=\"wp-block-paragraph\"><strong>Defunciones<\/strong><\/p>\n\n\n\n<p class=\"wp-block-paragraph\">1759.- J. Federico Haendel, m\u00fasico ingl\u00e9s.<\/p>\n\n\n\n<p class=\"wp-block-paragraph\">1917.- Lejzer L. Zamenhof, ling\u00fcista ruso, creador del esperanto.<\/p>\n\n\n\n<p class=\"wp-block-paragraph\">1986.- Simone de Beauvoir, escritora francesa.<\/p>\n\n\n\n<p class=\"wp-block-paragraph\">1995.- Burl Ives, actor y cantante estadounidense.<\/p>\n\n\n\n<p class=\"wp-block-paragraph\">1999.- Nicola Trussardi, dise\u00f1ador de modas italiano.<\/p>\n\n\n\n<p class=\"wp-block-paragraph\">2001.- Hiroshi Teshigahara, director de cine japon\u00e9s.<\/p>\n\n\n\n<p class=\"wp-block-paragraph\">2015.- Percy Sledge, cantante estadounidense.<\/p>\n\n\n\n<p class=\"wp-block-paragraph\">2017.- Mart\u00edn El\u00edas, cantante colombiano.<\/p>\n\n\n\n<p class=\"wp-block-paragraph\">2019.- Bibi Andersson, actriz sueca.<\/p>\n\n\n\n<p class=\"wp-block-paragraph\">2021.- Bernie Madoff, estafador estadounidense.<\/p>\n\n\n\n<p class=\"wp-block-paragraph\">2023.- Abel Posse, escritor y diplom\u00e1tico argentino.<\/p>\n","protected":false},"excerpt":{"rendered":"<p>Un d\u00eda 14 de abril como, pero de 1965, Estados Unidos lanza bombas de napalm contra objetivos de Vietnam del Norte, causando un n\u00famero indeterminado de v\u00edctimas civiles. Otras efem\u00e9rides 1865.- Herido de un tiro en la nuca el presidente de EEUU Abraham Lincoln, que falleci\u00f3 al d\u00eda siguiente. 1890.- Nace la Uni\u00f3n Panamericana en [&hellip;]<\/p>\n","protected":false},"author":6,"featured_media":83072,"comment_status":"closed","ping_status":"closed","sticky":false,"template":"","format":"standard","meta":{"_acf_changed":false,"_monsterinsights_skip_tracking":false,"slim_seo":{"title":"Efem\u00e9rides 14 de abril | Un d\u00eda como hoy en la historia... - Opini\u00f3n P\u00fablica","description":"Un d\u00eda 14 de abril como, pero de 1965, Estados Unidos lanza bombas de napalm contra objetivos de Vietnam del Norte, causando un n\u00famero indeterminado de v\u00edctimas"},"footnotes":""},"categories":[27],"tags":[3035,3033,3034],"class_list":["post-83071","post","type-post","status-publish","format-standard","has-post-thumbnail","hentry","category-un-dia-como-hoy","tag-bombas-de-napalm","tag-efemerides-14-de-abril","tag-guerra-de-vietnam"],"acf":[],"_links":{"self":[{"href":"https:\/\/www.opinionpublica.tv\/portada\/wp-json\/wp\/v2\/posts\/83071","targetHints":{"allow":["GET"]}}],"collection":[{"href":"https:\/\/www.opinionpublica.tv\/portada\/wp-json\/wp\/v2\/posts"}],"about":[{"href":"https:\/\/www.opinionpublica.tv\/portada\/wp-json\/wp\/v2\/types\/post"}],"author":[{"embeddable":true,"href":"https:\/\/www.opinionpublica.tv\/portada\/wp-json\/wp\/v2\/users\/6"}],"replies":[{"embeddable":true,"href":"https:\/\/www.opinionpublica.tv\/portada\/wp-json\/wp\/v2\/comments?post=83071"}],"version-history":[{"count":1,"href":"https:\/\/www.opinionpublica.tv\/portada\/wp-json\/wp\/v2\/posts\/83071\/revisions"}],"predecessor-version":[{"id":83073,"href":"https:\/\/www.opinionpublica.tv\/portada\/wp-json\/wp\/v2\/posts\/83071\/revisions\/83073"}],"wp:featuredmedia":[{"embeddable":true,"href":"https:\/\/www.opinionpublica.tv\/portada\/wp-json\/wp\/v2\/media\/83072"}],"wp:attachment":[{"href":"https:\/\/www.opinionpublica.tv\/portada\/wp-json\/wp\/v2\/media?parent=83071"}],"wp:term":[{"taxonomy":"category","embeddable":true,"href":"https:\/\/www.opinionpublica.tv\/portada\/wp-json\/wp\/v2\/categories?post=83071"},{"taxonomy":"post_tag","embeddable":true,"href":"https:\/\/www.opinionpublica.tv\/portada\/wp-json\/wp\/v2\/tags?post=83071"}],"curies":[{"name":"wp","href":"https:\/\/api.w.org\/{rel}","templated":true}]}}