{"id":83006,"date":"2026-04-12T12:36:27","date_gmt":"2026-04-12T18:36:27","guid":{"rendered":"https:\/\/www.opinionpublica.tv\/portada\/?p=83006"},"modified":"2026-04-12T12:38:08","modified_gmt":"2026-04-12T18:38:08","slug":"video-regina-caeli-papa-leon-xiv-domingo-12-de-abril-de-2026","status":"publish","type":"post","link":"https:\/\/www.opinionpublica.tv\/portada\/video-regina-caeli-papa-leon-xiv-domingo-12-de-abril-de-2026\/","title":{"rendered":"Video: Oraci\u00f3n Regina Caeli Papa Le\u00f3n XIV | Domingo 12 de abril 2026"},"content":{"rendered":"\n<p class=\"wp-block-paragraph\"><a href=\"https:\/\/www.youtube.com\/@VaticanNewsES\"><\/a><\/p>\n\n\n\n<figure class=\"wp-block-embed is-type-video is-provider-youtube wp-block-embed-youtube wp-embed-aspect-16-9 wp-has-aspect-ratio\"><div class=\"wp-block-embed__wrapper\">\n<iframe title=\"Regina Caeli, 12 de abril de 2026 - Papa Le\u00f3n XIV LSE\" width=\"800\" height=\"450\" src=\"https:\/\/www.youtube.com\/embed\/vQSKF_wE2QI?feature=oembed\" frameborder=\"0\" allow=\"accelerometer; autoplay; clipboard-write; encrypted-media; gyroscope; picture-in-picture; web-share\" referrerpolicy=\"strict-origin-when-cross-origin\" allowfullscreen><\/iframe>\n<\/div><\/figure>\n\n\n\n<p class=\"wp-block-paragraph\"><em>Ciudad del Vaticano<\/em>.- Desde la Plaza de San Pedro, el rezo de la Oraci\u00f3n del Regina Caeli, dirigido por el Papa Le\u00f3n XIV.<\/p>\n","protected":false},"excerpt":{"rendered":"<p>Ciudad del Vaticano.- Desde la Plaza de San Pedro, el rezo de la Oraci\u00f3n del Regina Caeli, dirigido por el Papa Le\u00f3n XIV.<\/p>\n","protected":false},"author":6,"featured_media":83010,"comment_status":"closed","ping_status":"closed","sticky":false,"template":"","format":"standard","meta":{"_acf_changed":false,"_monsterinsights_skip_tracking":false,"slim_seo":{"title":"Video: Oraci\u00f3n Regina Caeli Papa Le\u00f3n XIV | Domingo 12 de abril 2026 - Opini\u00f3n P\u00fablica","description":"https:\/\/www.youtube.com\/live\/vQSKF_wE2QI?si=nm8jDViHIpBWA2fN Ciudad del Vaticano .- Desde la Plaza de San Pedro, el rezo de la Oraci\u00f3n del Regina Caeli, dirigid"},"footnotes":""},"categories":[2,13,8],"tags":[1621,3023,1130],"class_list":["post-83006","post","type-post","status-publish","format-standard","has-post-thumbnail","hentry","category-videos-destacados","category-videos-destacados-contenido","category-videos","tag-ciudad-del-vaticano","tag-oracion-regina-caeli","tag-papa-leon-xiv"],"acf":[],"_links":{"self":[{"href":"https:\/\/www.opinionpublica.tv\/portada\/wp-json\/wp\/v2\/posts\/83006","targetHints":{"allow":["GET"]}}],"collection":[{"href":"https:\/\/www.opinionpublica.tv\/portada\/wp-json\/wp\/v2\/posts"}],"about":[{"href":"https:\/\/www.opinionpublica.tv\/portada\/wp-json\/wp\/v2\/types\/post"}],"author":[{"embeddable":true,"href":"https:\/\/www.opinionpublica.tv\/portada\/wp-json\/wp\/v2\/users\/6"}],"replies":[{"embeddable":true,"href":"https:\/\/www.opinionpublica.tv\/portada\/wp-json\/wp\/v2\/comments?post=83006"}],"version-history":[{"count":3,"href":"https:\/\/www.opinionpublica.tv\/portada\/wp-json\/wp\/v2\/posts\/83006\/revisions"}],"predecessor-version":[{"id":83009,"href":"https:\/\/www.opinionpublica.tv\/portada\/wp-json\/wp\/v2\/posts\/83006\/revisions\/83009"}],"wp:featuredmedia":[{"embeddable":true,"href":"https:\/\/www.opinionpublica.tv\/portada\/wp-json\/wp\/v2\/media\/83010"}],"wp:attachment":[{"href":"https:\/\/www.opinionpublica.tv\/portada\/wp-json\/wp\/v2\/media?parent=83006"}],"wp:term":[{"taxonomy":"category","embeddable":true,"href":"https:\/\/www.opinionpublica.tv\/portada\/wp-json\/wp\/v2\/categories?post=83006"},{"taxonomy":"post_tag","embeddable":true,"href":"https:\/\/www.opinionpublica.tv\/portada\/wp-json\/wp\/v2\/tags?post=83006"}],"curies":[{"name":"wp","href":"https:\/\/api.w.org\/{rel}","templated":true}]}}