{"id":82987,"date":"2026-04-12T00:01:00","date_gmt":"2026-04-12T06:01:00","guid":{"rendered":"https:\/\/www.opinionpublica.tv\/portada\/?p=82987"},"modified":"2026-04-11T20:17:12","modified_gmt":"2026-04-12T02:17:12","slug":"abre-desarrollo-rural-apoyo-para-adquisicion-de-semilla-de-pradera-en-chihuahua","status":"publish","type":"post","link":"https:\/\/www.opinionpublica.tv\/portada\/abre-desarrollo-rural-apoyo-para-adquisicion-de-semilla-de-pradera-en-chihuahua\/","title":{"rendered":"Abre Desarrollo Rural apoyo para adquisici\u00f3n de semilla de pradera para Chihuahua"},"content":{"rendered":"\n<figure class=\"wp-block-image size-large\"><img fetchpriority=\"high\" decoding=\"async\" width=\"1024\" height=\"768\" src=\"https:\/\/www.opinionpublica.tv\/portada\/wp-content\/uploads\/2026\/04\/Abre-Desarrollo-Rural-apoyo-para-adquisicion-de-semilla-de-pradera-para-Chihuahua-1024x768.jpeg\" alt=\"Abre desarrollo rural apoyo para adquisicio\u0301n de semilla de pradera para chihuahua\" class=\"wp-image-82990\" srcset=\"https:\/\/www.opinionpublica.tv\/portada\/wp-content\/uploads\/2026\/04\/Abre-Desarrollo-Rural-apoyo-para-adquisicion-de-semilla-de-pradera-para-Chihuahua-1024x768.jpeg 1024w, https:\/\/www.opinionpublica.tv\/portada\/wp-content\/uploads\/2026\/04\/Abre-Desarrollo-Rural-apoyo-para-adquisicion-de-semilla-de-pradera-para-Chihuahua-300x225.jpeg 300w, https:\/\/www.opinionpublica.tv\/portada\/wp-content\/uploads\/2026\/04\/Abre-Desarrollo-Rural-apoyo-para-adquisicion-de-semilla-de-pradera-para-Chihuahua-768x576.jpeg 768w, https:\/\/www.opinionpublica.tv\/portada\/wp-content\/uploads\/2026\/04\/Abre-Desarrollo-Rural-apoyo-para-adquisicion-de-semilla-de-pradera-para-Chihuahua-1536x1152.jpeg 1536w, https:\/\/www.opinionpublica.tv\/portada\/wp-content\/uploads\/2026\/04\/Abre-Desarrollo-Rural-apoyo-para-adquisicion-de-semilla-de-pradera-para-Chihuahua.jpeg 1600w\" sizes=\"(max-width: 1024px) 100vw, 1024px\" \/><\/figure>\n\n\n\n<p class=\"wp-block-paragraph\"><em>Chihuahua, Chih<\/em>.- La Secretar\u00eda de Desarrollo Rural (SDR) inform\u00f3 a las y los productores que, a trav\u00e9s del programa \u201cCuenta Conmigo en el Campo\u201d, ya se encuentra disponible el apoyo para la adquisici\u00f3n de semilla de pradera, que busca fortalecer la productividad pecuaria y contribuir a la recuperaci\u00f3n de \u00e1reas de pastoreo.<\/p>\n\n\n\n<p class=\"wp-block-paragraph\">El esquema contempla un subsidio directo para la compra de mezcla de semilla de pasto, bajo las siguientes condiciones:<\/p>\n\n\n\n<p class=\"wp-block-paragraph\">\u2022 Hasta 1,400 pesos por dosis, equivalente a una hect\u00e1rea<\/p>\n\n\n\n<p class=\"wp-block-paragraph\">\u2022 Cobertura de hasta 10 hect\u00e1reas por persona productora<\/p>\n\n\n\n<p class=\"wp-block-paragraph\">\u2022 Monto m\u00e1ximo de apoyo de 14 mil pesos por beneficiario<\/p>\n\n\n\n<p class=\"wp-block-paragraph\">Los interesados pueden acudir a las ventanillas establecidas en las oficinas de la dependencia estatal, ubicadas en avenida Divisi\u00f3n del Norte No. 2504, colonia Altavista, en la ciudad de Chihuahua.<\/p>\n\n\n\n<p class=\"wp-block-paragraph\">Para mayor informaci\u00f3n, asesor\u00eda o aclaraciones, las personas pueden acercarse al personal del Departamento de Residentes o del Departamento de Agricultura, as\u00ed como comunicarse al tel\u00e9fono 614 429 3300, extensiones 12576, 12516, 12540 y 12553, en horario de oficina.<\/p>\n\n\n\n<p class=\"wp-block-paragraph\">La recepci\u00f3n de solicitudes estar\u00e1 abierta a partir de la publicaci\u00f3n de este comunicado y hasta el 31 de julio de 2026, en un horario de 9:00 a 15:00 horas.<\/p>\n\n\n\n<p class=\"wp-block-paragraph\">La convocatoria completa puede consultarse en el sitio oficial: https:\/\/www.chihuahua.gob.mx\/sdr.<\/p>\n","protected":false},"excerpt":{"rendered":"<p>Chihuahua, Chih.- La Secretar\u00eda de Desarrollo Rural (SDR) inform\u00f3 a las y los productores que, a trav\u00e9s del programa \u201cCuenta Conmigo en el Campo\u201d, ya se encuentra disponible el apoyo para la adquisici\u00f3n de semilla de pradera, que busca fortalecer la productividad pecuaria y contribuir a la recuperaci\u00f3n de \u00e1reas de pastoreo. El esquema contempla [&hellip;]<\/p>\n","protected":false},"author":6,"featured_media":82990,"comment_status":"closed","ping_status":"closed","sticky":false,"template":"","format":"standard","meta":{"_acf_changed":false,"_monsterinsights_skip_tracking":false,"slim_seo":{"title":"Abre Desarrollo Rural apoyo para adquisici\u00f3n de semilla de pradera para Chihuahua - Opini\u00f3n P\u00fablica","description":"Chihuahua, Chih .- La Secretar\u00eda de Desarrollo Rural (SDR) inform\u00f3 a las y los productores que, a trav\u00e9s del programa \u201cCuenta Conmigo en el Campo\u201d, ya se encuen"},"footnotes":""},"categories":[11],"tags":[88,516],"class_list":["post-82987","post","type-post","status-publish","format-standard","has-post-thumbnail","hentry","category-tendencias","tag-chihuahua","tag-desarrollo-rural"],"acf":[],"_links":{"self":[{"href":"https:\/\/www.opinionpublica.tv\/portada\/wp-json\/wp\/v2\/posts\/82987","targetHints":{"allow":["GET"]}}],"collection":[{"href":"https:\/\/www.opinionpublica.tv\/portada\/wp-json\/wp\/v2\/posts"}],"about":[{"href":"https:\/\/www.opinionpublica.tv\/portada\/wp-json\/wp\/v2\/types\/post"}],"author":[{"embeddable":true,"href":"https:\/\/www.opinionpublica.tv\/portada\/wp-json\/wp\/v2\/users\/6"}],"replies":[{"embeddable":true,"href":"https:\/\/www.opinionpublica.tv\/portada\/wp-json\/wp\/v2\/comments?post=82987"}],"version-history":[{"count":2,"href":"https:\/\/www.opinionpublica.tv\/portada\/wp-json\/wp\/v2\/posts\/82987\/revisions"}],"predecessor-version":[{"id":82991,"href":"https:\/\/www.opinionpublica.tv\/portada\/wp-json\/wp\/v2\/posts\/82987\/revisions\/82991"}],"wp:featuredmedia":[{"embeddable":true,"href":"https:\/\/www.opinionpublica.tv\/portada\/wp-json\/wp\/v2\/media\/82990"}],"wp:attachment":[{"href":"https:\/\/www.opinionpublica.tv\/portada\/wp-json\/wp\/v2\/media?parent=82987"}],"wp:term":[{"taxonomy":"category","embeddable":true,"href":"https:\/\/www.opinionpublica.tv\/portada\/wp-json\/wp\/v2\/categories?post=82987"},{"taxonomy":"post_tag","embeddable":true,"href":"https:\/\/www.opinionpublica.tv\/portada\/wp-json\/wp\/v2\/tags?post=82987"}],"curies":[{"name":"wp","href":"https:\/\/api.w.org\/{rel}","templated":true}]}}