{"id":82950,"date":"2026-04-13T00:01:00","date_gmt":"2026-04-13T06:01:00","guid":{"rendered":"https:\/\/www.opinionpublica.tv\/portada\/?p=82950"},"modified":"2026-04-11T18:34:50","modified_gmt":"2026-04-12T00:34:50","slug":"efemerides-13-de-abril-un-dia-como-hoy-en-la-historia","status":"publish","type":"post","link":"https:\/\/www.opinionpublica.tv\/portada\/efemerides-13-de-abril-un-dia-como-hoy-en-la-historia\/","title":{"rendered":"Efem\u00e9rides 13 de abril | Un d\u00eda como hoy en la historia&#8230;"},"content":{"rendered":"\n<p class=\"wp-block-paragraph\"><em>Un d\u00eda 13 de abril como hoy, pero de 1964, Sidney Poitier se convierte en el primer afroamericano en ganar el Premio \u00d3scar de Hollywood al mejor actor por su papel en &#8216;Lilies of the Field&#8217; (&#8216;Los Lirios del Valle&#8217;)<\/em>.<\/p>\n\n\n\n<figure class=\"wp-block-image size-full\"><img fetchpriority=\"high\" decoding=\"async\" width=\"778\" height=\"438\" src=\"https:\/\/www.opinionpublica.tv\/portada\/wp-content\/uploads\/2026\/04\/1964-Sidney-Poitier-se-convierte-en-el-primer-afroamericano-en-ganar-el-Premio-Oscar-de-Hollywood-al-mejor-actor-por-su-papel-en-Lilies-of-the-Field.jpg\" alt=\"1964, sidney poitier se convierte en el primer afroamericano en ganar el premio o\u0301scar de hollywood al mejor actor por su papel en 'lilies of the field'\" class=\"wp-image-82951\" srcset=\"https:\/\/www.opinionpublica.tv\/portada\/wp-content\/uploads\/2026\/04\/1964-Sidney-Poitier-se-convierte-en-el-primer-afroamericano-en-ganar-el-Premio-Oscar-de-Hollywood-al-mejor-actor-por-su-papel-en-Lilies-of-the-Field.jpg 778w, https:\/\/www.opinionpublica.tv\/portada\/wp-content\/uploads\/2026\/04\/1964-Sidney-Poitier-se-convierte-en-el-primer-afroamericano-en-ganar-el-Premio-Oscar-de-Hollywood-al-mejor-actor-por-su-papel-en-Lilies-of-the-Field-300x169.jpg 300w, https:\/\/www.opinionpublica.tv\/portada\/wp-content\/uploads\/2026\/04\/1964-Sidney-Poitier-se-convierte-en-el-primer-afroamericano-en-ganar-el-Premio-Oscar-de-Hollywood-al-mejor-actor-por-su-papel-en-Lilies-of-the-Field-768x432.jpg 768w\" sizes=\"(max-width: 778px) 100vw, 778px\" \/><\/figure>\n\n\n\n<p class=\"wp-block-paragraph\"><strong>Otras efem\u00e9rides<\/strong><\/p>\n\n\n\n<p class=\"wp-block-paragraph\">1598.- Edicto de Nantes por el que se establece la concordia entre cat\u00f3licos y protestantes en Francia.<\/p>\n\n\n\n<p class=\"wp-block-paragraph\">1742.- Primera interpretaci\u00f3n de \u00abEl Mes\u00edas\u00bb, de Haendel, en Dubl\u00edn.<\/p>\n\n\n\n<p class=\"wp-block-paragraph\">1813.- El general Jos\u00e9 Gervasio Artigas env\u00eda a Buenos Aires sus famosas \u00abInstrucciones\u00bb, un programa que representa una justa interpretaci\u00f3n del movimiento revolucionario que dio la independencia a Am\u00e9rica.<\/p>\n\n\n\n<p class=\"wp-block-paragraph\">1865.- Las tropas paraguayas ocupan Corrientes por orden del presidente Francisco Solano L\u00f3pez.<\/p>\n\n\n\n<p class=\"wp-block-paragraph\">1870.- Inaugurado el Metropolitan Museum of Art de Nueva York, el MET.<\/p>\n\n\n\n<p class=\"wp-block-paragraph\">1918.- Primer vuelo en avi\u00f3n sobre los Andes (desde Zapala, en Argentina, hasta Cunco, en Chile), realizado por el teniente argentino Luis Candelaria.<\/p>\n\n\n\n<p class=\"wp-block-paragraph\">1919.- Masacre de Amritsar (India). Tropas brit\u00e1nicas disparan contra un grupo de manifestantes desarmados en el parque de Jallianwala Bagh, lo que provoc\u00f3 casi 400 muertos y 1.000 heridos.<\/p>\n\n\n\n<p class=\"wp-block-paragraph\">1935.- Concluye la Conferencia de Stressa, en la que Italia, Gran Breta\u00f1a y Francia llegan a un acuerdo para el mantenimiento de la paz.<\/p>\n\n\n\n<p class=\"wp-block-paragraph\">1941.- Segunda Guerra Mundial: Jap\u00f3n y la Uni\u00f3n Sovi\u00e9tica firman un pacto de no agresi\u00f3n.<\/p>\n\n\n\n<p class=\"wp-block-paragraph\">1943.- Es descubierta en Katyn (URSS) una fosa con los cad\u00e1veres de 4.000 oficiales polacos ejecutados por los rusos.<\/p>\n\n\n\n<p class=\"wp-block-paragraph\">1943.- Se escapan cuatro reclusos (James Boarman, Fred Hunter, Harold Brest y Floyd G. Hamilton) de la prisi\u00f3n de Alcatraz, en la bah\u00eda de San Francisco, en su momento la c\u00e1rcel m\u00e1s infranqueable del mundo.<\/p>\n\n\n\n<p class=\"wp-block-paragraph\">1954.- \u00daltimo asalto del Vietminh contra Dien Bien Phu.<\/p>\n\n\n\n<p class=\"wp-block-paragraph\">1958.- El joven pianista Van Cliburn se convierte en el primer estadounidense en ganar en el Concurso Internacional Chaikovski.<\/p>\n\n\n\n<p class=\"wp-block-paragraph\">1970.- Un tanque de ox\u00edgeno explota a bordo del Apolo 13 poniendo en gran peligro a los tres tripulantes de la nave, que iba camino a la Luna.<\/p>\n\n\n\n<p class=\"wp-block-paragraph\">1974.- La Western Union (en cooperaci\u00f3n con la NASA y Hughes Aircraft) lanzan el primer sat\u00e9lite geoestacional comercial del mundo, el Westar 1.<\/p>\n\n\n\n<p class=\"wp-block-paragraph\">1975.- Comienza la guerra civil en el L\u00edbano, que dur\u00f3 15 a\u00f1os.<\/p>\n\n\n\n<p class=\"wp-block-paragraph\">1980.- El asteroide Audrey es descubierto por Antonin Mrkos.<\/p>\n\n\n\n<p class=\"wp-block-paragraph\">1983.- Por primera vez en la historia de Chicago, un afroamericano, Harold Washington, es elegido alcalde de la ciudad.<\/p>\n\n\n\n<p class=\"wp-block-paragraph\">1987.- Portugal y la Rep\u00fablica Popular China firman el tratado por el cual Macao volver\u00e1 a ser territorio chino en 1999.<\/p>\n\n\n\n<p class=\"wp-block-paragraph\">1994.- El Parlamento de Grecia nacionaliza los bienes de la Familia Real y despoja a sus miembros de la nacionalidad griega.<\/p>\n\n\n\n<p class=\"wp-block-paragraph\">1997.- Tiger Woods se convierte a los 21 a\u00f1os en el golfista m\u00e1s joven que gana el Masters de Augusta.<\/p>\n\n\n\n<p class=\"wp-block-paragraph\">2002.- El presidente venezolano Hugo Ch\u00e1vez retoma el poder tras haber sido depuesto por un golpe de Estado dos d\u00edas antes.<\/p>\n\n\n\n<p class=\"wp-block-paragraph\">2003.- Tropas de la coalici\u00f3n aliada entran en Tikrit, \u00faltimo reducto del r\u00e9gimen iraqu\u00ed de Sadam Husein.<\/p>\n\n\n\n<p class=\"wp-block-paragraph\">2010.- Concluye en Washington la Cumbre de Seguridad Nuclear con compromisos de varios pa\u00edses para reducir o eliminar su uranio y plutonio de alto grado y la declaraci\u00f3n gen\u00e9rica de luchar contra el terrorismo nuclear.<\/p>\n\n\n\n<p class=\"wp-block-paragraph\">2011.- Es detenido el ex presidente egipcio Hosni Mubarak y dos de sus hijos.<\/p>\n\n\n\n<p class=\"wp-block-paragraph\">2012.- Es inaugurada en Cartagena (Colombia) la I Cumbre Empresarial de las Am\u00e9ricas.<\/p>\n\n\n\n<p class=\"wp-block-paragraph\">2016.- El partido conservador Saenuri de la presidenta Park Geun-hye gana las elecciones legislativas en Corea del Sur.<\/p>\n\n\n\n<p class=\"wp-block-paragraph\">2017.- Estados Unidos lanza por primera vez en un conflicto la mayor bomba no-nuclear, la \u00abMadre de todas las bombas\u00bb, contra t\u00faneles del Estado Isl\u00e1mico en Nangarhar (Afganist\u00e1n).<\/p>\n\n\n\n<p class=\"wp-block-paragraph\">2018.- Un tribunal de Mosc\u00fa ordena el bloqueo en toda Rusia del servicio de mensajer\u00eda por internet Telegram.<\/p>\n\n\n\n<p class=\"wp-block-paragraph\">2018.- La VIII Cumbre de las Am\u00e9ricas re\u00fane en Lima a representantes de 33 pa\u00edses, que centran los debates en el combate a la corrupci\u00f3n.<\/p>\n\n\n\n<p class=\"wp-block-paragraph\"><strong>Nacimientos<\/strong><\/p>\n\n\n\n<p class=\"wp-block-paragraph\">1519.- Catalina de M\u00e9dicis, regente de Francia.<\/p>\n\n\n\n<p class=\"wp-block-paragraph\">1743.- Thomas Jefferson, tercer presidente de los EE.UU.<\/p>\n\n\n\n<p class=\"wp-block-paragraph\">1747.- Luis Felipe de Orle\u00e1ns, rey franc\u00e9s.<\/p>\n\n\n\n<p class=\"wp-block-paragraph\">1793.- Francisco Ortega, poeta mexicano.<\/p>\n\n\n\n<p class=\"wp-block-paragraph\">1832.- Juan Montalvo, escritor y fil\u00f3sofo ecuatoriano.<\/p>\n\n\n\n<p class=\"wp-block-paragraph\">1889.- Pastora Imperio, cantante y bailaora espa\u00f1ola.<\/p>\n\n\n\n<p class=\"wp-block-paragraph\">1906.- Samuel Beckett, dramaturgo y novelista irland\u00e9s.<\/p>\n\n\n\n<p class=\"wp-block-paragraph\">1921.- Hans H. Thyssen-Bornemisza, empresario suizo nacido en Holanda.<\/p>\n\n\n\n<p class=\"wp-block-paragraph\">1923.- Fernando L\u00e1zaro Carreter, ling\u00fcista y exdirector de la Real Academia Espa\u00f1ola.<\/p>\n\n\n\n<p class=\"wp-block-paragraph\">1924.- Stanley Donen, cineasta estadounidense.<\/p>\n\n\n\n<p class=\"wp-block-paragraph\">1928.- Matilde Conesa, locutora y actriz espa\u00f1ola.<\/p>\n\n\n\n<p class=\"wp-block-paragraph\">1928.- Jos\u00e9 Agust\u00edn Goytisolo, escritor espa\u00f1ol.<\/p>\n\n\n\n<p class=\"wp-block-paragraph\">1942.- Ricardo Bl\u00e1zquez, eclesi\u00e1stico espa\u00f1ol.<\/p>\n\n\n\n<p class=\"wp-block-paragraph\">1963.- Gari Kasparov, ajedrecista de nacionalidad rusa.<\/p>\n\n\n\n<p class=\"wp-block-paragraph\">1969.- Rafael Camino Sanz, \u00abRafi Camino\u00bb, torero espa\u00f1ol.<\/p>\n\n\n\n<p class=\"wp-block-paragraph\">1974.- Ruben Ostlund, director de cine sueco.<\/p>\n\n\n\n<p class=\"wp-block-paragraph\">1978.- Carles Puyol, exfutbolista del FC Barcelona.<\/p>\n\n\n\n<p class=\"wp-block-paragraph\">1996.- Laura Escanes, modelo e influencer espa\u00f1ola.<\/p>\n\n\n\n<p class=\"wp-block-paragraph\"><strong>Defunciones<\/strong><\/p>\n\n\n\n<p class=\"wp-block-paragraph\">1695.- Jean de la Fontaine, fabulista franc\u00e9s.<\/p>\n\n\n\n<p class=\"wp-block-paragraph\">1983.- Merc\u00e9 Rodoreda, escritora espa\u00f1ola.<\/p>\n\n\n\n<p class=\"wp-block-paragraph\">2000.- Giorgio Bassani, escritor italiano.<\/p>\n\n\n\n<p class=\"wp-block-paragraph\">2003.- Jos\u00e9 Antonio Valverde, bi\u00f3logo y fundador del Parque de Do\u00f1ana.<\/p>\n\n\n\n<p class=\"wp-block-paragraph\">2003.- Ra\u00fal Shaw Moreno, cantautor boliviano exintegrante del tr\u00edo \u00abLos Panchos\u00bb.<\/p>\n\n\n\n<p class=\"wp-block-paragraph\">2015.- Gunter Grass, escritor alem\u00e1n.<\/p>\n\n\n\n<p class=\"wp-block-paragraph\">2015.- Eduardo Galeano, escritor uruguayo.<\/p>\n\n\n\n<p class=\"wp-block-paragraph\">2016.- Mariano Mores, compositor argentino de tangos.<\/p>\n\n\n\n<p class=\"wp-block-paragraph\">2018.- Milos Forman, director de cine estadounidense de origen checo.<\/p>\n\n\n\n<p class=\"wp-block-paragraph\">2019.- Paul Greengard, neurocient\u00edfico estadounidense, Nobel de Medicina.<\/p>\n\n\n\n<p class=\"wp-block-paragraph\">2019.- Francisca Aguirre, poeta espa\u00f1ola.<\/p>\n\n\n\n<p class=\"wp-block-paragraph\">2020.- Landelino Lavilla, jurista y pol\u00edtico espa\u00f1ol.<\/p>\n\n\n\n<p class=\"wp-block-paragraph\">2022.- Freddy Eusebio Rinc\u00f3n, \u00abFreddy Rinc\u00f3n\u00bb, exfutbolista colombiano.<\/p>\n\n\n\n<p class=\"wp-block-paragraph\">2023.- Carlos Tena, cr\u00edtico musical espa\u00f1ol.<\/p>\n","protected":false},"excerpt":{"rendered":"<p>Un d\u00eda 13 de abril como hoy, pero de 1964, Sidney Poitier se convierte en el primer afroamericano en ganar el Premio \u00d3scar de Hollywood al mejor actor por su papel en &#8216;Lilies of the Field&#8217; (&#8216;Los Lirios del Valle&#8217;). Otras efem\u00e9rides 1598.- Edicto de Nantes por el que se establece la concordia entre cat\u00f3licos [&hellip;]<\/p>\n","protected":false},"author":6,"featured_media":82951,"comment_status":"closed","ping_status":"closed","sticky":false,"template":"","format":"standard","meta":{"_acf_changed":false,"_monsterinsights_skip_tracking":false,"slim_seo":{"title":"Efem\u00e9rides 13 de abril | Un d\u00eda como hoy en la historia... - Opini\u00f3n P\u00fablica","description":"Un d\u00eda 13 de abril como hoy, pero de 1964, Sidney Poitier se convierte en el primer afroamericano en ganar el Premio \u00d3scar de Hollywood al mejor actor por su pa"},"footnotes":""},"categories":[27],"tags":[3013,3015,3014],"class_list":["post-82950","post","type-post","status-publish","format-standard","has-post-thumbnail","hentry","category-un-dia-como-hoy","tag-efemerides-13-de-abril","tag-lilies-of-the-field","tag-sidney-poitier"],"acf":[],"_links":{"self":[{"href":"https:\/\/www.opinionpublica.tv\/portada\/wp-json\/wp\/v2\/posts\/82950","targetHints":{"allow":["GET"]}}],"collection":[{"href":"https:\/\/www.opinionpublica.tv\/portada\/wp-json\/wp\/v2\/posts"}],"about":[{"href":"https:\/\/www.opinionpublica.tv\/portada\/wp-json\/wp\/v2\/types\/post"}],"author":[{"embeddable":true,"href":"https:\/\/www.opinionpublica.tv\/portada\/wp-json\/wp\/v2\/users\/6"}],"replies":[{"embeddable":true,"href":"https:\/\/www.opinionpublica.tv\/portada\/wp-json\/wp\/v2\/comments?post=82950"}],"version-history":[{"count":1,"href":"https:\/\/www.opinionpublica.tv\/portada\/wp-json\/wp\/v2\/posts\/82950\/revisions"}],"predecessor-version":[{"id":82952,"href":"https:\/\/www.opinionpublica.tv\/portada\/wp-json\/wp\/v2\/posts\/82950\/revisions\/82952"}],"wp:featuredmedia":[{"embeddable":true,"href":"https:\/\/www.opinionpublica.tv\/portada\/wp-json\/wp\/v2\/media\/82951"}],"wp:attachment":[{"href":"https:\/\/www.opinionpublica.tv\/portada\/wp-json\/wp\/v2\/media?parent=82950"}],"wp:term":[{"taxonomy":"category","embeddable":true,"href":"https:\/\/www.opinionpublica.tv\/portada\/wp-json\/wp\/v2\/categories?post=82950"},{"taxonomy":"post_tag","embeddable":true,"href":"https:\/\/www.opinionpublica.tv\/portada\/wp-json\/wp\/v2\/tags?post=82950"}],"curies":[{"name":"wp","href":"https:\/\/api.w.org\/{rel}","templated":true}]}}