{"id":82839,"date":"2026-04-10T00:01:00","date_gmt":"2026-04-10T06:01:00","guid":{"rendered":"https:\/\/www.opinionpublica.tv\/portada\/?p=82839"},"modified":"2026-04-09T19:41:54","modified_gmt":"2026-04-10T01:41:54","slug":"omar-garcia-harfuch-y-marcelo-ebrard-los-funcionarios-mejor-evaluados-en-marzo","status":"publish","type":"post","link":"https:\/\/www.opinionpublica.tv\/portada\/omar-garcia-harfuch-y-marcelo-ebrard-los-funcionarios-mejor-evaluados-en-marzo\/","title":{"rendered":"Garc\u00eda Harfuch y Marcelo Ebrard, los funcionarios mejor evaluados durante marzo"},"content":{"rendered":"\n<figure class=\"wp-block-image size-large\"><img fetchpriority=\"high\" decoding=\"async\" width=\"1024\" height=\"631\" src=\"https:\/\/www.opinionpublica.tv\/portada\/wp-content\/uploads\/2026\/04\/Omar-Garcia-Harfuch-y-Marcelo-Ebrard-los-funcionarios-mejor-evaluados-en-marzo-1024x631.avif\" alt=\"Omar garci\u0301a harfuch y marcelo ebrard, los funcionarios mejor evaluados en marzo\" class=\"wp-image-82840\" srcset=\"https:\/\/www.opinionpublica.tv\/portada\/wp-content\/uploads\/2026\/04\/Omar-Garcia-Harfuch-y-Marcelo-Ebrard-los-funcionarios-mejor-evaluados-en-marzo-1024x631.avif 1024w, https:\/\/www.opinionpublica.tv\/portada\/wp-content\/uploads\/2026\/04\/Omar-Garcia-Harfuch-y-Marcelo-Ebrard-los-funcionarios-mejor-evaluados-en-marzo-300x185.avif 300w, https:\/\/www.opinionpublica.tv\/portada\/wp-content\/uploads\/2026\/04\/Omar-Garcia-Harfuch-y-Marcelo-Ebrard-los-funcionarios-mejor-evaluados-en-marzo-768x473.avif 768w, https:\/\/www.opinionpublica.tv\/portada\/wp-content\/uploads\/2026\/04\/Omar-Garcia-Harfuch-y-Marcelo-Ebrard-los-funcionarios-mejor-evaluados-en-marzo.avif 1081w\" sizes=\"(max-width: 1024px) 100vw, 1024px\" \/><\/figure>\n\n\n\n<p class=\"wp-block-paragraph\">Como cada mes, en Central de Inteligencia Pol\u00edtica (CIP) realizamos el An\u00e1lisis de Reputaci\u00f3n Medi\u00e1tica de Actores (ARMA) de los Secretarios de Estado de la doctora Claudia Sheinbaum Pardo.<\/p>\n\n\n\n<p class=\"wp-block-paragraph\">Los destacados<\/p>\n\n\n\n<p class=\"wp-block-paragraph\">1. Marcelo Ebrard: Secretar\u00eda de Econom\u00eda<\/p>\n\n\n\n<p class=\"wp-block-paragraph\">Con 73% de cobertura positiva, la agenda del secretario de Econom\u00eda se concentr\u00f3 en la revisi\u00f3n del Tratado entre M\u00e9xico, Estados Unidos y Canad\u00e1 (T-MEC).<\/p>\n\n\n\n<p class=\"wp-block-paragraph\">Sus principales notas abordaron reglas de origen en el sector automotriz, consultas en materia energ\u00e9tica y mecanismos de soluci\u00f3n de controversias.<\/p>\n\n\n\n<p class=\"wp-block-paragraph\">La relaci\u00f3n con Estados Unidos se mantuvo como eje, particularmente en el contexto trumpista y en materia t\u00e9cnica del tratado comercial. Tambi\u00e9n se registraron reuniones con organismos empresariales y anuncios de inversi\u00f3n vinculados al proceso de relocalizaci\u00f3n de cadenas productivas.<\/p>\n\n\n\n<p class=\"wp-block-paragraph\">2. Omar Garc\u00eda Harfuch: SSPC<\/p>\n\n\n\n<p class=\"wp-block-paragraph\">Su cobertura se articul\u00f3 en torno a operativos de seguridad y coordinaci\u00f3n internacional. Destacaron detenciones de objetivos prioritarios en la CDMX, as\u00ed como reuniones en Washington con agencias como la DEA. El Plan Kukulc\u00e1n form\u00f3 parte de la agenda de Harfuch, quien adelant\u00f3 el despliegue de elementos para el Mundial de la FIFA. Sus reflectores tambi\u00e9n se concentraron en acciones de inteligencia orientadas a estructuras delictivas, como el C\u00e1rtel Jalisco Nueva Generaci\u00f3n (CJNG).<\/p>\n\n\n\n<p class=\"wp-block-paragraph\">3. Raymundo Pedro Morales \u00c1ngeles: Secretar\u00eda de Marina<\/p>\n\n\n\n<p class=\"wp-block-paragraph\">Su cobertura medi\u00e1tica se centr\u00f3 en aseguramientos frente a las costas del Pac\u00edfico, con decomisos de sustancias en embarcaciones. En tierra, la cobertura incluy\u00f3 operativos en Sinaloa, con enfrentamientos y detenciones en la zona de El Salado. Tambi\u00e9n se reportaron acciones en Colima relacionadas con el aseguramiento de fentanilo y la captura de personas con \u00f3rdenes internacionales.<\/p>\n\n\n\n<p class=\"wp-block-paragraph\">\u00c9dgar Amador Zamora: SHCP<\/p>\n\n\n\n<p class=\"wp-block-paragraph\">Con 58% de menciones positivas, la cobertura se concentr\u00f3 en su participaci\u00f3n en la 89 Convenci\u00f3n Bancaria, donde abord\u00f3 temas de estabilidad financiera y crecimiento econ\u00f3mico. Anunci\u00f3 medidas relacionadas con el precio de los combustibles en el contexto de la guerra en Medio Oriente, as\u00ed como la presentaci\u00f3n de la Ley de Inversi\u00f3n Estrat\u00e9gica. Tambi\u00e9n los medios se enfocaron en su relaci\u00f3n con el Congreso en materia fiscal y a resoluciones judiciales vinculadas al SAT.<\/p>\n\n\n\n<p class=\"wp-block-paragraph\">Los Rezagados<\/p>\n\n\n\n<p class=\"wp-block-paragraph\">1. Ariadna Montiel Reyes: Secretar\u00eda de Bienestar<\/p>\n\n\n\n<p class=\"wp-block-paragraph\">Con 58% de menciones negativas, la cobertura se concentr\u00f3 en protestas de trabajadores, bloqueos en Calzada de Tlalpan y denuncias por condiciones laborales. Las notas tambi\u00e9n registraron inconformidades en la operaci\u00f3n de programas sociales en distintas entidades.<\/p>\n\n\n\n<p class=\"wp-block-paragraph\">2. Luz Elena Gonz\u00e1lez: Sener<\/p>\n\n\n\n<p class=\"wp-block-paragraph\">Su agenda se centr\u00f3 en el derrame en el golfo de M\u00e9xico, as\u00ed como en se\u00f1alamientos de corrupci\u00f3n en la asignaci\u00f3n de contratos de carb\u00f3n en Coahuila. A esto se sumaron reportes sobre fallas en el sistema el\u00e9ctrico y discusiones sobre capacidad de generaci\u00f3n de energ\u00eda. Registr\u00f3 menciones sobre medidas para contener el precio de la gasolina en el contexto mundial.<\/p>\n\n\n\n<p class=\"wp-block-paragraph\">3. Julio Berdegu\u00e9: Sader<\/p>\n\n\n\n<p class=\"wp-block-paragraph\">La cobertura se concentr\u00f3 en el bloqueo en la Universidad Aut\u00f3noma Chapingo, derivado de denuncias sobre manejo de n\u00f3mina y estructura administrativa.<\/p>\n\n\n\n<p class=\"wp-block-paragraph\">Se documentaron posicionamientos de estudiantes y personal acad\u00e9mico en contra de la secretar\u00eda que encabeza. Por \u00faltimo, entre sus positivos, destac\u00f3 el anuncio de programas de apoyo al campo y producci\u00f3n agr\u00edcola.<\/p>\n\n\n\n<p class=\"wp-block-paragraph\">4. Jes\u00fas Antonio Esteva: SICT<\/p>\n\n\n\n<p class=\"wp-block-paragraph\">Su cobertura medi\u00e1tica se vincul\u00f3 a la gira presidencial en Quintana Roo, con anuncios sobre proyectos carreteros y de conectividad.<\/p>\n\n\n\n<p class=\"wp-block-paragraph\">En sus temas, la protagonista fue la Presidenta. Las menciones se concentraron en obras en el sureste del pa\u00eds, sin registros importantes de posicionamientos propios o agenda independiente.<\/p>\n\n\n\n<p class=\"wp-block-paragraph\"><em>Con informaci\u00f3n de El Universal<\/em>.<\/p>\n","protected":false},"excerpt":{"rendered":"<p>Como cada mes, en Central de Inteligencia Pol\u00edtica (CIP) realizamos el An\u00e1lisis de Reputaci\u00f3n Medi\u00e1tica de Actores (ARMA) de los Secretarios de Estado de la doctora Claudia Sheinbaum Pardo. Los destacados 1. Marcelo Ebrard: Secretar\u00eda de Econom\u00eda Con 73% de cobertura positiva, la agenda del secretario de Econom\u00eda se concentr\u00f3 en la revisi\u00f3n del Tratado [&hellip;]<\/p>\n","protected":false},"author":6,"featured_media":82840,"comment_status":"closed","ping_status":"closed","sticky":false,"template":"","format":"standard","meta":{"_acf_changed":false,"_monsterinsights_skip_tracking":false,"slim_seo":{"title":"Garc\u00eda Harfuch y Marcelo Ebrard, los funcionarios mejor evaluados durante marzo - Opini\u00f3n P\u00fablica","description":"Como cada mes, en Central de Inteligencia Pol\u00edtica (CIP) realizamos el An\u00e1lisis de Reputaci\u00f3n Medi\u00e1tica de Actores (ARMA) de los Secretarios de Estado de la doc"},"footnotes":""},"categories":[4],"tags":[153,1349],"class_list":["post-82839","post","type-post","status-publish","format-standard","has-post-thumbnail","hentry","category-pulsopolitico","tag-marcelo-ebrard","tag-omar-garcia-harfuch"],"acf":[],"_links":{"self":[{"href":"https:\/\/www.opinionpublica.tv\/portada\/wp-json\/wp\/v2\/posts\/82839","targetHints":{"allow":["GET"]}}],"collection":[{"href":"https:\/\/www.opinionpublica.tv\/portada\/wp-json\/wp\/v2\/posts"}],"about":[{"href":"https:\/\/www.opinionpublica.tv\/portada\/wp-json\/wp\/v2\/types\/post"}],"author":[{"embeddable":true,"href":"https:\/\/www.opinionpublica.tv\/portada\/wp-json\/wp\/v2\/users\/6"}],"replies":[{"embeddable":true,"href":"https:\/\/www.opinionpublica.tv\/portada\/wp-json\/wp\/v2\/comments?post=82839"}],"version-history":[{"count":3,"href":"https:\/\/www.opinionpublica.tv\/portada\/wp-json\/wp\/v2\/posts\/82839\/revisions"}],"predecessor-version":[{"id":82843,"href":"https:\/\/www.opinionpublica.tv\/portada\/wp-json\/wp\/v2\/posts\/82839\/revisions\/82843"}],"wp:featuredmedia":[{"embeddable":true,"href":"https:\/\/www.opinionpublica.tv\/portada\/wp-json\/wp\/v2\/media\/82840"}],"wp:attachment":[{"href":"https:\/\/www.opinionpublica.tv\/portada\/wp-json\/wp\/v2\/media?parent=82839"}],"wp:term":[{"taxonomy":"category","embeddable":true,"href":"https:\/\/www.opinionpublica.tv\/portada\/wp-json\/wp\/v2\/categories?post=82839"},{"taxonomy":"post_tag","embeddable":true,"href":"https:\/\/www.opinionpublica.tv\/portada\/wp-json\/wp\/v2\/tags?post=82839"}],"curies":[{"name":"wp","href":"https:\/\/api.w.org\/{rel}","templated":true}]}}