{"id":82765,"date":"2026-04-09T00:01:00","date_gmt":"2026-04-09T06:01:00","guid":{"rendered":"https:\/\/www.opinionpublica.tv\/portada\/?p=82765"},"modified":"2026-04-08T18:27:04","modified_gmt":"2026-04-09T00:27:04","slug":"diputados-aprueban-el-plan-b-de-reforma-electoral-movimiento-ciudadano-apoyo-a-morena","status":"publish","type":"post","link":"https:\/\/www.opinionpublica.tv\/portada\/diputados-aprueban-el-plan-b-de-reforma-electoral-movimiento-ciudadano-apoyo-a-morena\/","title":{"rendered":"Diputados aprueban plan B de reforma electoral; Movimiento Ciudadano apoy\u00f3 a Morena"},"content":{"rendered":"\n<figure class=\"wp-block-image size-full\"><img fetchpriority=\"high\" decoding=\"async\" width=\"813\" height=\"542\" src=\"https:\/\/www.opinionpublica.tv\/portada\/wp-content\/uploads\/2026\/04\/Diputados-aprueban-plan-B-de-reforma-electoral-Movimiento-Ciudadano-apoyo-a-Morena.jpeg\" alt=\"Diputados aprueban plan b de reforma electoral; movimiento ciudadano apoyo\u0301 a morena\" class=\"wp-image-82768\" srcset=\"https:\/\/www.opinionpublica.tv\/portada\/wp-content\/uploads\/2026\/04\/Diputados-aprueban-plan-B-de-reforma-electoral-Movimiento-Ciudadano-apoyo-a-Morena.jpeg 813w, https:\/\/www.opinionpublica.tv\/portada\/wp-content\/uploads\/2026\/04\/Diputados-aprueban-plan-B-de-reforma-electoral-Movimiento-Ciudadano-apoyo-a-Morena-300x200.jpeg 300w, https:\/\/www.opinionpublica.tv\/portada\/wp-content\/uploads\/2026\/04\/Diputados-aprueban-plan-B-de-reforma-electoral-Movimiento-Ciudadano-apoyo-a-Morena-768x512.jpeg 768w\" sizes=\"(max-width: 813px) 100vw, 813px\" \/><\/figure>\n\n\n\n<p class=\"wp-block-paragraph\"><em>Ciudad de M\u00e9xico<\/em>.- Sin el apartado que empalmaba la revocaci\u00f3n de mandato con los comicios federales de 2026, la C\u00e1mara de Diputados aprob\u00f3 la reforma constitucional en materia electoral, denominada plan B.<\/p>\n\n\n\n<p class=\"wp-block-paragraph\">A diferencia de lo sucedido en el Senado, donde a propuesta del Partido del Trabajo se elimin\u00f3 el tema de la revocaci\u00f3n del dictamen, en San L\u00e1zaro se reactiv\u00f3 el bloque oficialista en favor de la iniciativa presidencial que le pone l\u00edmites a los gastos e integrantes de ayuntamientos y congresos locales.<\/p>\n\n\n\n<p class=\"wp-block-paragraph\">Adem\u00e1s del respaldo de las bancadas de Morena, PVEM y PT, el Plan B presidencial cont\u00f3 con los votos de los diputados de MC.<\/p>\n\n\n\n<p class=\"wp-block-paragraph\">Movimiento Ciudadano no ser\u00e1 un obst\u00e1culo para reducir privilegios y para reducir el derroche de los recursos p\u00fablicos, pero tampoco seremos comparsas del juego de distractores que se vive en el peque\u00f1o mundo de la polarizaci\u00f3n pol\u00edtica\u201d, expuso el vicecoordinador de la bancada naranja, Pablo V\u00e1zquez Ahued.<\/p>\n\n\n\n<p class=\"wp-block-paragraph\">Acci\u00f3n Nacional y PRI, sin embargo, mantuvieron su rechazo a la reforma, bajo el argumento de que debilita el federalismo, realiza cambios en los ayuntamientos ind\u00edgenas sin haber consultado a los pueblos originarios y no afronta el problema de la infiltraci\u00f3n del crimen organizado en las elecciones. Por ello, presentaron tres mociones suspensivas que no prosperaron.<\/p>\n\n\n\n<p class=\"wp-block-paragraph\">Posteriormente sigui\u00f3 el debate de la presentaci\u00f3n de 137 reservas, por conducto de 60 diputados, sin que se prevea que alguna de \u00e9stas prospere.<\/p>\n\n\n\n<p class=\"wp-block-paragraph\"><em>Con informaci\u00f3n de Exc\u00e9lsior<\/em>.<\/p>\n","protected":false},"excerpt":{"rendered":"<p>Ciudad de M\u00e9xico.- Sin el apartado que empalmaba la revocaci\u00f3n de mandato con los comicios federales de 2026, la C\u00e1mara de Diputados aprob\u00f3 la reforma constitucional en materia electoral, denominada plan B. A diferencia de lo sucedido en el Senado, donde a propuesta del Partido del Trabajo se elimin\u00f3 el tema de la revocaci\u00f3n del [&hellip;]<\/p>\n","protected":false},"author":6,"featured_media":82768,"comment_status":"closed","ping_status":"closed","sticky":false,"template":"","format":"standard","meta":{"_acf_changed":false,"_monsterinsights_skip_tracking":false,"slim_seo":{"title":"Diputados aprueban plan B de reforma electoral; Movimiento Ciudadano apoy\u00f3 a Morena - Opini\u00f3n P\u00fablica","description":"Ciudad de M\u00e9xico .- Sin el apartado que empalmaba la revocaci\u00f3n de mandato con los comicios federales de 2026, la C\u00e1mara de Diputados aprob\u00f3 la reforma constitu"},"footnotes":""},"categories":[4],"tags":[2037,2711,499],"class_list":["post-82765","post","type-post","status-publish","format-standard","has-post-thumbnail","hentry","category-pulsopolitico","tag-movimiento-ciudadano","tag-plan-b","tag-reforma-electoral"],"acf":[],"_links":{"self":[{"href":"https:\/\/www.opinionpublica.tv\/portada\/wp-json\/wp\/v2\/posts\/82765","targetHints":{"allow":["GET"]}}],"collection":[{"href":"https:\/\/www.opinionpublica.tv\/portada\/wp-json\/wp\/v2\/posts"}],"about":[{"href":"https:\/\/www.opinionpublica.tv\/portada\/wp-json\/wp\/v2\/types\/post"}],"author":[{"embeddable":true,"href":"https:\/\/www.opinionpublica.tv\/portada\/wp-json\/wp\/v2\/users\/6"}],"replies":[{"embeddable":true,"href":"https:\/\/www.opinionpublica.tv\/portada\/wp-json\/wp\/v2\/comments?post=82765"}],"version-history":[{"count":3,"href":"https:\/\/www.opinionpublica.tv\/portada\/wp-json\/wp\/v2\/posts\/82765\/revisions"}],"predecessor-version":[{"id":82770,"href":"https:\/\/www.opinionpublica.tv\/portada\/wp-json\/wp\/v2\/posts\/82765\/revisions\/82770"}],"wp:featuredmedia":[{"embeddable":true,"href":"https:\/\/www.opinionpublica.tv\/portada\/wp-json\/wp\/v2\/media\/82768"}],"wp:attachment":[{"href":"https:\/\/www.opinionpublica.tv\/portada\/wp-json\/wp\/v2\/media?parent=82765"}],"wp:term":[{"taxonomy":"category","embeddable":true,"href":"https:\/\/www.opinionpublica.tv\/portada\/wp-json\/wp\/v2\/categories?post=82765"},{"taxonomy":"post_tag","embeddable":true,"href":"https:\/\/www.opinionpublica.tv\/portada\/wp-json\/wp\/v2\/tags?post=82765"}],"curies":[{"name":"wp","href":"https:\/\/api.w.org\/{rel}","templated":true}]}}