{"id":82759,"date":"2026-04-09T00:01:00","date_gmt":"2026-04-09T06:01:00","guid":{"rendered":"https:\/\/www.opinionpublica.tv\/portada\/?p=82759"},"modified":"2026-04-08T18:18:27","modified_gmt":"2026-04-09T00:18:27","slug":"cuenta-regresiva-dia-y-hora-en-que-la-mision-artemis-ii-regresa-a-la-tierra","status":"publish","type":"post","link":"https:\/\/www.opinionpublica.tv\/portada\/cuenta-regresiva-dia-y-hora-en-que-la-mision-artemis-ii-regresa-a-la-tierra\/","title":{"rendered":"Cuenta regresiva: d\u00eda y hora en que la hist\u00f3rica misi\u00f3n Artemis II regresa a la Tierra"},"content":{"rendered":"\n<figure class=\"wp-block-image size-full\"><img fetchpriority=\"high\" decoding=\"async\" width=\"800\" height=\"450\" src=\"https:\/\/www.opinionpublica.tv\/portada\/wp-content\/uploads\/2026\/04\/Cuenta-regresiva-dia-y-hora-en-que-la-historica-mision-Artemis-II-regresa-a-la-Tierra.jpeg\" alt=\"Cuenta regresiva di\u0301a y hora en que la histo\u0301rica misio\u0301n artemis ii regresa a la tierra\" class=\"wp-image-82763\" srcset=\"https:\/\/www.opinionpublica.tv\/portada\/wp-content\/uploads\/2026\/04\/Cuenta-regresiva-dia-y-hora-en-que-la-historica-mision-Artemis-II-regresa-a-la-Tierra.jpeg 800w, https:\/\/www.opinionpublica.tv\/portada\/wp-content\/uploads\/2026\/04\/Cuenta-regresiva-dia-y-hora-en-que-la-historica-mision-Artemis-II-regresa-a-la-Tierra-300x169.jpeg 300w, https:\/\/www.opinionpublica.tv\/portada\/wp-content\/uploads\/2026\/04\/Cuenta-regresiva-dia-y-hora-en-que-la-historica-mision-Artemis-II-regresa-a-la-Tierra-768x432.jpeg 768w\" sizes=\"(max-width: 800px) 100vw, 800px\" \/><\/figure>\n\n\n\n<p class=\"wp-block-paragraph\">La misi\u00f3n Artemis II ha capturado la atenci\u00f3n mundial al convertirse en el primer viaje tripulado en d\u00e9cadas que rodea la Luna. Durante su sexto d\u00eda, la c\u00e1psula Ori\u00f3n atraves\u00f3 la cara oculta del sat\u00e9lite natural, una regi\u00f3n invisible desde la Tierra.<\/p>\n\n\n\n<p class=\"wp-block-paragraph\">Este momento gener\u00f3 un silencio de comunicaciones de aproximadamente 40 minutos, un fen\u00f3meno esperado debido a la falta de se\u00f1al directa. Durante ese tiempo, la tripulaci\u00f3n pudo observar detalles impresionantes del terreno lunar, como cr\u00e1teres, formaciones geol\u00f3gicas y matices de color que pocas veces han sido documentados por humanos.<\/p>\n\n\n\n<p class=\"wp-block-paragraph\">Con esta maniobra completada con \u00e9xito, la nave inici\u00f3 su trayecto de regreso, cerrando as\u00ed uno de los cap\u00edtulos m\u00e1s importantes de la exploraci\u00f3n espacial moderna liderada por la NASA.<\/p>\n\n\n\n<p class=\"wp-block-paragraph\"><strong>\u00bfCu\u00e1ndo ser\u00e1 el amerizaje de Artemis II?<\/strong><\/p>\n\n\n\n<p class=\"wp-block-paragraph\">El momento clave est\u00e1 cada vez m\u00e1s cerca. De acuerdo con la NASA, el amerizaje de la c\u00e1psula Ori\u00f3n est\u00e1 programado para el viernes 10 de abril a las 18:07 horas (tiempo del centro de M\u00e9xico).<\/p>\n\n\n\n<p class=\"wp-block-paragraph\">La nave descender\u00e1 utilizando un sistema de paraca\u00eddas que permitir\u00e1 una ca\u00edda controlada hasta impactar suavemente en el oc\u00e9ano Pac\u00edfico, frente a las costas de San Diego.<\/p>\n\n\n\n<p class=\"wp-block-paragraph\">Se espera que este procedimiento sea seguido en tiempo real por millones de personas en todo el mundo, marcando el cierre de una misi\u00f3n de aproximadamente 10 d\u00edas.<\/p>\n\n\n\n<p class=\"wp-block-paragraph\"><strong>Cronograma del \u00faltimo d\u00eda de la misi\u00f3n<\/strong><\/p>\n\n\n\n<p class=\"wp-block-paragraph\">La jornada final de Artemis II est\u00e1 cuidadosamente planificada. Estas son las actividades m\u00e1s importantes del viernes 10 de abril:<\/p>\n\n\n\n<p class=\"wp-block-paragraph\">01:05 horas:&nbsp;Inicio del periodo de descanso de la tripulaci\u00f3n<\/p>\n\n\n\n<p class=\"wp-block-paragraph\">09:35 horas: D\u00eda 10 de vuelo, la tripulaci\u00f3n se despierta<\/p>\n\n\n\n<p class=\"wp-block-paragraph\">11:50 horas:&nbsp;Preparaci\u00f3n de la cabina para la reentrada<\/p>\n\n\n\n<p class=\"wp-block-paragraph\">12:53 horas:&nbsp;Maniobras de correcci\u00f3n de trayectoria<\/p>\n\n\n\n<p class=\"wp-block-paragraph\">16:30 horas:&nbsp;Inicio de la transmisi\u00f3n en vivo del regreso<\/p>\n\n\n\n<p class=\"wp-block-paragraph\">17:33 horas:&nbsp;Separaci\u00f3n de m\u00f3dulos de la nave<\/p>\n\n\n\n<p class=\"wp-block-paragraph\">17:53 horas:&nbsp;Entrada a la atm\u00f3sfera terrestre<\/p>\n\n\n\n<p class=\"wp-block-paragraph\">18:07 horas:&nbsp;Amerizaje en el oc\u00e9ano Pac\u00edfico<\/p>\n\n\n\n<p class=\"wp-block-paragraph\">20:30 horas:&nbsp;Conferencia de prensa desde el Centro Espacial Johnson<\/p>\n\n\n\n<p class=\"wp-block-paragraph\">Cada etapa es crucial para garantizar un regreso seguro, especialmente el momento de la reentrada, donde la nave enfrenta temperaturas extremas.<\/p>\n\n\n\n<p class=\"wp-block-paragraph\"><strong>\u00bfQu\u00e9 pasar\u00e1 durante el amerizaje?<\/strong><\/p>\n\n\n\n<p class=\"wp-block-paragraph\">El descenso de la c\u00e1psula Ori\u00f3n ser\u00e1 una de las fases m\u00e1s delicadas de toda la misi\u00f3n. Tras atravesar la atm\u00f3sfera terrestre, desplegar\u00e1 sus paraca\u00eddas para reducir la velocidad antes de tocar el agua.<\/p>\n\n\n\n<p class=\"wp-block-paragraph\">Las condiciones clim\u00e1ticas juegan un papel determinante. Factores como el oleaje, la altura de las olas y la estabilidad del mar pueden influir en la complejidad de la operaci\u00f3n. Por ello, equipos especializados monitorean constantemente el entorno para garantizar un aterrizaje seguro.<\/p>\n\n\n\n<p class=\"wp-block-paragraph\">En caso de condiciones adversas, existe la posibilidad de ajustar la zona de amerizaje para minimizar riesgos.<\/p>\n\n\n\n<p class=\"wp-block-paragraph\">Una vez que la c\u00e1psula toque el agua, comenzar\u00e1 un operativo de recuperaci\u00f3n coordinado por la Marina de Estados Unidos. El buque USS John P. Murtha ser\u00e1 el encargado de recoger a la tripulaci\u00f3n.<\/p>\n\n\n\n<p class=\"wp-block-paragraph\">Los astronautas ser\u00e1n trasladados a bordo del barco, donde recibir\u00e1n evaluaciones m\u00e9dicas iniciales para verificar su estado de salud tras el viaje espacial.<\/p>\n\n\n\n<p class=\"wp-block-paragraph\">Posteriormente, ser\u00e1n llevados de regreso a Houston, donde continuar\u00e1n los an\u00e1lisis en el Centro Espacial Johnson, centro clave de operaciones de la NASA. Un paso m\u00e1s hacia el regreso a la Luna.<\/p>\n\n\n\n<p class=\"wp-block-paragraph\"><strong>La misi\u00f3n Artemis II\u00a0AFP<\/strong><\/p>\n\n\n\n<p class=\"wp-block-paragraph\">El \u00e9xito de Artemis II representa mucho m\u00e1s que una misi\u00f3n completada: es una pieza fundamental en el ambicioso plan de regresar humanos a la superficie lunar en los pr\u00f3ximos a\u00f1os.<\/p>\n\n\n\n<p class=\"wp-block-paragraph\"><em>Con informaci\u00f3n de Exc\u00e9lsior<\/em>.<\/p>\n","protected":false},"excerpt":{"rendered":"<p>La misi\u00f3n Artemis II ha capturado la atenci\u00f3n mundial al convertirse en el primer viaje tripulado en d\u00e9cadas que rodea la Luna. Durante su sexto d\u00eda, la c\u00e1psula Ori\u00f3n atraves\u00f3 la cara oculta del sat\u00e9lite natural, una regi\u00f3n invisible desde la Tierra. Este momento gener\u00f3 un silencio de comunicaciones de aproximadamente 40 minutos, un fen\u00f3meno [&hellip;]<\/p>\n","protected":false},"author":6,"featured_media":82763,"comment_status":"closed","ping_status":"closed","sticky":false,"template":"","format":"standard","meta":{"_acf_changed":false,"_monsterinsights_skip_tracking":false,"slim_seo":{"title":"Cuenta regresiva: d\u00eda y hora en que la hist\u00f3rica misi\u00f3n Artemis II regresa a la Tierra - Opini\u00f3n P\u00fablica","description":"La misi\u00f3n Artemis II ha capturado la atenci\u00f3n mundial al convertirse en el primer viaje tripulado en d\u00e9cadas que rodea la Luna. Durante su sexto d\u00eda, la c\u00e1psula"},"footnotes":""},"categories":[22],"tags":[2883,612,957],"class_list":["post-82759","post","type-post","status-publish","format-standard","has-post-thumbnail","hentry","category-ciencia-y-tecnologia","tag-artemis-ii","tag-nasa","tag-viaje-a-la-luna"],"acf":[],"_links":{"self":[{"href":"https:\/\/www.opinionpublica.tv\/portada\/wp-json\/wp\/v2\/posts\/82759","targetHints":{"allow":["GET"]}}],"collection":[{"href":"https:\/\/www.opinionpublica.tv\/portada\/wp-json\/wp\/v2\/posts"}],"about":[{"href":"https:\/\/www.opinionpublica.tv\/portada\/wp-json\/wp\/v2\/types\/post"}],"author":[{"embeddable":true,"href":"https:\/\/www.opinionpublica.tv\/portada\/wp-json\/wp\/v2\/users\/6"}],"replies":[{"embeddable":true,"href":"https:\/\/www.opinionpublica.tv\/portada\/wp-json\/wp\/v2\/comments?post=82759"}],"version-history":[{"count":3,"href":"https:\/\/www.opinionpublica.tv\/portada\/wp-json\/wp\/v2\/posts\/82759\/revisions"}],"predecessor-version":[{"id":82764,"href":"https:\/\/www.opinionpublica.tv\/portada\/wp-json\/wp\/v2\/posts\/82759\/revisions\/82764"}],"wp:featuredmedia":[{"embeddable":true,"href":"https:\/\/www.opinionpublica.tv\/portada\/wp-json\/wp\/v2\/media\/82763"}],"wp:attachment":[{"href":"https:\/\/www.opinionpublica.tv\/portada\/wp-json\/wp\/v2\/media?parent=82759"}],"wp:term":[{"taxonomy":"category","embeddable":true,"href":"https:\/\/www.opinionpublica.tv\/portada\/wp-json\/wp\/v2\/categories?post=82759"},{"taxonomy":"post_tag","embeddable":true,"href":"https:\/\/www.opinionpublica.tv\/portada\/wp-json\/wp\/v2\/tags?post=82759"}],"curies":[{"name":"wp","href":"https:\/\/api.w.org\/{rel}","templated":true}]}}