{"id":82602,"date":"2026-04-11T00:01:00","date_gmt":"2026-04-11T06:01:00","guid":{"rendered":"https:\/\/www.opinionpublica.tv\/portada\/?p=82602"},"modified":"2026-04-09T19:45:21","modified_gmt":"2026-04-10T01:45:21","slug":"la-reforma-que-nacio-muerta","status":"publish","type":"post","link":"https:\/\/www.opinionpublica.tv\/portada\/la-reforma-que-nacio-muerta\/","title":{"rendered":"La reforma que naci\u00f3 muerta"},"content":{"rendered":"\n<h4 class=\"wp-block-heading\">Roy Campos<\/h4>\n\n\n\n<p class=\"wp-block-paragraph\">___________________________<\/p>\n\n\n\n<p class=\"wp-block-paragraph\">La reforma electoral enviada por la presidenta Claudia Sheinbaum naci\u00f3 sin los votos necesarios para vivir. Y cuando una reforma constitucional nace sin mayor\u00eda calificada, lo que tenemos no es una propuesta legislativa, sino un movimiento pol\u00edtico.<\/p>\n\n\n\n<p class=\"wp-block-paragraph\">No sabemos exactamente c\u00f3mo se construy\u00f3 la \u00faltima versi\u00f3n ni cu\u00e1les fueron los acuerdos \u2014o desacuerdos\u2014 dentro de la coalici\u00f3n gobernante. Pero s\u00ed sabemos lo esencial: Morena no tuvo por s\u00ed sola la mayor\u00eda calificada, y sus aliados, el PT y el Partido Verde, no acompa\u00f1aron la iniciativa original a pesar de muchas reuniones de negociaci\u00f3n; y despu\u00e9s del PT no estuvo dispuesto a cambiar la fecha de la revocaci\u00f3n (o ratificaci\u00f3n como se ve cuando nadie desea la renuncia del gobernante), y aun as\u00ed, la presidenta envi\u00f3 esas propuestas al congreso.<\/p>\n\n\n\n<p class=\"wp-block-paragraph\">\u00c9sta no es fue reforma improvisada o una ocurrencia coyuntural. Era un proyecto que viene desde la etapa de L\u00f3pez Obrador: reducir el costo de la democracia, ajustar la representaci\u00f3n, modificar reglas que \u2014seg\u00fan su narrativa\u2014 favorecen a las \u00e9lites pol\u00edticas. Pero ahora llevaba la firma de la presidenta Claudia Sheinbaum.<\/p>\n\n\n\n<p class=\"wp-block-paragraph\">Y eso la convierte en algo que reclama un an\u00e1lisis distinto, porque cuando la presidenta decidi\u00f3 enviar una reforma sabiendo que no tiene los votos para aprobarla, envi\u00f3 un mensaje pol\u00edtico, no legislativo.<\/p>\n\n\n\n<p class=\"wp-block-paragraph\">La reforma gener\u00f3 una tensi\u00f3n que no hab\u00edamos visto en la 4T; despu\u00e9s de m\u00faltiples reuniones, negociaciones y seguramente presiones, el PT y el Verde se mantuvieron firmes. No fueron con la reforma y la raz\u00f3n es simple: afectaba su supervivencia.<\/p>\n\n\n\n<p class=\"wp-block-paragraph\">Los puntos m\u00e1s sensibles eran dos en la iniciativa original:<\/p>\n\n\n\n<p class=\"wp-block-paragraph\">Reducci\u00f3n de financiamiento.<\/p>\n\n\n\n<p class=\"wp-block-paragraph\">Ajustes en representaci\u00f3n proporcional.<\/p>\n\n\n\n<p class=\"wp-block-paragraph\">Ambos golpean directamente el modelo que les ha permitido mantenerse con vida y por momentos crecer. Para estos partidos la reforma no era ideol\u00f3gica; firmarla ser\u00eda aceptar una reducci\u00f3n de su poder pol\u00edtico.<\/p>\n\n\n\n<p class=\"wp-block-paragraph\">La presidenta ten\u00eda una alternativa: enviar una versi\u00f3n \u201cdescafeinada\u201d, eliminar los puntos que incomodaban a sus aliados, aprobar algo y mantener la narrativa de unidad.<\/p>\n\n\n\n<p class=\"wp-block-paragraph\">Pero no lo hizo as\u00ed, en lugar de simplemente quitar los puntos que incomodaban o enviar reformas a las leyes secundarias, envi\u00f3 una nueva reforma completa, que ahora tra\u00eda otro punto que molestaba, abrir la posibilidad de una probable ejercicio de revocaci\u00f3n y meter a la presidenta en la campa\u00f1a electoral de 2027, e incluy\u00f3 este punto sabiendo que no ser\u00eda aprobada como ocurri\u00f3 con la negativa del PT.<\/p>\n\n\n\n<p class=\"wp-block-paragraph\">En mi opini\u00f3n, no fue un error de la presidenta, fue una decisi\u00f3n pol\u00edtica y el mensaje no iba dirigido a la oposici\u00f3n tradicional (el PAN, el PRI o Movimiento Ciudadano no son determinantes en esta ecuaci\u00f3n). El mensaje iba dirigido a sus aliados el PT y el Verde: si no apoyan esta reforma, est\u00e1n defendiendo privilegios y lo pagar\u00e1n en 2027.<\/p>\n\n\n\n<p class=\"wp-block-paragraph\">Eso cambia la relaci\u00f3n, \u00bfestamos ante el inicio de una ruptura? No necesariamente ruptura pero s\u00ed estamos ante la primera grieta visible.<\/p>\n\n\n\n<p class=\"wp-block-paragraph\">Durante a\u00f1os, la 4T ha funcionado como un bloque disciplinado, incluso cuando hay diferencias internas, genera narrativas y llamados a la cohesi\u00f3n. Hoy eso empieza a cambiar.<\/p>\n\n\n\n<p class=\"wp-block-paragraph\">Estamos en un a\u00f1o previo a la elecci\u00f3n intermedia. Y las reglas electorales siempre son reglas de poder. El PT y el Verde ya han se\u00f1alado que ir\u00e1n juntos con Morena en el siguiente proceso, pero esa alianza depende de condiciones.<\/p>\n\n\n\n<p class=\"wp-block-paragraph\">En 2024 obtuvieron candidaturas, distritos y posiciones que les permitieron construir bancadas relevantes. Si esas condiciones cambian, cambia su incentivo para mantenerse alineados.<\/p>\n\n\n\n<p class=\"wp-block-paragraph\">Y eso tiene consecuencias porque sin ellos, Morena dif\u00edcilmente podr\u00e1 alcanzar mayor\u00eda calificada en el futuro.<\/p>\n\n\n\n<p class=\"wp-block-paragraph\">Las reformas que defendieron Morena y la presidenta nacieron sin votos; entonces, si ni la reforma ni el llamado Plan B se aprobar\u00edan \u00bfpor qu\u00e9 enviarlos?<\/p>\n\n\n\n<p class=\"wp-block-paragraph\">Porque cumpl\u00edan otros objetivos:<\/p>\n\n\n\n<p class=\"wp-block-paragraph\">Marcan posici\u00f3n frente a la opini\u00f3n p\u00fablica de que desea cambio.<\/p>\n\n\n\n<p class=\"wp-block-paragraph\">Presionan a los aliados.<\/p>\n\n\n\n<p class=\"wp-block-paragraph\">Definen agenda en temas populares rumbo a la elecci\u00f3n intermedia.<\/p>\n\n\n\n<p class=\"wp-block-paragraph\">Y permiten a la presidenta decir: \u201cyo cumpl\u00ed\u201d, otros obstaculizan.<\/p>\n\n\n\n<p class=\"wp-block-paragraph\">Las coaliciones no se rompen de un d\u00eda para otro, se desgastan; y estas reformas pueden ser el primer cap\u00edtulo de ese desgaste; eso, en pol\u00edtica, siempre ocurre, tarde o temprano pero ocurre.<\/p>\n","protected":false},"excerpt":{"rendered":"<p>Roy Campos ___________________________ La reforma electoral enviada por la presidenta Claudia Sheinbaum naci\u00f3 sin los votos necesarios para vivir. Y cuando una reforma constitucional nace sin mayor\u00eda calificada, lo que tenemos no es una propuesta legislativa, sino un movimiento pol\u00edtico. No sabemos exactamente c\u00f3mo se construy\u00f3 la \u00faltima versi\u00f3n ni cu\u00e1les fueron los acuerdos \u2014o [&hellip;]<\/p>\n","protected":false},"author":6,"featured_media":69631,"comment_status":"closed","ping_status":"closed","sticky":false,"template":"","format":"standard","meta":{"_acf_changed":false,"_monsterinsights_skip_tracking":false,"slim_seo":{"title":"La reforma que naci\u00f3 muerta - Opini\u00f3n P\u00fablica","description":"Roy Campos ___________________________ La reforma electoral enviada por la presidenta Claudia Sheinbaum naci\u00f3 sin los votos necesarios para vivir. Y cuando una"},"footnotes":""},"categories":[35],"tags":[307,499,195],"class_list":["post-82602","post","type-post","status-publish","format-standard","has-post-thumbnail","hentry","category-roy-campos-opina","tag-claudia-sheinbaum","tag-reforma-electoral","tag-roy-campos"],"acf":[],"_links":{"self":[{"href":"https:\/\/www.opinionpublica.tv\/portada\/wp-json\/wp\/v2\/posts\/82602","targetHints":{"allow":["GET"]}}],"collection":[{"href":"https:\/\/www.opinionpublica.tv\/portada\/wp-json\/wp\/v2\/posts"}],"about":[{"href":"https:\/\/www.opinionpublica.tv\/portada\/wp-json\/wp\/v2\/types\/post"}],"author":[{"embeddable":true,"href":"https:\/\/www.opinionpublica.tv\/portada\/wp-json\/wp\/v2\/users\/6"}],"replies":[{"embeddable":true,"href":"https:\/\/www.opinionpublica.tv\/portada\/wp-json\/wp\/v2\/comments?post=82602"}],"version-history":[{"count":2,"href":"https:\/\/www.opinionpublica.tv\/portada\/wp-json\/wp\/v2\/posts\/82602\/revisions"}],"predecessor-version":[{"id":82604,"href":"https:\/\/www.opinionpublica.tv\/portada\/wp-json\/wp\/v2\/posts\/82602\/revisions\/82604"}],"wp:featuredmedia":[{"embeddable":true,"href":"https:\/\/www.opinionpublica.tv\/portada\/wp-json\/wp\/v2\/media\/69631"}],"wp:attachment":[{"href":"https:\/\/www.opinionpublica.tv\/portada\/wp-json\/wp\/v2\/media?parent=82602"}],"wp:term":[{"taxonomy":"category","embeddable":true,"href":"https:\/\/www.opinionpublica.tv\/portada\/wp-json\/wp\/v2\/categories?post=82602"},{"taxonomy":"post_tag","embeddable":true,"href":"https:\/\/www.opinionpublica.tv\/portada\/wp-json\/wp\/v2\/tags?post=82602"}],"curies":[{"name":"wp","href":"https:\/\/api.w.org\/{rel}","templated":true}]}}