{"id":82306,"date":"2026-04-02T00:01:00","date_gmt":"2026-04-02T06:01:00","guid":{"rendered":"https:\/\/www.opinionpublica.tv\/portada\/?p=82306"},"modified":"2026-04-01T20:49:16","modified_gmt":"2026-04-02T02:49:16","slug":"oficinas-del-gobierno-municipal-estaran-cerradas-jueves-y-viernes-por-semana-mayor","status":"publish","type":"post","link":"https:\/\/www.opinionpublica.tv\/portada\/oficinas-del-gobierno-municipal-estaran-cerradas-jueves-y-viernes-por-semana-mayor\/","title":{"rendered":"Las oficinas del Municipio estar\u00e1n cerradas jueves y viernes por Semana Mayor"},"content":{"rendered":"\n<figure class=\"wp-block-image size-large\"><img fetchpriority=\"high\" decoding=\"async\" width=\"1024\" height=\"682\" src=\"https:\/\/www.opinionpublica.tv\/portada\/wp-content\/uploads\/2026\/04\/Las-oficinas-del-Municipio-estaran-cerradas-jueves-y-viernes-por-Semana-Mayor-1024x682.jpeg\" alt=\"Las oficinas del municipio estara\u0301n cerradas jueves y viernes por semana mayor\" class=\"wp-image-82311\" srcset=\"https:\/\/www.opinionpublica.tv\/portada\/wp-content\/uploads\/2026\/04\/Las-oficinas-del-Municipio-estaran-cerradas-jueves-y-viernes-por-Semana-Mayor-1024x682.jpeg 1024w, https:\/\/www.opinionpublica.tv\/portada\/wp-content\/uploads\/2026\/04\/Las-oficinas-del-Municipio-estaran-cerradas-jueves-y-viernes-por-Semana-Mayor-300x200.jpeg 300w, https:\/\/www.opinionpublica.tv\/portada\/wp-content\/uploads\/2026\/04\/Las-oficinas-del-Municipio-estaran-cerradas-jueves-y-viernes-por-Semana-Mayor-768x512.jpeg 768w, https:\/\/www.opinionpublica.tv\/portada\/wp-content\/uploads\/2026\/04\/Las-oficinas-del-Municipio-estaran-cerradas-jueves-y-viernes-por-Semana-Mayor-1536x1023.jpeg 1536w, https:\/\/www.opinionpublica.tv\/portada\/wp-content\/uploads\/2026\/04\/Las-oficinas-del-Municipio-estaran-cerradas-jueves-y-viernes-por-Semana-Mayor.jpeg 1600w\" sizes=\"(max-width: 1024px) 100vw, 1024px\" \/><\/figure>\n\n\n\n<p class=\"wp-block-paragraph\"><em>Ciudad Ju\u00e1rez, Chih<\/em>.- Este jueves 2 y el viernes 3 de abril ser\u00e1n d\u00edas de asueto para los empleados municipales, dio a conocer la oficina de Recursos Humanos.<\/p>\n\n\n\n<p class=\"wp-block-paragraph\">Se explic\u00f3 que descansar\u00e1n todos los empleados municipales, de confianza y sindicalizados, por lo que se suspender\u00e1n las atenciones en la Unidad Administrativa \u201cLic. Benito Ju\u00e1rez\u201d (presidencia municipal), as\u00ed como en el edificio Nielsen y la Coordinadora de Atenci\u00f3n Ciudadana del Suroriente, en la colonia Zaragoza.<\/p>\n\n\n\n<p class=\"wp-block-paragraph\">Los d\u00edas de asueto estar\u00e1n laborando aquellas direcciones que por la naturaleza de sus funciones requieren seguir operando, tal es el caso de la Coordinaci\u00f3n de Seguridad Vial, Protecci\u00f3n Civil y la Secretar\u00eda de Seguridad P\u00fablica Municipal.<\/p>\n\n\n\n<p class=\"wp-block-paragraph\">Se inform\u00f3 que las actividades se reanudar\u00e1n hasta el lunes 6 de abril.<\/p>\n","protected":false},"excerpt":{"rendered":"<p>Ciudad Ju\u00e1rez, Chih.- Este jueves 2 y el viernes 3 de abril ser\u00e1n d\u00edas de asueto para los empleados municipales, dio a conocer la oficina de Recursos Humanos. Se explic\u00f3 que descansar\u00e1n todos los empleados municipales, de confianza y sindicalizados, por lo que se suspender\u00e1n las atenciones en la Unidad Administrativa \u201cLic. Benito Ju\u00e1rez\u201d (presidencia [&hellip;]<\/p>\n","protected":false},"author":6,"featured_media":82311,"comment_status":"closed","ping_status":"closed","sticky":false,"template":"","format":"standard","meta":{"_acf_changed":false,"_monsterinsights_skip_tracking":false,"slim_seo":{"title":"Las oficinas del Municipio estar\u00e1n cerradas jueves y viernes por Semana Mayor - Opini\u00f3n P\u00fablica","description":"Ciudad Ju\u00e1rez, Chih .- Este jueves 2 y el viernes 3 de abril ser\u00e1n d\u00edas de asueto para los empleados municipales, dio a conocer la oficina de Recursos Humanos."},"footnotes":""},"categories":[41],"tags":[1200,1201,147],"class_list":["post-82306","post","type-post","status-publish","format-standard","has-post-thumbnail","hentry","category-juarez","tag-dia-de-asueto","tag-gobierno-municipal","tag-semana-santa"],"acf":[],"_links":{"self":[{"href":"https:\/\/www.opinionpublica.tv\/portada\/wp-json\/wp\/v2\/posts\/82306","targetHints":{"allow":["GET"]}}],"collection":[{"href":"https:\/\/www.opinionpublica.tv\/portada\/wp-json\/wp\/v2\/posts"}],"about":[{"href":"https:\/\/www.opinionpublica.tv\/portada\/wp-json\/wp\/v2\/types\/post"}],"author":[{"embeddable":true,"href":"https:\/\/www.opinionpublica.tv\/portada\/wp-json\/wp\/v2\/users\/6"}],"replies":[{"embeddable":true,"href":"https:\/\/www.opinionpublica.tv\/portada\/wp-json\/wp\/v2\/comments?post=82306"}],"version-history":[{"count":4,"href":"https:\/\/www.opinionpublica.tv\/portada\/wp-json\/wp\/v2\/posts\/82306\/revisions"}],"predecessor-version":[{"id":82312,"href":"https:\/\/www.opinionpublica.tv\/portada\/wp-json\/wp\/v2\/posts\/82306\/revisions\/82312"}],"wp:featuredmedia":[{"embeddable":true,"href":"https:\/\/www.opinionpublica.tv\/portada\/wp-json\/wp\/v2\/media\/82311"}],"wp:attachment":[{"href":"https:\/\/www.opinionpublica.tv\/portada\/wp-json\/wp\/v2\/media?parent=82306"}],"wp:term":[{"taxonomy":"category","embeddable":true,"href":"https:\/\/www.opinionpublica.tv\/portada\/wp-json\/wp\/v2\/categories?post=82306"},{"taxonomy":"post_tag","embeddable":true,"href":"https:\/\/www.opinionpublica.tv\/portada\/wp-json\/wp\/v2\/tags?post=82306"}],"curies":[{"name":"wp","href":"https:\/\/api.w.org\/{rel}","templated":true}]}}