{"id":82300,"date":"2026-04-02T00:01:00","date_gmt":"2026-04-02T06:01:00","guid":{"rendered":"https:\/\/www.opinionpublica.tv\/portada\/?p=82300"},"modified":"2026-04-01T20:41:54","modified_gmt":"2026-04-02T02:41:54","slug":"cierra-con-record-el-programa-de-incentivos-en-el-pago-del-impuesto-predial-en-juarez","status":"publish","type":"post","link":"https:\/\/www.opinionpublica.tv\/portada\/cierra-con-record-el-programa-de-incentivos-en-el-pago-del-impuesto-predial-en-juarez\/","title":{"rendered":"Cierra con r\u00e9cord programa de incentivos en el pago del Impuesto Predial en Ju\u00e1rez"},"content":{"rendered":"\n<figure class=\"wp-block-image size-large\"><img fetchpriority=\"high\" decoding=\"async\" width=\"1024\" height=\"682\" src=\"https:\/\/www.opinionpublica.tv\/portada\/wp-content\/uploads\/2026\/04\/Cierra-con-record-programa-de-incentivos-en-el-pago-del-Impuesto-Predial-en-Juarez-1024x682.jpeg\" alt=\"Cierra con re\u0301cord programa de incentivos en el pago del impuesto predial en jua\u0301rez\" class=\"wp-image-82304\" srcset=\"https:\/\/www.opinionpublica.tv\/portada\/wp-content\/uploads\/2026\/04\/Cierra-con-record-programa-de-incentivos-en-el-pago-del-Impuesto-Predial-en-Juarez-1024x682.jpeg 1024w, https:\/\/www.opinionpublica.tv\/portada\/wp-content\/uploads\/2026\/04\/Cierra-con-record-programa-de-incentivos-en-el-pago-del-Impuesto-Predial-en-Juarez-300x200.jpeg 300w, https:\/\/www.opinionpublica.tv\/portada\/wp-content\/uploads\/2026\/04\/Cierra-con-record-programa-de-incentivos-en-el-pago-del-Impuesto-Predial-en-Juarez-768x512.jpeg 768w, https:\/\/www.opinionpublica.tv\/portada\/wp-content\/uploads\/2026\/04\/Cierra-con-record-programa-de-incentivos-en-el-pago-del-Impuesto-Predial-en-Juarez-1536x1023.jpeg 1536w, https:\/\/www.opinionpublica.tv\/portada\/wp-content\/uploads\/2026\/04\/Cierra-con-record-programa-de-incentivos-en-el-pago-del-Impuesto-Predial-en-Juarez.jpeg 1600w\" sizes=\"(max-width: 1024px) 100vw, 1024px\" \/><\/figure>\n\n\n\n<p class=\"wp-block-paragraph\"><em>Ciudad Ju\u00e1rez, Chih<\/em>.- El Gobierno Municipal inform\u00f3 que el pasado 31 de marzo concluy\u00f3 oficialmente el programa de incentivos en el pago del Impuesto Predial, mediante el cual se otorgaron beneficios a los contribuyentes cumplidos durante el primer trimestre del a\u00f1o.<\/p>\n\n\n\n<p class=\"wp-block-paragraph\">El coordinador general de Comunicaci\u00f3n Social, Carlos Israel N\u00e1jera Pay\u00e1n, dio a conocer que este esquema permiti\u00f3 ofrecer descuentos escalonados: hasta un 20 por ciento en enero para los primeros 10 mil contribuyentes, el 15 por ciento en el resto del mes, 10 por ciento en febrero y 5 por ciento durante marzo.<\/p>\n\n\n\n<p class=\"wp-block-paragraph\">Destac\u00f3 que tan solo en marzo se registr\u00f3 una recaudaci\u00f3n de 115 millones 216 mil 866 pesos, lo que representa un incremento cercano a los 25 millones de pesos, en comparaci\u00f3n con el mismo mes del a\u00f1o anterior.<\/p>\n\n\n\n<p class=\"wp-block-paragraph\">En t\u00e9rminos globales, del 1 de enero al 31 de marzo se alcanz\u00f3 una recaudaci\u00f3n total de mil 752 millones 834 mil 705 pesos, superando significativamente los mil 543 millones obtenidos en el mismo periodo del a\u00f1o pasado.<\/p>\n\n\n\n<p class=\"wp-block-paragraph\">Asimismo, inform\u00f3 que 298 mil 302 cuentas fueron liquidadas durante este periodo, lo que representa un aumento de casi 10 mil contribuyentes en comparaci\u00f3n con el 2025.<\/p>\n\n\n\n<p class=\"wp-block-paragraph\">Las autoridades municipales se\u00f1alaron que estos resultados reflejan la confianza de la ciudadan\u00eda en la administraci\u00f3n encabezada por el Presidente Municipal, Cruz P\u00e9rez Cu\u00e9llar, adem\u00e1s de permitir fortalecer la inversi\u00f3n en servicios p\u00fablicos como alumbrado, recolecci\u00f3n de basura y programas de pavimentaci\u00f3n.<\/p>\n\n\n\n<p class=\"wp-block-paragraph\">Record\u00f3 que este esquema corresponde a incentivos por pronto pago, por lo que a partir de abril ya no se aplican descuentos directos al predial.<\/p>\n\n\n\n<p class=\"wp-block-paragraph\">No obstante, la Tesorer\u00eda Municipal continuar\u00e1 ofreciendo facilidades para contribuyentes rezagados, como descuentos en recargos, convenios de pago y atenci\u00f3n en m\u00f3dulos durante las Cruzadas por Ju\u00e1rez.<\/p>\n","protected":false},"excerpt":{"rendered":"<p>Ciudad Ju\u00e1rez, Chih.- El Gobierno Municipal inform\u00f3 que el pasado 31 de marzo concluy\u00f3 oficialmente el programa de incentivos en el pago del Impuesto Predial, mediante el cual se otorgaron beneficios a los contribuyentes cumplidos durante el primer trimestre del a\u00f1o. El coordinador general de Comunicaci\u00f3n Social, Carlos Israel N\u00e1jera Pay\u00e1n, dio a conocer que [&hellip;]<\/p>\n","protected":false},"author":6,"featured_media":82304,"comment_status":"closed","ping_status":"closed","sticky":false,"template":"","format":"standard","meta":{"_acf_changed":false,"_monsterinsights_skip_tracking":false,"slim_seo":{"title":"Cierra con r\u00e9cord programa de incentivos en el pago del Impuesto Predial en Ju\u00e1rez - Opini\u00f3n P\u00fablica","description":"Ciudad Ju\u00e1rez, Chih .- El Gobierno Municipal inform\u00f3 que el pasado 31 de marzo concluy\u00f3 oficialmente el programa de incentivos en el pago del Impuesto Predial,"},"footnotes":""},"categories":[41],"tags":[608,880],"class_list":["post-82300","post","type-post","status-publish","format-standard","has-post-thumbnail","hentry","category-juarez","tag-ciudad-juarez","tag-impuesto-predial"],"acf":[],"_links":{"self":[{"href":"https:\/\/www.opinionpublica.tv\/portada\/wp-json\/wp\/v2\/posts\/82300","targetHints":{"allow":["GET"]}}],"collection":[{"href":"https:\/\/www.opinionpublica.tv\/portada\/wp-json\/wp\/v2\/posts"}],"about":[{"href":"https:\/\/www.opinionpublica.tv\/portada\/wp-json\/wp\/v2\/types\/post"}],"author":[{"embeddable":true,"href":"https:\/\/www.opinionpublica.tv\/portada\/wp-json\/wp\/v2\/users\/6"}],"replies":[{"embeddable":true,"href":"https:\/\/www.opinionpublica.tv\/portada\/wp-json\/wp\/v2\/comments?post=82300"}],"version-history":[{"count":3,"href":"https:\/\/www.opinionpublica.tv\/portada\/wp-json\/wp\/v2\/posts\/82300\/revisions"}],"predecessor-version":[{"id":82305,"href":"https:\/\/www.opinionpublica.tv\/portada\/wp-json\/wp\/v2\/posts\/82300\/revisions\/82305"}],"wp:featuredmedia":[{"embeddable":true,"href":"https:\/\/www.opinionpublica.tv\/portada\/wp-json\/wp\/v2\/media\/82304"}],"wp:attachment":[{"href":"https:\/\/www.opinionpublica.tv\/portada\/wp-json\/wp\/v2\/media?parent=82300"}],"wp:term":[{"taxonomy":"category","embeddable":true,"href":"https:\/\/www.opinionpublica.tv\/portada\/wp-json\/wp\/v2\/categories?post=82300"},{"taxonomy":"post_tag","embeddable":true,"href":"https:\/\/www.opinionpublica.tv\/portada\/wp-json\/wp\/v2\/tags?post=82300"}],"curies":[{"name":"wp","href":"https:\/\/api.w.org\/{rel}","templated":true}]}}