{"id":82276,"date":"2026-04-02T00:01:00","date_gmt":"2026-04-02T06:01:00","guid":{"rendered":"https:\/\/www.opinionpublica.tv\/portada\/?p=82276"},"modified":"2026-04-01T18:40:02","modified_gmt":"2026-04-02T00:40:02","slug":"efemerides-2-de-abril-un-dia-como-hoy-en-la-historia","status":"publish","type":"post","link":"https:\/\/www.opinionpublica.tv\/portada\/efemerides-2-de-abril-un-dia-como-hoy-en-la-historia\/","title":{"rendered":"Efem\u00e9rides 2 de abril | Un d\u00eda como hoy en la historia&#8230;"},"content":{"rendered":"\n<p class=\"wp-block-paragraph\"><em>Un d\u00eda 2 de abril como hoy, pero de 1972, el actor brit\u00e1nico Charlie Chaplin vuelve a Estados Unidos por primera vez tras 20 a\u00f1os despu\u00e9s de haber sido acusado de comunista para recibir un \u00d3scar honor\u00edfico<\/em>.<\/p>\n\n\n\n<figure class=\"wp-block-image size-full\"><img fetchpriority=\"high\" decoding=\"async\" width=\"800\" height=\"400\" src=\"https:\/\/www.opinionpublica.tv\/portada\/wp-content\/uploads\/2026\/04\/1972-el-actor-britanico-Charlie-Chaplin-vuelve-a-Estados-Unidos-por-primera-vez-tras-20-anos-despues-de-haber-sido-acusado-de-comunista-para-recibir-un-Oscar-honorifico.jpeg\" alt=\"1972, el actor brita\u0301nico charlie chaplin vuelve a estados unidos por primera vez tras 20 an\u0303os despue\u0301s de haber sido acusado de comunista para recibir un o\u0301scar honori\u0301fico\" class=\"wp-image-82277\" srcset=\"https:\/\/www.opinionpublica.tv\/portada\/wp-content\/uploads\/2026\/04\/1972-el-actor-britanico-Charlie-Chaplin-vuelve-a-Estados-Unidos-por-primera-vez-tras-20-anos-despues-de-haber-sido-acusado-de-comunista-para-recibir-un-Oscar-honorifico.jpeg 800w, https:\/\/www.opinionpublica.tv\/portada\/wp-content\/uploads\/2026\/04\/1972-el-actor-britanico-Charlie-Chaplin-vuelve-a-Estados-Unidos-por-primera-vez-tras-20-anos-despues-de-haber-sido-acusado-de-comunista-para-recibir-un-Oscar-honorifico-300x150.jpeg 300w, https:\/\/www.opinionpublica.tv\/portada\/wp-content\/uploads\/2026\/04\/1972-el-actor-britanico-Charlie-Chaplin-vuelve-a-Estados-Unidos-por-primera-vez-tras-20-anos-despues-de-haber-sido-acusado-de-comunista-para-recibir-un-Oscar-honorifico-768x384.jpeg 768w\" sizes=\"(max-width: 800px) 100vw, 800px\" \/><\/figure>\n\n\n\n<p class=\"wp-block-paragraph\"><strong>Otras efem\u00e9rides<\/strong><\/p>\n\n\n\n<p class=\"wp-block-paragraph\">1767.- Carlos III decreta la expulsi\u00f3n de los jesuitas de Espa\u00f1a.<\/p>\n\n\n\n<p class=\"wp-block-paragraph\">1792.- Primera acu\u00f1aci\u00f3n del d\u00f3lar estadounidense.<\/p>\n\n\n\n<p class=\"wp-block-paragraph\">1800.- El compositor alem\u00e1n Ludwig van Beethoven dirige el estreno de su Primera sinfon\u00eda, en Viena (Austria).<\/p>\n\n\n\n<p class=\"wp-block-paragraph\">1854.- Comienza a publicarse en Par\u00eds Le Figaro, primero como semanario y desde 1866 como diario.<\/p>\n\n\n\n<p class=\"wp-block-paragraph\">1884.- Inauguraci\u00f3n de la Biblioteca Nacional de M\u00e9xico.<\/p>\n\n\n\n<p class=\"wp-block-paragraph\">1916.- En Argentina se realizan las primeras elecciones libres y resulta elegido como presidente Hip\u00f3lito Yrigoyen.<\/p>\n\n\n\n<p class=\"wp-block-paragraph\">1917.- El Congreso estadounidense vota a favor de entrar en la guerra europea junto a los aliados.<\/p>\n\n\n\n<p class=\"wp-block-paragraph\">1920.- El Ej\u00e9rcito alem\u00e1n entra en el Ruhr para poner fin a las actividades del \u00abEj\u00e9rcito Rojo\u00bb de esta zona.<\/p>\n\n\n\n<p class=\"wp-block-paragraph\">1932.- Se estrena la primera pel\u00edcula sobre Tarz\u00e1n \u00abTarzan the Ape Man\u00bb (Tarz\u00e1n de los monos) protagonizada por Johnny Weissm\u00fcller y Maureen O&#8217;Sullivan.<\/p>\n\n\n\n<p class=\"wp-block-paragraph\">1935.- El f\u00edsico brit\u00e1nico sir Robert Watson-Watt patenta el radar en Inglaterra.<\/p>\n\n\n\n<p class=\"wp-block-paragraph\">1940.- Publicaci\u00f3n de \u00abPoeta en Nueva York\u00bb, de Federico Garc\u00eda Lorca.<\/p>\n\n\n\n<p class=\"wp-block-paragraph\">1947.- El Consejo de Seguridad de la ONU concede a EE.UU. la administraci\u00f3n en mandato de las islas Carolinas, Palaos, Marshall y Marianas, anteriormente administradas por Jap\u00f3n.<\/p>\n\n\n\n<p class=\"wp-block-paragraph\">1951.- El general estadounidense Dwight David Eisenhower asume el cargo de comandante supremo de las fuerzas de la OTAN.<\/p>\n\n\n\n<p class=\"wp-block-paragraph\">1959.- Huelga minera en Bolivia, que siguen m\u00e1s de cien mil trabajadores.<\/p>\n\n\n\n<p class=\"wp-block-paragraph\">1963.- Sublevaci\u00f3n de la Marina argentina para tomar el poder e impedir que el peronismo llegue al Gobierno.<\/p>\n\n\n\n<p class=\"wp-block-paragraph\">1978.- La cadena estadounidense CBS emite el primer cap\u00edtulo de la serie \u00abDallas\u00bb que estar\u00eda en antena hasta el 3 de mayo de 1991.<\/p>\n\n\n\n<p class=\"wp-block-paragraph\">1982.- Tropas argentinas inician la ocupaci\u00f3n de las islas Malvinas, bajo dominio del Reino Unido.<\/p>\n\n\n\n<p class=\"wp-block-paragraph\">1983.- En Argentina, D\u00eda del Veterano y de los Ca\u00eddos en la guerra de las Malvinas.<\/p>\n\n\n\n<p class=\"wp-block-paragraph\">1987.- Un autob\u00fas con 60 pasajeros es sepultado por un corrimiento de tierras en la carretera de Cuenca, al sudeste de Guayaquil (Per\u00fa).<\/p>\n\n\n\n<p class=\"wp-block-paragraph\">1989.- El presidente de la URSS Mijail Gorbachov inicia una visita oficial a Cuba.<\/p>\n\n\n\n<p class=\"wp-block-paragraph\">1989.- El presidente Ben Al\u00ed y la gubernamental Agrupaci\u00f3n Constitucional Democr\u00e1tica, son los vencedores de las elecciones celebradas en T\u00fanez.<\/p>\n\n\n\n<p class=\"wp-block-paragraph\">1992.- El mafioso John Gotti es condenado a cadena perpetua por un tribunal de Nueva York.<\/p>\n\n\n\n<p class=\"wp-block-paragraph\">1992.- Los siete tripulantes del transbordador espacial \u00abAtlantis\u00bb regresan al Centro Espacial Kennedy desde donde despegaron el 24 de marzo para una misi\u00f3n cient\u00edfica.<\/p>\n\n\n\n<p class=\"wp-block-paragraph\">1996.- Los ministros de Agricultura de la Uni\u00f3n Europea (UE) acuerdan un conjunto de medidas para luchar contra la enfermedad de las \u00abvacas locas\u00bb.<\/p>\n\n\n\n<p class=\"wp-block-paragraph\">1999.- Al menos 300 muertos en el naufragio de un barco frente a las costas de Nigeria.<\/p>\n\n\n\n<p class=\"wp-block-paragraph\">2002.- Unos 200 milicianos palestinos asediados por el Ej\u00e9rcito israel\u00ed se refugian en la Bas\u00edlica de la Natividad de Bel\u00e9n, donde se encuentran 70 religiosos.<\/p>\n\n\n\n<p class=\"wp-block-paragraph\">2005.- Dimite Riccardo Muti, tras 19 a\u00f1os como director musical de la Scala de Mil\u00e1n.<\/p>\n\n\n\n<p class=\"wp-block-paragraph\">2012.- Liberados los diez uniformados secuestrados que quedaban en poder de las FARC.<\/p>\n\n\n\n<p class=\"wp-block-paragraph\">2012.- Dimite el presidente de Hungr\u00eda tras ser acusado de plagiar su tesis doctoral.<\/p>\n\n\n\n<p class=\"wp-block-paragraph\">2013.- La ONU aprueba el Tratado sobre el Comercio de Armas.<\/p>\n\n\n\n<p class=\"wp-block-paragraph\">2015.- Ir\u00e1n pacta con seis grandes potencias un acuerdo marco que limita su programa nuclear.<\/p>\n\n\n\n<p class=\"wp-block-paragraph\">2015.- El grupo yihadista somal\u00ed Al Shabab mata a 147 personasen un ataque a la Universidad de Garissa, en Kenia.<\/p>\n\n\n\n<p class=\"wp-block-paragraph\">2017.- Len\u00edn Moreno, vencedor de las elecciones presidenciales en Ecuador.<\/p>\n\n\n\n<p class=\"wp-block-paragraph\">2017.- Mueren 335 personas tras una avalancha de lodo, provocado por las fuertes lluvias, en Mocoa (Colombia).<\/p>\n\n\n\n<p class=\"wp-block-paragraph\">2019.- El presidente de Argelia, Abdelaziz Bouteflika, presenta su dimisi\u00f3n tras semanas de protestas populares para exigir su salida del poder.<\/p>\n\n\n\n<p class=\"wp-block-paragraph\">2021.- Un polic\u00eda muerto y otro herido tras ser atropellados y atacados con un cuchillo por un asaltante que fue abatido junto al Capitolio de Estados Unidos.<\/p>\n\n\n\n<p class=\"wp-block-paragraph\"><strong>Nacimientos<\/strong><\/p>\n\n\n\n<p class=\"wp-block-paragraph\">1725.- Giacomo Girolamo Casanova, escritor y aventurero italiano.<\/p>\n\n\n\n<p class=\"wp-block-paragraph\">1792.- Francisco de Paula Santander, militar colombiano, que fue presidente de la Rep\u00fablica.<\/p>\n\n\n\n<p class=\"wp-block-paragraph\">1805.- Hans Christian Andersen, escritor dan\u00e9s.<\/p>\n\n\n\n<p class=\"wp-block-paragraph\">1840.- Emilio Zola, escritor franc\u00e9s.<\/p>\n\n\n\n<p class=\"wp-block-paragraph\">1914.- Alec Guiness, actor brit\u00e1nico.<\/p>\n\n\n\n<p class=\"wp-block-paragraph\">1945.- Linda Hunt, actriz estadounidense.<\/p>\n\n\n\n<p class=\"wp-block-paragraph\">1947.- Paquita la del Barrio, Francisca Viveros, cantante mexicana.<\/p>\n\n\n\n<p class=\"wp-block-paragraph\">1959.- Juha Kankkunen, piloto finland\u00e9s, varias veces campe\u00f3n de rallies.<\/p>\n\n\n\n<p class=\"wp-block-paragraph\">1959.- Alberto \u00c1ngel Fern\u00e1ndez, pol\u00edtico argentino.<\/p>\n\n\n\n<p class=\"wp-block-paragraph\">1977.- Michael Fassbender, actor alem\u00e1n.<\/p>\n\n\n\n<p class=\"wp-block-paragraph\">1984.- Shawn Roberts, actor canadiense.<\/p>\n\n\n\n<p class=\"wp-block-paragraph\"><strong>Defunciones<\/strong><\/p>\n\n\n\n<p class=\"wp-block-paragraph\">1872.- Samuel Morse, inventor estadounidense.<\/p>\n\n\n\n<p class=\"wp-block-paragraph\">1930.- Osman P\u00e9rez Freire, compositor chileno.<\/p>\n\n\n\n<p class=\"wp-block-paragraph\">1974.- Georges Pompidou, expresidente de Francia.<\/p>\n\n\n\n<p class=\"wp-block-paragraph\">1990.- Aldo Fabrizi, actor y director italiano de cine.<\/p>\n\n\n\n<p class=\"wp-block-paragraph\">2004.- John Taras, bailar\u00edn y core\u00f3grafo estadounidense.<\/p>\n\n\n\n<p class=\"wp-block-paragraph\">2005.- Papa Juan Pablo II, Karol Wojtyla.<\/p>\n\n\n\n<p class=\"wp-block-paragraph\">2015.- Manoel de Oliveira, director de cine portugu\u00e9s.<\/p>\n\n\n\n<p class=\"wp-block-paragraph\">2016.- Gato Barbieri, saxofonista argentino.<\/p>\n\n\n\n<p class=\"wp-block-paragraph\">2018.- Winnie Madikizela-Mandela, pol\u00edtica y activista sudafricana.<\/p>\n\n\n\n<p class=\"wp-block-paragraph\">2022.- Estelle Harris, actriz estadounidense.<\/p>\n\n\n\n<p class=\"wp-block-paragraph\">2023.- Seymour Stein, empresario estadounidense.<\/p>\n","protected":false},"excerpt":{"rendered":"<p>Un d\u00eda 2 de abril como hoy, pero de 1972, el actor brit\u00e1nico Charlie Chaplin vuelve a Estados Unidos por primera vez tras 20 a\u00f1os despu\u00e9s de haber sido acusado de comunista para recibir un \u00d3scar honor\u00edfico. Otras efem\u00e9rides 1767.- Carlos III decreta la expulsi\u00f3n de los jesuitas de Espa\u00f1a. 1792.- Primera acu\u00f1aci\u00f3n del d\u00f3lar [&hellip;]<\/p>\n","protected":false},"author":6,"featured_media":82277,"comment_status":"closed","ping_status":"closed","sticky":false,"template":"","format":"standard","meta":{"_acf_changed":false,"_monsterinsights_skip_tracking":false,"slim_seo":{"title":"Efem\u00e9rides 2 de abril | Un d\u00eda como hoy en la historia... - Opini\u00f3n P\u00fablica","description":"Un d\u00eda 2 de abril como hoy, pero de 1972, el actor brit\u00e1nico Charlie Chaplin vuelve a Estados Unidos por primera vez tras 20 a\u00f1os despu\u00e9s de haber sido acusado"},"footnotes":""},"categories":[27],"tags":[2912,2911],"class_list":["post-82276","post","type-post","status-publish","format-standard","has-post-thumbnail","hentry","category-un-dia-como-hoy","tag-charlie-chaplin","tag-efemerides-2-de-abril"],"acf":[],"_links":{"self":[{"href":"https:\/\/www.opinionpublica.tv\/portada\/wp-json\/wp\/v2\/posts\/82276","targetHints":{"allow":["GET"]}}],"collection":[{"href":"https:\/\/www.opinionpublica.tv\/portada\/wp-json\/wp\/v2\/posts"}],"about":[{"href":"https:\/\/www.opinionpublica.tv\/portada\/wp-json\/wp\/v2\/types\/post"}],"author":[{"embeddable":true,"href":"https:\/\/www.opinionpublica.tv\/portada\/wp-json\/wp\/v2\/users\/6"}],"replies":[{"embeddable":true,"href":"https:\/\/www.opinionpublica.tv\/portada\/wp-json\/wp\/v2\/comments?post=82276"}],"version-history":[{"count":2,"href":"https:\/\/www.opinionpublica.tv\/portada\/wp-json\/wp\/v2\/posts\/82276\/revisions"}],"predecessor-version":[{"id":82279,"href":"https:\/\/www.opinionpublica.tv\/portada\/wp-json\/wp\/v2\/posts\/82276\/revisions\/82279"}],"wp:featuredmedia":[{"embeddable":true,"href":"https:\/\/www.opinionpublica.tv\/portada\/wp-json\/wp\/v2\/media\/82277"}],"wp:attachment":[{"href":"https:\/\/www.opinionpublica.tv\/portada\/wp-json\/wp\/v2\/media?parent=82276"}],"wp:term":[{"taxonomy":"category","embeddable":true,"href":"https:\/\/www.opinionpublica.tv\/portada\/wp-json\/wp\/v2\/categories?post=82276"},{"taxonomy":"post_tag","embeddable":true,"href":"https:\/\/www.opinionpublica.tv\/portada\/wp-json\/wp\/v2\/tags?post=82276"}],"curies":[{"name":"wp","href":"https:\/\/api.w.org\/{rel}","templated":true}]}}