{"id":82249,"date":"2026-04-01T00:01:00","date_gmt":"2026-04-01T06:01:00","guid":{"rendered":"https:\/\/www.opinionpublica.tv\/portada\/?p=82249"},"modified":"2026-03-31T22:22:37","modified_gmt":"2026-04-01T04:22:37","slug":"llama-salud-municipal-a-prevenir-el-cancer-de-colon-con-deteccion-oportuna","status":"publish","type":"post","link":"https:\/\/www.opinionpublica.tv\/portada\/llama-salud-municipal-a-prevenir-el-cancer-de-colon-con-deteccion-oportuna\/","title":{"rendered":"Llama Salud Municipal a prevenir el c\u00e1ncer de colon con detecci\u00f3n oportuna"},"content":{"rendered":"\n<figure class=\"wp-block-image size-large\"><img fetchpriority=\"high\" decoding=\"async\" width=\"1024\" height=\"695\" src=\"https:\/\/www.opinionpublica.tv\/portada\/wp-content\/uploads\/2026\/03\/Llama-Salud-Municipal-a-prevenir-el-cancer-de-colon-con-deteccion-oportuna-1024x695.png\" alt=\"Llama salud municipal a prevenir el ca\u0301ncer de colon con deteccio\u0301n oportuna\" class=\"wp-image-82252\" srcset=\"https:\/\/www.opinionpublica.tv\/portada\/wp-content\/uploads\/2026\/03\/Llama-Salud-Municipal-a-prevenir-el-cancer-de-colon-con-deteccion-oportuna-1024x695.png 1024w, https:\/\/www.opinionpublica.tv\/portada\/wp-content\/uploads\/2026\/03\/Llama-Salud-Municipal-a-prevenir-el-cancer-de-colon-con-deteccion-oportuna-300x204.png 300w, https:\/\/www.opinionpublica.tv\/portada\/wp-content\/uploads\/2026\/03\/Llama-Salud-Municipal-a-prevenir-el-cancer-de-colon-con-deteccion-oportuna-768x521.png 768w, https:\/\/www.opinionpublica.tv\/portada\/wp-content\/uploads\/2026\/03\/Llama-Salud-Municipal-a-prevenir-el-cancer-de-colon-con-deteccion-oportuna.png 1258w\" sizes=\"(max-width: 1024px) 100vw, 1024px\" \/><\/figure>\n\n\n\n<p class=\"wp-block-paragraph\"><em>Ciudad Ju\u00e1rez, Chih<\/em>.- En el marco del D\u00eda Mundial contra el C\u00e1ncer de Colon, la Direcci\u00f3n de Salud Municipal hace un llamado a la ciudadan\u00eda a adoptar h\u00e1bitos saludables y acudir a revisiones m\u00e9dicas peri\u00f3dicas, con el objetivo de prevenir y detectar a tiempo esta enfermedad, la cual es altamente curable si se diagnostica en etapas tempranas.<\/p>\n\n\n\n<p class=\"wp-block-paragraph\">La titular de la dependencia, Daphne Patricia Santana Fern\u00e1ndez, destac\u00f3 la importancia de informar y sensibilizar a la poblaci\u00f3n sobre este padecimiento, as\u00ed como impulsar acciones preventivas que contribuyan a reducir su incidencia.<\/p>\n\n\n\n<p class=\"wp-block-paragraph\">Se\u00f1al\u00f3 que uno de los principales retos es fomentar el diagn\u00f3stico oportuno, ya que en sus primeras etapas el c\u00e1ncer de colon no presenta s\u00edntomas.<\/p>\n\n\n\n<p class=\"wp-block-paragraph\">Explic\u00f3 que este tipo de c\u00e1ncer se origina cuando las c\u00e9lulas crecen de manera descontrolada en el colon o intestino grueso, formando tumores que pueden propagarse a otras partes del cuerpo. Aunque sus causas no est\u00e1n completamente definidas, existen diversos factores de riesgo que incrementan la probabilidad de desarrollarlo.<\/p>\n\n\n\n<p class=\"wp-block-paragraph\">Entre ellos se encuentran el consumo de dietas altas en grasas y calor\u00edas de origen animal, el tabaquismo, el sedentarismo, la obesidad y padecimientos como la diabetes.<\/p>\n\n\n\n<p class=\"wp-block-paragraph\">Tambi\u00e9n influyen antecedentes familiares, s\u00edndromes hereditarios y enfermedades inflamatorias intestinales como la colitis ulcerativa y la enfermedad de Crohn.<\/p>\n\n\n\n<p class=\"wp-block-paragraph\">La funcionaria se\u00f1al\u00f3 que, cuando se presentan s\u00edntomas, estos pueden incluir cambios en los h\u00e1bitos intestinales, sangrado rectal, dolor abdominal, fatiga, p\u00e9rdida de peso inexplicable y presencia de sangre en las heces, sin embargo, reiter\u00f3 que la ausencia de se\u00f1ales en etapas iniciales hace fundamental la realizaci\u00f3n de estudios preventivos.<\/p>\n\n\n\n<p class=\"wp-block-paragraph\">Indic\u00f3 que entre las pruebas m\u00e1s efectivas se encuentran el examen de sangre oculta en heces y la colonoscopia, la cual permite observar directamente el intestino grueso y detectar anomal\u00edas antes de que se desarrollen s\u00edntomas.<\/p>\n\n\n\n<p class=\"wp-block-paragraph\">En cuanto al tratamiento, precis\u00f3 que ser\u00e1 determinado por un especialista en oncolog\u00eda, dependiendo de la etapa de la enfermedad, e incluye opciones como cirug\u00eda, quimioterapia, radioterapia o la combinaci\u00f3n de \u00e9stas.<\/p>\n\n\n\n<p class=\"wp-block-paragraph\">Finalmente, la Direcci\u00f3n de Salud Municipal recomend\u00f3 mantener un estilo de vida saludable, que incluya una alimentaci\u00f3n balanceada rica en frutas, verduras y cereales integrales, evitar el consumo de alcohol y tabaco, realizar actividad f\u00edsica de manera regular y mantener un peso adecuado, como medidas clave para reducir el riesgo de padecer c\u00e1ncer de colon.<\/p>\n","protected":false},"excerpt":{"rendered":"<p>Ciudad Ju\u00e1rez, Chih.- En el marco del D\u00eda Mundial contra el C\u00e1ncer de Colon, la Direcci\u00f3n de Salud Municipal hace un llamado a la ciudadan\u00eda a adoptar h\u00e1bitos saludables y acudir a revisiones m\u00e9dicas peri\u00f3dicas, con el objetivo de prevenir y detectar a tiempo esta enfermedad, la cual es altamente curable si se diagnostica en [&hellip;]<\/p>\n","protected":false},"author":6,"featured_media":82252,"comment_status":"closed","ping_status":"closed","sticky":false,"template":"","format":"standard","meta":{"_acf_changed":false,"_monsterinsights_skip_tracking":false,"slim_seo":{"title":"Llama Salud Municipal a prevenir el c\u00e1ncer de colon con detecci\u00f3n oportuna - Opini\u00f3n P\u00fablica","description":"Ciudad Ju\u00e1rez, Chih .- En el marco del D\u00eda Mundial contra el C\u00e1ncer de Colon, la Direcci\u00f3n de Salud Municipal hace un llamado a la ciudadan\u00eda a adoptar h\u00e1bitos"},"footnotes":""},"categories":[41],"tags":[2910,608,170],"class_list":["post-82249","post","type-post","status-publish","format-standard","has-post-thumbnail","hentry","category-juarez","tag-cancer-de-colon","tag-ciudad-juarez","tag-salud"],"acf":[],"_links":{"self":[{"href":"https:\/\/www.opinionpublica.tv\/portada\/wp-json\/wp\/v2\/posts\/82249","targetHints":{"allow":["GET"]}}],"collection":[{"href":"https:\/\/www.opinionpublica.tv\/portada\/wp-json\/wp\/v2\/posts"}],"about":[{"href":"https:\/\/www.opinionpublica.tv\/portada\/wp-json\/wp\/v2\/types\/post"}],"author":[{"embeddable":true,"href":"https:\/\/www.opinionpublica.tv\/portada\/wp-json\/wp\/v2\/users\/6"}],"replies":[{"embeddable":true,"href":"https:\/\/www.opinionpublica.tv\/portada\/wp-json\/wp\/v2\/comments?post=82249"}],"version-history":[{"count":2,"href":"https:\/\/www.opinionpublica.tv\/portada\/wp-json\/wp\/v2\/posts\/82249\/revisions"}],"predecessor-version":[{"id":82253,"href":"https:\/\/www.opinionpublica.tv\/portada\/wp-json\/wp\/v2\/posts\/82249\/revisions\/82253"}],"wp:featuredmedia":[{"embeddable":true,"href":"https:\/\/www.opinionpublica.tv\/portada\/wp-json\/wp\/v2\/media\/82252"}],"wp:attachment":[{"href":"https:\/\/www.opinionpublica.tv\/portada\/wp-json\/wp\/v2\/media?parent=82249"}],"wp:term":[{"taxonomy":"category","embeddable":true,"href":"https:\/\/www.opinionpublica.tv\/portada\/wp-json\/wp\/v2\/categories?post=82249"},{"taxonomy":"post_tag","embeddable":true,"href":"https:\/\/www.opinionpublica.tv\/portada\/wp-json\/wp\/v2\/tags?post=82249"}],"curies":[{"name":"wp","href":"https:\/\/api.w.org\/{rel}","templated":true}]}}