{"id":82244,"date":"2026-04-01T00:01:00","date_gmt":"2026-04-01T06:01:00","guid":{"rendered":"https:\/\/www.opinionpublica.tv\/portada\/?p=82244"},"modified":"2026-03-31T22:17:45","modified_gmt":"2026-04-01T04:17:45","slug":"realizan-en-juarez-primera-pelicula-animada-un-leon-marino-llamado-arturo","status":"publish","type":"post","link":"https:\/\/www.opinionpublica.tv\/portada\/realizan-en-juarez-primera-pelicula-animada-un-leon-marino-llamado-arturo\/","title":{"rendered":"Realizan en Ju\u00e1rez primera pel\u00edcula animada Un Le\u00f3n Marino Llamado Arturo"},"content":{"rendered":"\n<figure class=\"wp-block-image size-large\"><img fetchpriority=\"high\" decoding=\"async\" width=\"1024\" height=\"682\" src=\"https:\/\/www.opinionpublica.tv\/portada\/wp-content\/uploads\/2026\/03\/Realizan-en-Juarez-primera-pelicula-animada-Un-Leon-Marino-Llamado-Arturo-1024x682.jpeg\" alt=\"Realizan en jua\u0301rez primera peli\u0301cula animada un leo\u0301n marino llamado arturo\" class=\"wp-image-82247\" srcset=\"https:\/\/www.opinionpublica.tv\/portada\/wp-content\/uploads\/2026\/03\/Realizan-en-Juarez-primera-pelicula-animada-Un-Leon-Marino-Llamado-Arturo-1024x682.jpeg 1024w, https:\/\/www.opinionpublica.tv\/portada\/wp-content\/uploads\/2026\/03\/Realizan-en-Juarez-primera-pelicula-animada-Un-Leon-Marino-Llamado-Arturo-300x200.jpeg 300w, https:\/\/www.opinionpublica.tv\/portada\/wp-content\/uploads\/2026\/03\/Realizan-en-Juarez-primera-pelicula-animada-Un-Leon-Marino-Llamado-Arturo-768x512.jpeg 768w, https:\/\/www.opinionpublica.tv\/portada\/wp-content\/uploads\/2026\/03\/Realizan-en-Juarez-primera-pelicula-animada-Un-Leon-Marino-Llamado-Arturo-1536x1023.jpeg 1536w, https:\/\/www.opinionpublica.tv\/portada\/wp-content\/uploads\/2026\/03\/Realizan-en-Juarez-primera-pelicula-animada-Un-Leon-Marino-Llamado-Arturo.jpeg 1600w\" sizes=\"(max-width: 1024px) 100vw, 1024px\" \/><\/figure>\n\n\n\n<p class=\"wp-block-paragraph\"><em>Ciudad Ju\u00e1rez, Chih<\/em>.- Liza DiGeorgina, escritora y guionista, dio a conocer que el pasado 25 de marzo se estren\u00f3 la primera pel\u00edcula animada en Ciudad Ju\u00e1rez titulada Un Le\u00f3n Marino Llamado Arturo.<\/p>\n\n\n\n<p class=\"wp-block-paragraph\">Liza coment\u00f3 que la pel\u00edcula se proyect\u00f3 en el Museo Interactivo La Rodadora.<\/p>\n\n\n\n<p class=\"wp-block-paragraph\">\u201cEste filme est\u00e1 inspirada en el libro del mismo nombre, donde desde hace tres a\u00f1os se inici\u00f3 con esta aventura\u201d, explic\u00f3.<\/p>\n\n\n\n<p class=\"wp-block-paragraph\">Mencion\u00f3 que es un proyecto independiente y completamente familiar, resaltando el trabajo de la directora, Paris DiGeorgina, quien se encarg\u00f3 de crear m\u00e1s de 100 mil dibujos digitales para la pel\u00edcula en 2D.<\/p>\n\n\n\n<p class=\"wp-block-paragraph\">A\u00f1adi\u00f3 que la cinta tiene una duraci\u00f3n de 1 hora con 20 minutos y est\u00e1 dirigida al p\u00fablico infantil; lleva un mensaje con el que se busca fomentar en los ni\u00f1os la solidaridad, la esperanza y el deseo de un mundo m\u00e1s armonioso.<\/p>\n\n\n\n<p class=\"wp-block-paragraph\">\u201cQueremos que todos los juarenses conozcan esta pel\u00edcula, se sientan orgullosos, ya que todo el equipo de producci\u00f3n somos de Ciudad Ju\u00e1rez, as\u00ed como las 13 voces participantes, refrendando que aqu\u00ed hay un gran talento\u201d, expres\u00f3.<\/p>\n\n\n\n<p class=\"wp-block-paragraph\">Agreg\u00f3 que posteriormente estar\u00e1n migrando al cine comercial y agradecieron al Gobierno Municipal por haberles prestado su estudio de grabaci\u00f3n para hacer sus grabaciones de voz.<\/p>\n\n\n\n<p class=\"wp-block-paragraph\">Por su parte, el presidente municipal, Cruz P\u00e9rez Cu\u00e9llar, felicit\u00f3 a las involucradas en el proyecto y les mostr\u00f3 todo su apoyo.<\/p>\n","protected":false},"excerpt":{"rendered":"<p>Ciudad Ju\u00e1rez, Chih.- Liza DiGeorgina, escritora y guionista, dio a conocer que el pasado 25 de marzo se estren\u00f3 la primera pel\u00edcula animada en Ciudad Ju\u00e1rez titulada Un Le\u00f3n Marino Llamado Arturo. Liza coment\u00f3 que la pel\u00edcula se proyect\u00f3 en el Museo Interactivo La Rodadora. \u201cEste filme est\u00e1 inspirada en el libro del mismo nombre, [&hellip;]<\/p>\n","protected":false},"author":6,"featured_media":82247,"comment_status":"closed","ping_status":"closed","sticky":false,"template":"","format":"standard","meta":{"_acf_changed":false,"_monsterinsights_skip_tracking":false,"slim_seo":{"title":"Realizan en Ju\u00e1rez primera pel\u00edcula animada Un Le\u00f3n Marino Llamado Arturo - Opini\u00f3n P\u00fablica","description":"Ciudad Ju\u00e1rez, Chih .- Liza DiGeorgina, escritora y guionista, dio a conocer que el pasado 25 de marzo se estren\u00f3 la primera pel\u00edcula animada en Ciudad Ju\u00e1rez t"},"footnotes":""},"categories":[41],"tags":[608,2909],"class_list":["post-82244","post","type-post","status-publish","format-standard","has-post-thumbnail","hentry","category-juarez","tag-ciudad-juarez","tag-pelicula-animada"],"acf":[],"_links":{"self":[{"href":"https:\/\/www.opinionpublica.tv\/portada\/wp-json\/wp\/v2\/posts\/82244","targetHints":{"allow":["GET"]}}],"collection":[{"href":"https:\/\/www.opinionpublica.tv\/portada\/wp-json\/wp\/v2\/posts"}],"about":[{"href":"https:\/\/www.opinionpublica.tv\/portada\/wp-json\/wp\/v2\/types\/post"}],"author":[{"embeddable":true,"href":"https:\/\/www.opinionpublica.tv\/portada\/wp-json\/wp\/v2\/users\/6"}],"replies":[{"embeddable":true,"href":"https:\/\/www.opinionpublica.tv\/portada\/wp-json\/wp\/v2\/comments?post=82244"}],"version-history":[{"count":2,"href":"https:\/\/www.opinionpublica.tv\/portada\/wp-json\/wp\/v2\/posts\/82244\/revisions"}],"predecessor-version":[{"id":82248,"href":"https:\/\/www.opinionpublica.tv\/portada\/wp-json\/wp\/v2\/posts\/82244\/revisions\/82248"}],"wp:featuredmedia":[{"embeddable":true,"href":"https:\/\/www.opinionpublica.tv\/portada\/wp-json\/wp\/v2\/media\/82247"}],"wp:attachment":[{"href":"https:\/\/www.opinionpublica.tv\/portada\/wp-json\/wp\/v2\/media?parent=82244"}],"wp:term":[{"taxonomy":"category","embeddable":true,"href":"https:\/\/www.opinionpublica.tv\/portada\/wp-json\/wp\/v2\/categories?post=82244"},{"taxonomy":"post_tag","embeddable":true,"href":"https:\/\/www.opinionpublica.tv\/portada\/wp-json\/wp\/v2\/tags?post=82244"}],"curies":[{"name":"wp","href":"https:\/\/api.w.org\/{rel}","templated":true}]}}