{"id":82212,"date":"2026-04-01T00:01:00","date_gmt":"2026-04-01T06:01:00","guid":{"rendered":"https:\/\/www.opinionpublica.tv\/portada\/?p=82212"},"modified":"2026-03-31T19:59:38","modified_gmt":"2026-04-01T01:59:38","slug":"gambusinos-electronicos","status":"publish","type":"post","link":"https:\/\/www.opinionpublica.tv\/portada\/gambusinos-electronicos\/","title":{"rendered":"Gambusinos electr\u00f3nicos"},"content":{"rendered":"\n<h4 class=\"wp-block-heading\">Ra\u00fal Ruiz<\/h4>\n\n\n\n<p class=\"wp-block-paragraph\">___________________________<\/p>\n\n\n\n<p class=\"wp-block-paragraph\">Ya lo dije en el cap\u00edtulo anterior, los panuchos andan en modo gambusino electoral.<\/p>\n\n\n\n<p class=\"wp-block-paragraph\">Y en vez de piolet para escarbar en las minas, y escalar monta\u00f1as, se compraron una deslumbrante APP, para colectar zafiros.<\/p>\n\n\n\n<p class=\"wp-block-paragraph\">El primero en salir encandilado fue Iv\u00e1n P\u00e9rez Ruiz, a quien le dejaron inoculado el rostro de nata azul.<\/p>\n\n\n\n<p class=\"wp-block-paragraph\">Y el segundo&#8230; Thor Salayandia, atrapado por la elocuencia del dirigente Urrutia en delicioso desayuno, poco le falta para hundir el pulgar en la gelatinosa APP, atrapazafiros.<\/p>\n\n\n\n<p class=\"wp-block-paragraph\">El fen\u00f3meno se abri\u00f3 al plano ciudadano.<\/p>\n\n\n\n<p class=\"wp-block-paragraph\">Ayer lo anunci\u00f3 Ra\u00fal Garc\u00eda Ruiz en su publicaci\u00f3n semanal con ADN&#8230; \u00abLa puerta ya se abri\u00f3, \u00bfTe atreves a entrar?<\/p>\n\n\n\n<p class=\"wp-block-paragraph\">Es una ratonera azul con quesito Gouda para atrapar Zafiros. Entendi\u00e9ndose por tales, las gemas ciudadanas con posibles tonalidades azuladas.<\/p>\n\n\n\n<p class=\"wp-block-paragraph\">No se trata de cualquier tipo de ciudadano al que pretenden meter en la galer\u00eda de los ZAFIROS.<\/p>\n\n\n\n<p class=\"wp-block-paragraph\">A poco usted pasa a creer que el hijo del vecino va a ser candidato a diputaci\u00f3n, alcald\u00eda o m\u00ednimo regidur\u00eda s\u00f3lo por bajar la APP del PAN y anotarse como aspirante.<\/p>\n\n\n\n<p class=\"wp-block-paragraph\">Naaa.<\/p>\n\n\n\n<p class=\"wp-block-paragraph\">Debe traer consigo una jugosa dote que garantice la posibilidad de ganar la elecci\u00f3n pues el partido no est\u00e1 en condiciones de sufragar ninguna campa\u00f1a por peque\u00f1a que esta sea.<\/p>\n\n\n\n<p class=\"wp-block-paragraph\">Para que lo vaya pensando desde ahora, antes de dejarse llevar por la ilusi\u00f3n de los ZAFIROS.<\/p>\n\n\n\n<p class=\"wp-block-paragraph\">Y as\u00ed, en plena Semana Santa, los panuchos se lanzan a su viacrucis electoral con la APP en la mano, como si fuera el Santo Grial.<\/p>\n\n\n\n<p class=\"wp-block-paragraph\">No cargan cruces, cargan celulares; no buscan redenci\u00f3n, buscan zafiros.<\/p>\n\n\n\n<p class=\"wp-block-paragraph\">El Domingo de Resurrecci\u00f3n no ser\u00e1 de Cristo, sino de candidatos improvisados que compraron la idea, que con un \u201cclic\u201d ya tienen asegurada la diputaci\u00f3n.<\/p>\n\n\n\n<p class=\"wp-block-paragraph\">Pero cuidado: la ratonera azul no promete milagros, ni multiplicaci\u00f3n de votos, ni resurrecci\u00f3n de campa\u00f1as muertas.<\/p>\n\n\n\n<p class=\"wp-block-paragraph\">Al contrario, m\u00e1s parece un sepulcro donde se entierran ilusiones pol\u00edticas con aroma a Gouda.<\/p>\n\n\n\n<p class=\"wp-block-paragraph\">As\u00ed que, mientras unos celebran la Pascua, otros celebran la ilusi\u00f3n de ser \u201czafiros\u201d en la galer\u00eda panista.<\/p>\n\n\n\n<p class=\"wp-block-paragraph\">Y al final, como buen serm\u00f3n de Semana Santa, la moraleja es clara: no hay resurrecci\u00f3n para quien confunde fe con marketing electoral.<\/p>\n","protected":false},"excerpt":{"rendered":"<p>Ra\u00fal Ruiz ___________________________ Ya lo dije en el cap\u00edtulo anterior, los panuchos andan en modo gambusino electoral. Y en vez de piolet para escarbar en las minas, y escalar monta\u00f1as, se compraron una deslumbrante APP, para colectar zafiros. El primero en salir encandilado fue Iv\u00e1n P\u00e9rez Ruiz, a quien le dejaron inoculado el rostro de [&hellip;]<\/p>\n","protected":false},"author":6,"featured_media":43347,"comment_status":"closed","ping_status":"closed","sticky":false,"template":"","format":"standard","meta":{"_acf_changed":false,"_monsterinsights_skip_tracking":false,"slim_seo":{"title":"Gambusinos electr\u00f3nicos - Opini\u00f3n P\u00fablica","description":"Ra\u00fal Ruiz ___________________________ Ya lo dije en el cap\u00edtulo anterior, los panuchos andan en modo gambusino electoral. Y en vez de piolet para escarbar en la"},"footnotes":""},"categories":[21],"tags":[593,789],"class_list":["post-82212","post","type-post","status-publish","format-standard","has-post-thumbnail","hentry","category-cartapacio","tag-cartapacio","tag-raul-ruiz"],"acf":[],"_links":{"self":[{"href":"https:\/\/www.opinionpublica.tv\/portada\/wp-json\/wp\/v2\/posts\/82212","targetHints":{"allow":["GET"]}}],"collection":[{"href":"https:\/\/www.opinionpublica.tv\/portada\/wp-json\/wp\/v2\/posts"}],"about":[{"href":"https:\/\/www.opinionpublica.tv\/portada\/wp-json\/wp\/v2\/types\/post"}],"author":[{"embeddable":true,"href":"https:\/\/www.opinionpublica.tv\/portada\/wp-json\/wp\/v2\/users\/6"}],"replies":[{"embeddable":true,"href":"https:\/\/www.opinionpublica.tv\/portada\/wp-json\/wp\/v2\/comments?post=82212"}],"version-history":[{"count":2,"href":"https:\/\/www.opinionpublica.tv\/portada\/wp-json\/wp\/v2\/posts\/82212\/revisions"}],"predecessor-version":[{"id":82214,"href":"https:\/\/www.opinionpublica.tv\/portada\/wp-json\/wp\/v2\/posts\/82212\/revisions\/82214"}],"wp:featuredmedia":[{"embeddable":true,"href":"https:\/\/www.opinionpublica.tv\/portada\/wp-json\/wp\/v2\/media\/43347"}],"wp:attachment":[{"href":"https:\/\/www.opinionpublica.tv\/portada\/wp-json\/wp\/v2\/media?parent=82212"}],"wp:term":[{"taxonomy":"category","embeddable":true,"href":"https:\/\/www.opinionpublica.tv\/portada\/wp-json\/wp\/v2\/categories?post=82212"},{"taxonomy":"post_tag","embeddable":true,"href":"https:\/\/www.opinionpublica.tv\/portada\/wp-json\/wp\/v2\/tags?post=82212"}],"curies":[{"name":"wp","href":"https:\/\/api.w.org\/{rel}","templated":true}]}}