{"id":82142,"date":"2026-03-31T00:01:00","date_gmt":"2026-03-31T06:01:00","guid":{"rendered":"https:\/\/www.opinionpublica.tv\/portada\/?p=82142"},"modified":"2026-03-30T20:05:17","modified_gmt":"2026-03-31T02:05:17","slug":"los-no-elegidos-trailer-oficial-netflix","status":"publish","type":"post","link":"https:\/\/www.opinionpublica.tv\/portada\/los-no-elegidos-trailer-oficial-netflix\/","title":{"rendered":"Video: Los no elegidos | Tr\u00e1iler oficial | Netflix"},"content":{"rendered":"\n<p class=\"wp-block-paragraph\"><a href=\"https:\/\/www.youtube.com\/@NetflixLATAM\"><\/a><\/p>\n\n\n\n<figure class=\"wp-block-embed is-type-video is-provider-youtube wp-block-embed-youtube wp-embed-aspect-16-9 wp-has-aspect-ratio\"><div class=\"wp-block-embed__wrapper\">\n<iframe title=\"Los no elegidos | Tr\u00e1iler oficial | Netflix\" width=\"800\" height=\"450\" src=\"https:\/\/www.youtube.com\/embed\/zUyzbl24Wo8?feature=oembed\" frameborder=\"0\" allow=\"accelerometer; autoplay; clipboard-write; encrypted-media; gyroscope; picture-in-picture; web-share\" referrerpolicy=\"strict-origin-when-cross-origin\" allowfullscreen><\/iframe>\n<\/div><\/figure>\n\n\n\n<p class=\"wp-block-paragraph\">Tras las puertas de una secta brit\u00e1nica represiva, una mujer se encuentra atrapada entre un matrimonio asfixiante y un reci\u00e9n llegado misterioso con un oscuro pasado criminal.<\/p>\n\n\n\n<p class=\"wp-block-paragraph\">Esta serie de intriga psicol\u00f3gica, protagonizada por Asa Butterfield, Molly Windsor, Fra Fee, Christopher Eccleston y Siobhan Finneran, se estrena el 21 de abril, solo en Netflix.<\/p>\n","protected":false},"excerpt":{"rendered":"<p>Tras las puertas de una secta brit\u00e1nica represiva, una mujer se encuentra atrapada entre un matrimonio asfixiante y un reci\u00e9n llegado misterioso con un oscuro pasado criminal. Esta serie de intriga psicol\u00f3gica, protagonizada por Asa Butterfield, Molly Windsor, Fra Fee, Christopher Eccleston y Siobhan Finneran, se estrena el 21 de abril, solo en Netflix.<\/p>\n","protected":false},"author":6,"featured_media":82146,"comment_status":"closed","ping_status":"closed","sticky":false,"template":"","format":"standard","meta":{"_acf_changed":false,"_monsterinsights_skip_tracking":false,"slim_seo":{"title":"Video: Los no elegidos | Tr\u00e1iler oficial | Netflix - Opini\u00f3n P\u00fablica","description":"https:\/\/youtu.be\/zUyzbl24Wo8?si=3ZUuhX-Am2-gCyBX Tras las puertas de una secta brit\u00e1nica represiva, una mujer se encuentra atrapada entre un matrimonio asfixian"},"footnotes":""},"categories":[13,2,8],"tags":[2674,741],"class_list":["post-82142","post","type-post","status-publish","format-standard","has-post-thumbnail","hentry","category-videos-destacados-contenido","category-videos-destacados","category-videos","tag-los-no-elegidos","tag-netflix"],"acf":[],"_links":{"self":[{"href":"https:\/\/www.opinionpublica.tv\/portada\/wp-json\/wp\/v2\/posts\/82142","targetHints":{"allow":["GET"]}}],"collection":[{"href":"https:\/\/www.opinionpublica.tv\/portada\/wp-json\/wp\/v2\/posts"}],"about":[{"href":"https:\/\/www.opinionpublica.tv\/portada\/wp-json\/wp\/v2\/types\/post"}],"author":[{"embeddable":true,"href":"https:\/\/www.opinionpublica.tv\/portada\/wp-json\/wp\/v2\/users\/6"}],"replies":[{"embeddable":true,"href":"https:\/\/www.opinionpublica.tv\/portada\/wp-json\/wp\/v2\/comments?post=82142"}],"version-history":[{"count":3,"href":"https:\/\/www.opinionpublica.tv\/portada\/wp-json\/wp\/v2\/posts\/82142\/revisions"}],"predecessor-version":[{"id":82147,"href":"https:\/\/www.opinionpublica.tv\/portada\/wp-json\/wp\/v2\/posts\/82142\/revisions\/82147"}],"wp:featuredmedia":[{"embeddable":true,"href":"https:\/\/www.opinionpublica.tv\/portada\/wp-json\/wp\/v2\/media\/82146"}],"wp:attachment":[{"href":"https:\/\/www.opinionpublica.tv\/portada\/wp-json\/wp\/v2\/media?parent=82142"}],"wp:term":[{"taxonomy":"category","embeddable":true,"href":"https:\/\/www.opinionpublica.tv\/portada\/wp-json\/wp\/v2\/categories?post=82142"},{"taxonomy":"post_tag","embeddable":true,"href":"https:\/\/www.opinionpublica.tv\/portada\/wp-json\/wp\/v2\/tags?post=82142"}],"curies":[{"name":"wp","href":"https:\/\/api.w.org\/{rel}","templated":true}]}}