{"id":82137,"date":"2026-03-31T00:01:00","date_gmt":"2026-03-31T06:01:00","guid":{"rendered":"https:\/\/www.opinionpublica.tv\/portada\/?p=82137"},"modified":"2026-03-30T19:49:39","modified_gmt":"2026-03-31T01:49:39","slug":"efemerides-31-de-marzo-un-dia-como-hoy-en-la-historia","status":"publish","type":"post","link":"https:\/\/www.opinionpublica.tv\/portada\/efemerides-31-de-marzo-un-dia-como-hoy-en-la-historia\/","title":{"rendered":"Efem\u00e9rides 31 de marzo | Un d\u00eda como hoy en la historia&#8230;"},"content":{"rendered":"\n<p class=\"wp-block-paragraph\"><em>Un d\u00eda 31 de marzo como hoy, pero de 1889, es inaugurada en Par\u00eds la Torre Eiffel, uno de los monumentos m\u00e1s emblem\u00e1ticos de la capital francesa<\/em>.<\/p>\n\n\n\n<figure class=\"wp-block-image size-full\"><img fetchpriority=\"high\" decoding=\"async\" width=\"655\" height=\"368\" src=\"https:\/\/www.opinionpublica.tv\/portada\/wp-content\/uploads\/2026\/03\/1889-es-inaugurada-en-Paris-la-Torre-Eiffel.webp\" alt=\"1889, es inaugurada en pari\u0301s la torre eiffel\" class=\"wp-image-82138\" srcset=\"https:\/\/www.opinionpublica.tv\/portada\/wp-content\/uploads\/2026\/03\/1889-es-inaugurada-en-Paris-la-Torre-Eiffel.webp 655w, https:\/\/www.opinionpublica.tv\/portada\/wp-content\/uploads\/2026\/03\/1889-es-inaugurada-en-Paris-la-Torre-Eiffel-300x169.webp 300w\" sizes=\"(max-width: 655px) 100vw, 655px\" \/><\/figure>\n\n\n\n<p class=\"wp-block-paragraph\"><strong>Otras efem\u00e9rides<\/strong><\/p>\n\n\n\n<p class=\"wp-block-paragraph\">1492.- Los Reyes Cat\u00f3licos firman el Decreto de expulsi\u00f3n de los jud\u00edos de todos sus reinos en un plazo m\u00e1ximo de cuatro meses.<\/p>\n\n\n\n<p class=\"wp-block-paragraph\">1685.- Nace el m\u00fasico alem\u00e1n Johann Sebastian&nbsp; Bach, autor de alguna de las obras musicales m\u00e1s importante de la historia de la m\u00fasica occidental. (Esta fecha corresponde al calendario gregoriano usado actualmente. Seg\u00fan el calendario juliano, vigente en vida del m\u00fasico, la fecha ser\u00eda el 21 de marzo).<\/p>\n\n\n\n<p class=\"wp-block-paragraph\">1829.- El cardenal Castiglioni es elegido papa con el nombre de P\u00edo VIII.<\/p>\n\n\n\n<p class=\"wp-block-paragraph\">1839.- Las fuerzas gubernamentales del general argentino Juan Manuel de Rosas masacran a los sublevados del bar\u00f3n de Astrada, muerto en la lucha.<\/p>\n\n\n\n<p class=\"wp-block-paragraph\">1854.- Jap\u00f3n y Estados Unidos firman su primer acuerdo comercial, por el que los primeros abren varios de sus puertos a los estadounidenses.<\/p>\n\n\n\n<p class=\"wp-block-paragraph\">1864.- Manuel Murillo Toro es designado presidente de Colombia.<\/p>\n\n\n\n<p class=\"wp-block-paragraph\">1878.- Ecuador promulga una Nueva Constituci\u00f3n.<\/p>\n\n\n\n<p class=\"wp-block-paragraph\">1879.- Venezuela adopta el bol\u00edvar como moneda nacional.<\/p>\n\n\n\n<p class=\"wp-block-paragraph\">1886.- La escuadra espa\u00f1ola, mandada por M\u00e9ndez N\u00fa\u00f1ez, bombardea la ciudad chilena de Valpara\u00edso.<\/p>\n\n\n\n<p class=\"wp-block-paragraph\">1903.- Primera explicaci\u00f3n de las propiedades del radio por el matrimonio Curie en la Academia de Ciencias de Londres.<\/p>\n\n\n\n<p class=\"wp-block-paragraph\">1909.- Uruguay suprime la ense\u00f1anza religiosa en las escuelas.<\/p>\n\n\n\n<p class=\"wp-block-paragraph\">1931.- Un terremoto devasta Managua, capital de Nicaragua, y causa 1.500 muertos.<\/p>\n\n\n\n<p class=\"wp-block-paragraph\">1933.- El presidente de Uruguay, Gabriel Terra, da un golpe de Estado y disuelve el Parlamento.<\/p>\n\n\n\n<p class=\"wp-block-paragraph\">1939.- El primer ministro brit\u00e1nico, Neville Chamberlain, anuncia el compromiso de su pa\u00eds y Francia de defender la integridad de Polonia en caso de agresi\u00f3n alemana.<\/p>\n\n\n\n<p class=\"wp-block-paragraph\">1941.- Segunda Guerra mundial: El Afrika Korps alem\u00e1n inicia su ofensiva en la regi\u00f3n Cirenaica (actual Libia).<\/p>\n\n\n\n<p class=\"wp-block-paragraph\">1947.- Las fuerzas rebeldes contra el Gobierno de presidente de Paraguay, Higinio Mori\u00f1igo. son derrotadas en Piripuco.<\/p>\n\n\n\n<p class=\"wp-block-paragraph\">1949.- Terranova ingresa en la Federaci\u00f3n Canadiense y se constituye en la d\u00e9cima provincia de Canad\u00e1.<\/p>\n\n\n\n<p class=\"wp-block-paragraph\">1959.- El Dalai Lama (m\u00e1xima autoridad religiosa y pol\u00edtica de T\u00edbet) entra en territorio de la India tras escapar dos semanas antes de su pa\u00eds bajo control de las autoridades chinas.<\/p>\n\n\n\n<p class=\"wp-block-paragraph\">1966.- La Uni\u00f3n Sovi\u00e9tica lanza la sonda Luna 10, el primer sat\u00e9lite de la historia en orbitar el sat\u00e9lite de la Tierra.<\/p>\n\n\n\n<p class=\"wp-block-paragraph\">1974.- Nace la compa\u00f1\u00eda a\u00e9rea British Airways tras la fusi\u00f3n de British Overseas Airways Corporation (BOAC) y British European Airways (BEA).<\/p>\n\n\n\n<p class=\"wp-block-paragraph\">1979.- Egipto es expulsada de la Liga \u00c1rabe por firmar la paz con Israel.<\/p>\n\n\n\n<p class=\"wp-block-paragraph\">1989.- El Comit\u00e9 Central de la Organizaci\u00f3n para la Liberaci\u00f3n de Palestina (OLP ) reunido en T\u00fanez proclama a Yaser Arafat presidente de Palestina.<\/p>\n\n\n\n<p class=\"wp-block-paragraph\">1991.- Primeras elecciones libres y multipartidistas en Albania tras la ca\u00edda del r\u00e9gimen comunista.<\/p>\n\n\n\n<p class=\"wp-block-paragraph\">1992.- Bor\u00eds Yeltsin firma en Mosc\u00fa el Tratado de la Federaci\u00f3n con 18 rep\u00fablicas.<\/p>\n\n\n\n<p class=\"wp-block-paragraph\">1995.- El Gobierno argentino publica una lista con los nombre de 545 desaparecidos durante la dictadura militar (1976-1983).<\/p>\n\n\n\n<p class=\"wp-block-paragraph\">1997.- La televisi\u00f3n p\u00fablica brit\u00e1nica BBC comienza a emitir el programa infantil Teletubbies que estuvo en antena hasta 2001.<\/p>\n\n\n\n<p class=\"wp-block-paragraph\">1997.- Carla del Ponte, fiscal jefe del Tribunal de Derecho penal internacional de la ONU, interroga en una c\u00e1rcel mexicana a Ra\u00fal Salinas de Gortari, para aclarar el origen de 80 millones de d\u00f3lares en unas cuentas secretas en Suiza.<\/p>\n\n\n\n<p class=\"wp-block-paragraph\">2001.- Documentos desclasificados del Archivo de Seguridad Nacional de Estados Unidos apuntan que la dictadura brasile\u00f1a ayud\u00f3 a derrocar al presidente chileno Salvador Allende en 1973).<\/p>\n\n\n\n<p class=\"wp-block-paragraph\">2007.- La ciudad australiana de Sidney celebra la primera edici\u00f3n de \u00abLa hora del planeta\u00bb, un evento internacional con el que se intenta concienciar a la sociedad de la necesidad de ahorrar energ\u00eda.<\/p>\n\n\n\n<p class=\"wp-block-paragraph\">2014.- Manuel Valls, de origen espa\u00f1ol, nombrado primer ministro de Francia.<\/p>\n\n\n\n<p class=\"wp-block-paragraph\">2021.- El l\u00edder opositor ruso Alex\u00e9i Navalni se declara en huelga de hambre en prisi\u00f3n.<\/p>\n\n\n\n<p class=\"wp-block-paragraph\"><strong>Nacimientos<\/strong><\/p>\n\n\n\n<p class=\"wp-block-paragraph\">1596.- Ren\u00e9 Descartes, fil\u00f3sofo franc\u00e9s.<\/p>\n\n\n\n<p class=\"wp-block-paragraph\">1732.- Franz Joseph Haydn, compositor austriaco.<\/p>\n\n\n\n<p class=\"wp-block-paragraph\">1809.- Nicolai Vasilevich Gogol, novelista ruso.<\/p>\n\n\n\n<p class=\"wp-block-paragraph\">1811.- Robert G. Bunsen, qu\u00edmico alem\u00e1n.<\/p>\n\n\n\n<p class=\"wp-block-paragraph\">1872.- Sergei Diaghilev, empresario ruso, fundador de los Ballets Rusos.<\/p>\n\n\n\n<p class=\"wp-block-paragraph\">1914.- Octavio Paz, escritor y ensayista mexicano.<\/p>\n\n\n\n<p class=\"wp-block-paragraph\">1927.- C\u00e9sar Ch\u00e1vez, sindicalista y activista pro derechos civiles estadounidense de origen mexicano.<\/p>\n\n\n\n<p class=\"wp-block-paragraph\">1932.- Nagisa Oshima, director japon\u00e9s de cine.<\/p>\n\n\n\n<p class=\"wp-block-paragraph\">1934.- Carlo Rubbia, f\u00edsico italiano, Premio Nobel 1984.<\/p>\n\n\n\n<p class=\"wp-block-paragraph\">1934.- Richard Chamberlain, actor estadounidense.<\/p>\n\n\n\n<p class=\"wp-block-paragraph\">1939.- Volker Schlondorff, director de cine alem\u00e1n.<\/p>\n\n\n\n<p class=\"wp-block-paragraph\">1947.- C\u00e9sar Gaviria, expresidente de Colombia y secretario general de la Organizaci\u00f3n de Estados americanos (OEA).<\/p>\n\n\n\n<p class=\"wp-block-paragraph\">1948.- Albert Gore, \u00abAl Gore\u00bb, pol\u00edtico estadounidense, fue vicepresidente de su pa\u00eds y un destacado activista medioambiental.<\/p>\n\n\n\n<p class=\"wp-block-paragraph\">1955.- Angus Young, guitarrista australiano, miembro de la banda de rock AC\/DC.<\/p>\n\n\n\n<p class=\"wp-block-paragraph\">1971.- Ewan McGregor, actor brit\u00e1nico.<\/p>\n\n\n\n<p class=\"wp-block-paragraph\">1972.- Alejandro Amen\u00e1bar, director de cine chileno-espa\u00f1ol, ganador de un premio \u00d3scar en 2004.<\/p>\n\n\n\n<p class=\"wp-block-paragraph\"><strong>Defunciones<\/strong><\/p>\n\n\n\n<p class=\"wp-block-paragraph\">1493.- Martin Alonso Pinz\u00f3n, navegante espa\u00f1ol.<\/p>\n\n\n\n<p class=\"wp-block-paragraph\">1547.- Francisco I, rey de Francia.<\/p>\n\n\n\n<p class=\"wp-block-paragraph\">1621.- Felipe III, rey de Espa\u00f1a.<\/p>\n\n\n\n<p class=\"wp-block-paragraph\">1727.- Isaac Newton, f\u00edsico y matem\u00e1tico brit\u00e1nico.<\/p>\n\n\n\n<p class=\"wp-block-paragraph\">1980.- Paolo Mantovani, director de orquesta italiano.<\/p>\n\n\n\n<p class=\"wp-block-paragraph\">1990.- Joseph Hirschfelder, cient\u00edfico estadounidense, uno de los \u00abpadres\u00bb de la bomba at\u00f3mica.<\/p>\n\n\n\n<p class=\"wp-block-paragraph\">1993.- Brandon Lee, actor estadounidense.<\/p>\n\n\n\n<p class=\"wp-block-paragraph\">1995.- Roberto Juarroz, escritor y acad\u00e9mico argentino.<\/p>\n\n\n\n<p class=\"wp-block-paragraph\">2001.- David Rocastle, futbolista brit\u00e1nico.<\/p>\n\n\n\n<p class=\"wp-block-paragraph\">2001.- Jean-Marc Bory, actor de origen suizo.<\/p>\n\n\n\n<p class=\"wp-block-paragraph\">2004.- Salvatore Burruni, boxeador italiano.<\/p>\n\n\n\n<p class=\"wp-block-paragraph\">2008 .- Jules Dassin, cineasta estadounidense.<\/p>\n\n\n\n<p class=\"wp-block-paragraph\">2009.- Ra\u00fal Alfons\u00edn expresidente argentino.<\/p>\n\n\n\n<p class=\"wp-block-paragraph\">2015.- Carlos Gaviria, abogado y pol\u00edtico colombiano.<\/p>\n\n\n\n<p class=\"wp-block-paragraph\">2016.- Imre Kert\u00e9sz, premio Nobel de literatura h\u00fangaro.<\/p>\n\n\n\n<p class=\"wp-block-paragraph\">2016.- Zaha Hadid, arquitecta angloiraqu\u00ed.<\/p>\n","protected":false},"excerpt":{"rendered":"<p>Un d\u00eda 31 de marzo como hoy, pero de 1889, es inaugurada en Par\u00eds la Torre Eiffel, uno de los monumentos m\u00e1s emblem\u00e1ticos de la capital francesa. Otras efem\u00e9rides 1492.- Los Reyes Cat\u00f3licos firman el Decreto de expulsi\u00f3n de los jud\u00edos de todos sus reinos en un plazo m\u00e1ximo de cuatro meses. 1685.- Nace el [&hellip;]<\/p>\n","protected":false},"author":6,"featured_media":82138,"comment_status":"closed","ping_status":"closed","sticky":false,"template":"","format":"standard","meta":{"_acf_changed":false,"_monsterinsights_skip_tracking":false,"slim_seo":{"title":"Efem\u00e9rides 31 de marzo | Un d\u00eda como hoy en la historia... - Opini\u00f3n P\u00fablica","description":"Un d\u00eda 31 de marzo como hoy, pero de 1889, es inaugurada en Par\u00eds la Torre Eiffel, uno de los monumentos m\u00e1s emblem\u00e1ticos de la capital francesa . Otras efem\u00e9ri"},"footnotes":""},"categories":[27],"tags":[2888,2889],"class_list":["post-82137","post","type-post","status-publish","format-standard","has-post-thumbnail","hentry","category-un-dia-como-hoy","tag-efemerides-31-de-marzo","tag-torre-eiffel"],"acf":[],"_links":{"self":[{"href":"https:\/\/www.opinionpublica.tv\/portada\/wp-json\/wp\/v2\/posts\/82137","targetHints":{"allow":["GET"]}}],"collection":[{"href":"https:\/\/www.opinionpublica.tv\/portada\/wp-json\/wp\/v2\/posts"}],"about":[{"href":"https:\/\/www.opinionpublica.tv\/portada\/wp-json\/wp\/v2\/types\/post"}],"author":[{"embeddable":true,"href":"https:\/\/www.opinionpublica.tv\/portada\/wp-json\/wp\/v2\/users\/6"}],"replies":[{"embeddable":true,"href":"https:\/\/www.opinionpublica.tv\/portada\/wp-json\/wp\/v2\/comments?post=82137"}],"version-history":[{"count":1,"href":"https:\/\/www.opinionpublica.tv\/portada\/wp-json\/wp\/v2\/posts\/82137\/revisions"}],"predecessor-version":[{"id":82139,"href":"https:\/\/www.opinionpublica.tv\/portada\/wp-json\/wp\/v2\/posts\/82137\/revisions\/82139"}],"wp:featuredmedia":[{"embeddable":true,"href":"https:\/\/www.opinionpublica.tv\/portada\/wp-json\/wp\/v2\/media\/82138"}],"wp:attachment":[{"href":"https:\/\/www.opinionpublica.tv\/portada\/wp-json\/wp\/v2\/media?parent=82137"}],"wp:term":[{"taxonomy":"category","embeddable":true,"href":"https:\/\/www.opinionpublica.tv\/portada\/wp-json\/wp\/v2\/categories?post=82137"},{"taxonomy":"post_tag","embeddable":true,"href":"https:\/\/www.opinionpublica.tv\/portada\/wp-json\/wp\/v2\/tags?post=82137"}],"curies":[{"name":"wp","href":"https:\/\/api.w.org\/{rel}","templated":true}]}}