{"id":81757,"date":"2026-03-25T00:01:00","date_gmt":"2026-03-25T06:01:00","guid":{"rendered":"https:\/\/www.opinionpublica.tv\/portada\/?p=81757"},"modified":"2026-03-24T13:48:28","modified_gmt":"2026-03-24T19:48:28","slug":"sheinbaum-mantiene-su-nivel-de-aprobacion-tras-la-captura-y-abatimiento-de-el-mencho","status":"publish","type":"post","link":"https:\/\/www.opinionpublica.tv\/portada\/sheinbaum-mantiene-su-nivel-de-aprobacion-tras-la-captura-y-abatimiento-de-el-mencho\/","title":{"rendered":"Mantiene presidenta Sheinbaum su nivel de aprobaci\u00f3n tras la captura y abatimiento de &#8216;El Mencho&#8217; en febrero"},"content":{"rendered":"\n<figure class=\"wp-block-image size-large\"><img fetchpriority=\"high\" decoding=\"async\" width=\"1024\" height=\"683\" src=\"https:\/\/www.opinionpublica.tv\/portada\/wp-content\/uploads\/2026\/03\/Mantiene-presidenta-Sheinbaum-su-nivel-de-aprobacion-tras-la-captura-y-abatimiento-de-El-Mencho-en-febrero-1024x683.jpg\" alt=\"Mantiene presidenta sheinbaum su nivel de aprobacio\u0301n tras la captura y abatimiento de 'el mencho' en febrero\" class=\"wp-image-81761\" srcset=\"https:\/\/www.opinionpublica.tv\/portada\/wp-content\/uploads\/2026\/03\/Mantiene-presidenta-Sheinbaum-su-nivel-de-aprobacion-tras-la-captura-y-abatimiento-de-El-Mencho-en-febrero-1024x683.jpg 1024w, https:\/\/www.opinionpublica.tv\/portada\/wp-content\/uploads\/2026\/03\/Mantiene-presidenta-Sheinbaum-su-nivel-de-aprobacion-tras-la-captura-y-abatimiento-de-El-Mencho-en-febrero-300x200.jpg 300w, https:\/\/www.opinionpublica.tv\/portada\/wp-content\/uploads\/2026\/03\/Mantiene-presidenta-Sheinbaum-su-nivel-de-aprobacion-tras-la-captura-y-abatimiento-de-El-Mencho-en-febrero-768x512.jpg 768w, https:\/\/www.opinionpublica.tv\/portada\/wp-content\/uploads\/2026\/03\/Mantiene-presidenta-Sheinbaum-su-nivel-de-aprobacion-tras-la-captura-y-abatimiento-de-El-Mencho-en-febrero.jpg 1500w\" sizes=\"(max-width: 1024px) 100vw, 1024px\" \/><figcaption class=\"wp-element-caption\">Cuauht\u00e9moc, Ciudad de M\u00e9xico. 29 de septiembre 2025. La presidenta constitucional de los Estados Unidos Mexicanos, la Doctora Claudia Sheinbaum Pardo en conferencia de prensa matutina en el sal\u00f3n de la Tesorer\u00eda de Palacio Nacional. La acompa\u00f1an: Ariadna Montiel, secretaria de Bienestar; Efra\u00edn Morales L\u00f3pez, Director General de la Comisi\u00f3n Nacional del Agua (CONAGUA); Alicia B\u00e1rcena, secretaria de Medio Ambiente y Recursos Naturales; Marath Bola\u00f1os L\u00f3pez, secretario del Trabajo y Previsi\u00f3n Social; Pamela L\u00f3pez, Directora de la Escuela es Nuestra; Julia \u00c1lvarez Icaza Ram\u00edrez, secretaria del Medio Ambiente de la Ciudad de M\u00e9xico; Iv\u00e1n Escalante, Procurador Federal del Consumidor (Profeco); Diana Aurora Correa, subdirectora de Dise\u00f1o Digital y Medios Sociales en la Unidad de Memoria Hist\u00f3rica.  Foto: Juan Carlos Buenrostro\/Presidencia<\/figcaption><\/figure>\n\n\n\n<p class=\"wp-block-paragraph\">En el segundo mes del 2026, la aprobaci\u00f3n a nivel nacional el desempe\u00f1o gubernamental de la presidenta Claudia Sheinbaum Pardo se ubic\u00f3 en 69.1%, dicha cifra sufri\u00f3 una leve ca\u00edda con el dato anterior que fue de 69.2 por ciento.<\/p>\n\n\n\n<p class=\"wp-block-paragraph\">Sin embargo, si se compara el dato con el del febrero del 2025, existe un aumento, ya que para ese momento el aval ciudadano a la titular del Ejecutivo federal fue de 67.8 por ciento.<\/p>\n\n\n\n<p class=\"wp-block-paragraph\">Con lo que respecta a la aprobaci\u00f3n por estados, se puede apreciar que en solamente seis estados el promedio de aval fue alto, es decir entre 50 y 59%, mientras que, en el resto del pa\u00eds, fue sobresaliente con un rango entre 60% o m\u00e1s.<\/p>\n\n\n\n<p class=\"wp-block-paragraph\">Si se compara la aprobaci\u00f3n presidencial de los \u00faltimos cinco sexenios, la mandataria actual se encuentra en primer lugar con 69.1%, le sigue Felipe Calder\u00f3n con 61.4% de aval, mientras que Andr\u00e9s Manuel L\u00f3pez Obrador se ubic\u00f3 en tercer lugar con 55.8 por ciento.<\/p>\n\n\n\n<p class=\"wp-block-paragraph\">En cuarto lugar se ubic\u00f3 Enrique Pe\u00f1a Nieto con 47.6 y Vicente Fox cerr\u00f3 la lista con 44.6% de aval.<\/p>\n\n\n\n<p class=\"wp-block-paragraph\">En los indicadores de gobierno, de 57,500 mexicanos mayores de 18 a\u00f1os consultados, la principal preocupaci\u00f3n fue el tema de seguridad con 51.1%, en segundo lugar, fue la econom\u00eda con 16.4 y en tercer sitio el tema de salud con 12 por ciento.<\/p>\n\n\n\n<p class=\"wp-block-paragraph\">En el tema de percepci\u00f3n de seguridad, 52.6% de los encuestados revel\u00f3 que la situaci\u00f3n es mejor, mientras que 33.1% consider\u00f3 que es peor, 13.7% que est\u00e1 igual y 0.6% no contest\u00f3.<\/p>\n\n\n\n<p class=\"wp-block-paragraph\">Nota metodol\u00f3gica: Encuesta aplicada a 57,500 mexicanos mayores de 18 a\u00f1os con dispositivos m\u00f3viles inteligentes con acceso a Internet.<\/p>\n\n\n\n<p class=\"wp-block-paragraph\"><em>Con informaci\u00f3n de El Economista<\/em>.<\/p>\n","protected":false},"excerpt":{"rendered":"<p>En el segundo mes del 2026, la aprobaci\u00f3n a nivel nacional el desempe\u00f1o gubernamental de la presidenta Claudia Sheinbaum Pardo se ubic\u00f3 en 69.1%, dicha cifra sufri\u00f3 una leve ca\u00edda con el dato anterior que fue de 69.2 por ciento. Sin embargo, si se compara el dato con el del febrero del 2025, existe un [&hellip;]<\/p>\n","protected":false},"author":6,"featured_media":81761,"comment_status":"closed","ping_status":"closed","sticky":false,"template":"","format":"standard","meta":{"_acf_changed":false,"_monsterinsights_skip_tracking":false,"slim_seo":{"title":"Mantiene presidenta Sheinbaum su nivel de aprobaci\u00f3n tras la captura y abatimiento de 'El Mencho' en febrero - Opini\u00f3n P\u00fablica","description":"En el segundo mes del 2026, la aprobaci\u00f3n a nivel nacional el desempe\u00f1o gubernamental de la presidenta Claudia Sheinbaum Pardo se ubic\u00f3 en 69.1%, dicha cifra su"},"footnotes":""},"categories":[3],"tags":[2819,307,2455],"class_list":["post-81757","post","type-post","status-publish","format-standard","has-post-thumbnail","hentry","category-principal","tag-aprobacion-presidencial","tag-claudia-sheinbaum","tag-el-mencho"],"acf":[],"_links":{"self":[{"href":"https:\/\/www.opinionpublica.tv\/portada\/wp-json\/wp\/v2\/posts\/81757","targetHints":{"allow":["GET"]}}],"collection":[{"href":"https:\/\/www.opinionpublica.tv\/portada\/wp-json\/wp\/v2\/posts"}],"about":[{"href":"https:\/\/www.opinionpublica.tv\/portada\/wp-json\/wp\/v2\/types\/post"}],"author":[{"embeddable":true,"href":"https:\/\/www.opinionpublica.tv\/portada\/wp-json\/wp\/v2\/users\/6"}],"replies":[{"embeddable":true,"href":"https:\/\/www.opinionpublica.tv\/portada\/wp-json\/wp\/v2\/comments?post=81757"}],"version-history":[{"count":3,"href":"https:\/\/www.opinionpublica.tv\/portada\/wp-json\/wp\/v2\/posts\/81757\/revisions"}],"predecessor-version":[{"id":81762,"href":"https:\/\/www.opinionpublica.tv\/portada\/wp-json\/wp\/v2\/posts\/81757\/revisions\/81762"}],"wp:featuredmedia":[{"embeddable":true,"href":"https:\/\/www.opinionpublica.tv\/portada\/wp-json\/wp\/v2\/media\/81761"}],"wp:attachment":[{"href":"https:\/\/www.opinionpublica.tv\/portada\/wp-json\/wp\/v2\/media?parent=81757"}],"wp:term":[{"taxonomy":"category","embeddable":true,"href":"https:\/\/www.opinionpublica.tv\/portada\/wp-json\/wp\/v2\/categories?post=81757"},{"taxonomy":"post_tag","embeddable":true,"href":"https:\/\/www.opinionpublica.tv\/portada\/wp-json\/wp\/v2\/tags?post=81757"}],"curies":[{"name":"wp","href":"https:\/\/api.w.org\/{rel}","templated":true}]}}