{"id":81753,"date":"2026-03-25T00:01:00","date_gmt":"2026-03-25T06:01:00","guid":{"rendered":"https:\/\/www.opinionpublica.tv\/portada\/?p=81753"},"modified":"2026-03-24T13:39:16","modified_gmt":"2026-03-24T19:39:16","slug":"efemerides-25-de-marzo-un-dia-como-hoy-en-la-historia","status":"publish","type":"post","link":"https:\/\/www.opinionpublica.tv\/portada\/efemerides-25-de-marzo-un-dia-como-hoy-en-la-historia\/","title":{"rendered":"Efem\u00e9rides 25 de marzo | Un d\u00eda como hoy en la historia&#8230;"},"content":{"rendered":"\n<p class=\"wp-block-paragraph\"><em>Un d\u00eda 25 de marzo de marzo como hoy, pero de 1995, el inform\u00e1tico estadounidense Ward Cunningham lanza WikiWikiWeb, el primer sitio en Internet en el que los usuarios tienen acceso a la creaci\u00f3n y edici\u00f3n del texto que comparten. Estos lugares ser\u00e1n conocidos con el nombre de wiki (r\u00e1pido en el idioma hawaiano) y tienen en Wikipedia su exponente m\u00e1s popular<\/em>.<\/p>\n\n\n\n<figure class=\"wp-block-image size-large\"><img fetchpriority=\"high\" decoding=\"async\" width=\"1024\" height=\"540\" src=\"https:\/\/www.opinionpublica.tv\/portada\/wp-content\/uploads\/2026\/03\/1995-el-informatico-estadounidense-Ward-Cunningham-lanza-WikiWikiWeb-1024x540.jpg\" alt=\"1995, el informa\u0301tico estadounidense ward cunningham lanza wikiwikiweb\" class=\"wp-image-81754\" srcset=\"https:\/\/www.opinionpublica.tv\/portada\/wp-content\/uploads\/2026\/03\/1995-el-informatico-estadounidense-Ward-Cunningham-lanza-WikiWikiWeb-1024x540.jpg 1024w, https:\/\/www.opinionpublica.tv\/portada\/wp-content\/uploads\/2026\/03\/1995-el-informatico-estadounidense-Ward-Cunningham-lanza-WikiWikiWeb-300x158.jpg 300w, https:\/\/www.opinionpublica.tv\/portada\/wp-content\/uploads\/2026\/03\/1995-el-informatico-estadounidense-Ward-Cunningham-lanza-WikiWikiWeb-768x405.jpg 768w, https:\/\/www.opinionpublica.tv\/portada\/wp-content\/uploads\/2026\/03\/1995-el-informatico-estadounidense-Ward-Cunningham-lanza-WikiWikiWeb.jpg 1100w\" sizes=\"(max-width: 1024px) 100vw, 1024px\" \/><\/figure>\n\n\n\n<p class=\"wp-block-paragraph\"><strong>Otras efem\u00e9rides<\/strong><\/p>\n\n\n\n<p class=\"wp-block-paragraph\">1752.- Hundimiento de la mayor parte de la catedral de Buenos Aires.<\/p>\n\n\n\n<p class=\"wp-block-paragraph\">1806.- El patriota venezolano Francisco Miranda intenta desembarcar en Ocumare (Venezuela), pero es rechazado por las fuerzas reales y tiene que retirarse a la isla de la Trinidad.<\/p>\n\n\n\n<p class=\"wp-block-paragraph\">1807.- El Parlamento brit\u00e1nico aprueba abolir el tr\u00e1fico de esclavos.<\/p>\n\n\n\n<p class=\"wp-block-paragraph\">1814.- Los patriotas venezolanos triunfan en San Mateo.<\/p>\n\n\n\n<p class=\"wp-block-paragraph\">1835.- Se publica el primer cuadernillo de los Cuentos del escritor dan\u00e9s Hans Christian Andersen.<\/p>\n\n\n\n<p class=\"wp-block-paragraph\">1903.- El gobierno argentino decreta la restauraci\u00f3n del regimiento de granaderos \u00abGeneral San Mart\u00edn\u00bb, que hab\u00eda sido disuelto en 1826.<\/p>\n\n\n\n<p class=\"wp-block-paragraph\">1911.- El incendio en la f\u00e1brica Triangle Shirtwaist de Nueva York causa la muerte de 146 trabajadoras, quemadas o cuando trataban de escapar del fuego al saltar por las ventanas.<\/p>\n\n\n\n<p class=\"wp-block-paragraph\">1824.- El emperador de Brasil, Pedro I, jura una Constituci\u00f3n liberal presentada por el Consejo de Estado.<\/p>\n\n\n\n<p class=\"wp-block-paragraph\">1923.- Se inicia en Santiago de Chile la V Conferencia Internacional en la que se firma el Tratado de Gondra, para el arreglo de conflictos entre Estados americanos.<\/p>\n\n\n\n<p class=\"wp-block-paragraph\">1933.- El Gobierno alem\u00e1n suprime los sindicatos libres tras asumir plenos poderes Adolf Hitler.<\/p>\n\n\n\n<p class=\"wp-block-paragraph\">1957.- Se firman los Tratados de Roma, constitutivos de la Comunidad Econ\u00f3mica Europea y de la Comunidad Europea de la Energ\u00eda At\u00f3mica (Euratom).<\/p>\n\n\n\n<p class=\"wp-block-paragraph\">1975.- El rey Faisal de Arabia Saud\u00ed es asesinado por su sobrino el pr\u00edncipe Faisal Ibn Musaed Ibn Abdul Aziz, quien seg\u00fan el comunicado oficial se hallaba perturbado mentalmente.<\/p>\n\n\n\n<p class=\"wp-block-paragraph\">1984.- Aprobaci\u00f3n de la Ley Electoral en Nicaragua.<\/p>\n\n\n\n<p class=\"wp-block-paragraph\">1996.- El Comit\u00e9 Veterinario de la Uni\u00f3n Europea proh\u00edbe las exportaciones de ganado vacuno brit\u00e1nico y sus productos derivados, a causa de la enfermedad de las \u00abvacas locas\u00bb.<\/p>\n\n\n\n<p class=\"wp-block-paragraph\">1998.- La C\u00e1mara Alta argentina deroga las leyes de Punto Final y Obediencia Debida que eximen de responsabilidad penal a cientos de militares acusados de cr\u00edmenes contra la humanidad, cometidos durante la dictadura.<\/p>\n\n\n\n<p class=\"wp-block-paragraph\">1999.- Comienza en el Senado paraguayo el juicio pol\u00edtico para destituir al presidente, Ra\u00fal Cubas.<\/p>\n\n\n\n<p class=\"wp-block-paragraph\">2001.- Una ola de atentados a jueces y amenazas a pol\u00edticos sacude Guatemala, tras el inicio del juicio contra tres militares, acusados del asesinato del obispo Gerardi en 1998.<\/p>\n\n\n\n<p class=\"wp-block-paragraph\">2002.- Un tribunal isl\u00e1mico de Nigeria absuelve a Safiya Husaini, que hab\u00eda sido condenada a morir lapidada acusada de adulterio.<\/p>\n\n\n\n<p class=\"wp-block-paragraph\">2008.- Ford vende sus marcas brit\u00e1nicas Jaguar y Land Rover a la india Tata Motors.<\/p>\n\n\n\n<p class=\"wp-block-paragraph\">2016.- Primer e hist\u00f3rico concierto en Cuba de la banda de rock brit\u00e1nica The Rolling Stones.<\/p>\n\n\n\n<p class=\"wp-block-paragraph\">2022.- El FMI avala definitivamente el acuerdo alcanzado con el Gobierno de Argentina para refinanciar su deuda con la instituci\u00f3n de m\u00e1s de 44.000 millones de d\u00f3lares.<\/p>\n\n\n\n<p class=\"wp-block-paragraph\"><strong>Nacimientos<\/strong><\/p>\n\n\n\n<p class=\"wp-block-paragraph\">1614.- Juan Carre\u00f1o de Miranda, pintor de c\u00e1mara de Carlos II.<\/p>\n\n\n\n<p class=\"wp-block-paragraph\">1808.- Jos\u00e9 de Espronceda, poeta rom\u00e1ntico espa\u00f1ol.<\/p>\n\n\n\n<p class=\"wp-block-paragraph\">1867.- Arturo Toscanini, director de orquesta italiano.<\/p>\n\n\n\n<p class=\"wp-block-paragraph\">1881.- Bela Bartok, compositor h\u00fangaro.<\/p>\n\n\n\n<p class=\"wp-block-paragraph\">1908.- David Lean, director de cine brit\u00e1nico.<\/p>\n\n\n\n<p class=\"wp-block-paragraph\">1914.- Norman Ernest Borlaug, ingeniero agr\u00f3nomo y genetista, Premio Nobel de la Paz en 1970.<\/p>\n\n\n\n<p class=\"wp-block-paragraph\">1921.- Simone Signoret, actriz del cine franc\u00e9s nacida en Alemania.<\/p>\n\n\n\n<p class=\"wp-block-paragraph\">1926.- Laszlo Papp, boxeador h\u00fangaro.<\/p>\n\n\n\n<p class=\"wp-block-paragraph\">1929.- Cecil Taylor, pianista de jazz estadounidense.<\/p>\n\n\n\n<p class=\"wp-block-paragraph\">1942.- Aretha Franklin, cantante estadounidense.<\/p>\n\n\n\n<p class=\"wp-block-paragraph\">1947.- Elton John, cantante y compositor brit\u00e1nico.<\/p>\n\n\n\n<p class=\"wp-block-paragraph\">1965.- Sarah Jessica Parker, actriz estadounidense.<\/p>\n\n\n\n<p class=\"wp-block-paragraph\">1966.- Jeff Healey, guitarrista ciego canadiense que hizo incursiones en la m\u00fasica jazz y en el blues.<\/p>\n\n\n\n<p class=\"wp-block-paragraph\">1976: Wladimir Klitschko, boxeador ucraniano.<\/p>\n\n\n\n<p class=\"wp-block-paragraph\">1982.- David Bustamante, cantante espa\u00f1ol.<\/p>\n\n\n\n<p class=\"wp-block-paragraph\"><strong>Defunciones<\/strong><\/p>\n\n\n\n<p class=\"wp-block-paragraph\">1909.- Ruperto Chap\u00ed, compositor espa\u00f1ol.<\/p>\n\n\n\n<p class=\"wp-block-paragraph\">1914.- Frederic Mistral, poeta franc\u00e9s. Premio Nobel 1904.<\/p>\n\n\n\n<p class=\"wp-block-paragraph\">1918.- Claude Debussy, compositor franc\u00e9s.<\/p>\n\n\n\n<p class=\"wp-block-paragraph\">1941.- Florencio Parravicini, actor y dramaturgo argentino 1962.- Auguste Piccard, investigador suizo.<\/p>\n\n\n\n<p class=\"wp-block-paragraph\">1975.- Faisal, rey de Arabia Saud\u00ed.<\/p>\n\n\n\n<p class=\"wp-block-paragraph\">2004.- Francisco \u00abPaco\u00bb Igartua, periodista peruano.<\/p>\n\n\n\n<p class=\"wp-block-paragraph\">2006.- Roc\u00edo D\u00farcal (Mar\u00eda de los \u00c1ngeles de las Heras), actriz y cantante espa\u00f1ola.<\/p>\n\n\n\n<p class=\"wp-block-paragraph\">2007.- Andranik Markari\u00e1n, primer ministro de Armenia.<\/p>\n\n\n\n<p class=\"wp-block-paragraph\">2012.- Antonio Tabucchi escritor italiano.<\/p>\n\n\n\n<p class=\"wp-block-paragraph\">2018.- Linda Brown, icono contra la segregaci\u00f3n racial en las escuelas estadounidenses.<\/p>\n\n\n\n<p class=\"wp-block-paragraph\">2021.- Bertrand Tavernier, cineasta franc\u00e9s.<\/p>\n\n\n\n<p class=\"wp-block-paragraph\">2023.- Xavier L\u00f3pez Rodr\u00edguez \u00abChabelo\u00bb, actor y presentador mexicano.<\/p>\n","protected":false},"excerpt":{"rendered":"<p>Un d\u00eda 25 de marzo de marzo como hoy, pero de 1995, el inform\u00e1tico estadounidense Ward Cunningham lanza WikiWikiWeb, el primer sitio en Internet en el que los usuarios tienen acceso a la creaci\u00f3n y edici\u00f3n del texto que comparten. Estos lugares ser\u00e1n conocidos con el nombre de wiki (r\u00e1pido en el idioma hawaiano) y [&hellip;]<\/p>\n","protected":false},"author":6,"featured_media":81754,"comment_status":"closed","ping_status":"closed","sticky":false,"template":"","format":"standard","meta":{"_acf_changed":false,"_monsterinsights_skip_tracking":false,"slim_seo":{"title":"Efem\u00e9rides 25 de marzo | Un d\u00eda como hoy en la historia... - Opini\u00f3n P\u00fablica","description":"Un d\u00eda 25 de marzo de marzo como hoy, pero de 1995, el inform\u00e1tico estadounidense Ward Cunningham lanza WikiWikiWeb, el primer sitio en Internet en el que los u"},"footnotes":""},"categories":[27],"tags":[95,1373],"class_list":["post-81753","post","type-post","status-publish","format-standard","has-post-thumbnail","hentry","category-un-dia-como-hoy","tag-efemerides-25-de-marzo","tag-wikipedia"],"acf":[],"_links":{"self":[{"href":"https:\/\/www.opinionpublica.tv\/portada\/wp-json\/wp\/v2\/posts\/81753","targetHints":{"allow":["GET"]}}],"collection":[{"href":"https:\/\/www.opinionpublica.tv\/portada\/wp-json\/wp\/v2\/posts"}],"about":[{"href":"https:\/\/www.opinionpublica.tv\/portada\/wp-json\/wp\/v2\/types\/post"}],"author":[{"embeddable":true,"href":"https:\/\/www.opinionpublica.tv\/portada\/wp-json\/wp\/v2\/users\/6"}],"replies":[{"embeddable":true,"href":"https:\/\/www.opinionpublica.tv\/portada\/wp-json\/wp\/v2\/comments?post=81753"}],"version-history":[{"count":1,"href":"https:\/\/www.opinionpublica.tv\/portada\/wp-json\/wp\/v2\/posts\/81753\/revisions"}],"predecessor-version":[{"id":81755,"href":"https:\/\/www.opinionpublica.tv\/portada\/wp-json\/wp\/v2\/posts\/81753\/revisions\/81755"}],"wp:featuredmedia":[{"embeddable":true,"href":"https:\/\/www.opinionpublica.tv\/portada\/wp-json\/wp\/v2\/media\/81754"}],"wp:attachment":[{"href":"https:\/\/www.opinionpublica.tv\/portada\/wp-json\/wp\/v2\/media?parent=81753"}],"wp:term":[{"taxonomy":"category","embeddable":true,"href":"https:\/\/www.opinionpublica.tv\/portada\/wp-json\/wp\/v2\/categories?post=81753"},{"taxonomy":"post_tag","embeddable":true,"href":"https:\/\/www.opinionpublica.tv\/portada\/wp-json\/wp\/v2\/tags?post=81753"}],"curies":[{"name":"wp","href":"https:\/\/api.w.org\/{rel}","templated":true}]}}