{"id":81660,"date":"2026-03-24T00:01:00","date_gmt":"2026-03-24T06:01:00","guid":{"rendered":"https:\/\/www.opinionpublica.tv\/portada\/?p=81660"},"modified":"2026-03-23T16:00:15","modified_gmt":"2026-03-23T22:00:15","slug":"video-moana-trailer-oficial-disney-studios-la","status":"publish","type":"post","link":"https:\/\/www.opinionpublica.tv\/portada\/video-moana-trailer-oficial-disney-studios-la\/","title":{"rendered":"Video: Moana | Tr\u00e1iler oficial | Disney Studios"},"content":{"rendered":"\n<p class=\"wp-block-paragraph\"><a href=\"https:\/\/www.youtube.com\/@DisneyStudiosLA\"><\/a><\/p>\n\n\n\n<figure class=\"wp-block-embed is-type-video is-provider-youtube wp-block-embed-youtube wp-embed-aspect-16-9 wp-has-aspect-ratio\"><div class=\"wp-block-embed__wrapper\">\n<iframe title=\"Moana | Tr\u00e1iler Oficial | Subtitulado\" width=\"800\" height=\"450\" src=\"https:\/\/www.youtube.com\/embed\/B_wpLKJE1f8?feature=oembed\" frameborder=\"0\" allow=\"accelerometer; autoplay; clipboard-write; encrypted-media; gyroscope; picture-in-picture; web-share\" referrerpolicy=\"strict-origin-when-cross-origin\" allowfullscreen><\/iframe>\n<\/div><\/figure>\n\n\n\n<p class=\"wp-block-paragraph\">Moana. El oc\u00e9ano la eligi\u00f3 por una raz\u00f3n.<\/p>\n\n\n\n<p class=\"wp-block-paragraph\">Estreno el 9 de julio, s\u00f3lo en cines.<\/p>\n","protected":false},"excerpt":{"rendered":"<p>Moana. El oc\u00e9ano la eligi\u00f3 por una raz\u00f3n. Estreno el 9 de julio, s\u00f3lo en cines.<\/p>\n","protected":false},"author":6,"featured_media":81662,"comment_status":"closed","ping_status":"closed","sticky":false,"template":"","format":"standard","meta":{"_acf_changed":false,"_monsterinsights_skip_tracking":false,"slim_seo":{"title":"Video: Moana | Tr\u00e1iler oficial | Disney Studios - Opini\u00f3n P\u00fablica","description":"https:\/\/youtu.be\/B_wpLKJE1f8?si=ayFnTLLFoxhugtdy Moana. El oc\u00e9ano la eligi\u00f3 por una raz\u00f3n. Estreno el 9 de julio, s\u00f3lo en cines."},"footnotes":""},"categories":[2,13,8],"tags":[2809,2810],"class_list":["post-81660","post","type-post","status-publish","format-standard","has-post-thumbnail","hentry","category-videos-destacados","category-videos-destacados-contenido","category-videos","tag-disney-studios-la","tag-moana"],"acf":[],"_links":{"self":[{"href":"https:\/\/www.opinionpublica.tv\/portada\/wp-json\/wp\/v2\/posts\/81660","targetHints":{"allow":["GET"]}}],"collection":[{"href":"https:\/\/www.opinionpublica.tv\/portada\/wp-json\/wp\/v2\/posts"}],"about":[{"href":"https:\/\/www.opinionpublica.tv\/portada\/wp-json\/wp\/v2\/types\/post"}],"author":[{"embeddable":true,"href":"https:\/\/www.opinionpublica.tv\/portada\/wp-json\/wp\/v2\/users\/6"}],"replies":[{"embeddable":true,"href":"https:\/\/www.opinionpublica.tv\/portada\/wp-json\/wp\/v2\/comments?post=81660"}],"version-history":[{"count":2,"href":"https:\/\/www.opinionpublica.tv\/portada\/wp-json\/wp\/v2\/posts\/81660\/revisions"}],"predecessor-version":[{"id":81664,"href":"https:\/\/www.opinionpublica.tv\/portada\/wp-json\/wp\/v2\/posts\/81660\/revisions\/81664"}],"wp:featuredmedia":[{"embeddable":true,"href":"https:\/\/www.opinionpublica.tv\/portada\/wp-json\/wp\/v2\/media\/81662"}],"wp:attachment":[{"href":"https:\/\/www.opinionpublica.tv\/portada\/wp-json\/wp\/v2\/media?parent=81660"}],"wp:term":[{"taxonomy":"category","embeddable":true,"href":"https:\/\/www.opinionpublica.tv\/portada\/wp-json\/wp\/v2\/categories?post=81660"},{"taxonomy":"post_tag","embeddable":true,"href":"https:\/\/www.opinionpublica.tv\/portada\/wp-json\/wp\/v2\/tags?post=81660"}],"curies":[{"name":"wp","href":"https:\/\/api.w.org\/{rel}","templated":true}]}}