{"id":8137,"date":"2016-11-17T07:00:00","date_gmt":"2016-11-17T06:00:00","guid":{"rendered":"https:\/\/www.opinionpublica.tv\/portada\/2016\/11\/17\/filtran-fotos-de-viceministra-ucraniana-al-desnudo\/"},"modified":"2016-11-17T07:00:00","modified_gmt":"2016-11-17T06:00:00","slug":"filtran-fotos-de-viceministra-ucraniana-al-desnudo","status":"publish","type":"post","link":"https:\/\/www.opinionpublica.tv\/portada\/filtran-fotos-de-viceministra-ucraniana-al-desnudo\/","title":{"rendered":"Filtran fotos de viceministra ucraniana al desnudo"},"content":{"rendered":"<p><img fetchpriority=\"high\" decoding=\"async\" class=\" size-full wp-image-8128\" src=\"https:\/\/www.opinionpublica.tv\/portada\/wp-content\/uploads\/2016\/11\/70b0d1defa6af0e7406c67782b2e7051.jpg\" alt=\"\" width=\"960\" height=\"644\" srcset=\"https:\/\/www.opinionpublica.tv\/portada\/wp-content\/uploads\/2016\/11\/70b0d1defa6af0e7406c67782b2e7051.jpg 960w, https:\/\/www.opinionpublica.tv\/portada\/wp-content\/uploads\/2016\/11\/70b0d1defa6af0e7406c67782b2e7051-300x201.jpg 300w, https:\/\/www.opinionpublica.tv\/portada\/wp-content\/uploads\/2016\/11\/70b0d1defa6af0e7406c67782b2e7051-768x515.jpg 768w\" sizes=\"(max-width: 960px) 100vw, 960px\" \/><br \/>\n<!--more--><\/p>\n<p style=\"text-align: justify;\">Anastasia Deeva es una de las figuras del gobierno ucraniano m\u00e1s j\u00f3venes, tan solo tiene 24 a\u00f1os, y ocupa uno de los puestos m\u00e1s importantes, es viceministra del Ministerio de Asuntos Interiores y la encargada de la integraci\u00f3n con Europa.<\/p>\n<p style=\"text-align: justify;\">Desafortunadamente en los \u00faltimos d\u00edas, tanto su puesto como su integridad han sido juzgados, todo a ra\u00edz de unas fotograf\u00edas que fueron filtradas a Internet donde ella aparece desnuda.<\/p>\n<p style=\"text-align: justify;\">Esta noticia provoc\u00f3 un frenes\u00ed en los medios ucranianos, los cuales en su mayor\u00eda la han atacado y exigen que la retiren del puesto por las im\u00e1genes \u2018inmorales\u2019, argumentando que no est\u00e1 calificada para el puesto.<\/p>\n<p style=\"text-align: justify;\">Afortunadamente, otros miembros del gobierno han respaldado a la joven, como el Ministro del Interior, Arsen Avakov.<\/p>\n<blockquote>\n<p>Las fotos fueron tomadas en privado y cuando era una estudiante. Que albums de fotos se filtren a Internet con tal efecto, simplemente alimenta sentimientos bajos. \u00bfAcaso una estudiante no puede tener fotos privadas? \u00bfEs una intolerancia o eres asexual?\u2019, declar\u00f3 Avakov.<\/p>\n<\/blockquote>\n<p style=\"text-align: justify;\">Otros medios se\u00f1alaron que Deeva minti\u00f3 en su curr\u00edculum y en la entrevista de trabajo, algo que el Ministro rechaz\u00f3 terminantemente y asegur\u00f3 que el proceso se llev\u00f3 correctamente y se checaron todos los datos proporcionados por la joven.<\/p>\n<p style=\"text-align: justify;\">Irina Geraschenko, portavoz adjunta, tambi\u00e9n defendi\u00f3 a Anastasia<\/p>\n<blockquote>\n<p>La gente puede tomarse las fotograf\u00edas que quiera y estas no pueden ser una base para cualquier nombramiento o despido\u2019.<\/p>\n<\/blockquote>\n<p style=\"text-align: justify;\">Anastasia Deeva estudi\u00f3 en Inglaterra y regres\u00f3 a Ucrania en 2014 para apoyar al pa\u00eds despu\u00e9s de la crisis con Rusia. Trabajo como asistente de Leonid Kozhara, consejero del ex presidente Victor Yanukovych en asuntos internacionales.<\/p>\n<p style=\"text-align: justify;\">Hasta el momento la joven no ha dado una declaraci\u00f3n y las fotograf\u00edas siguen circulando en redes sociales.<\/p>\n<p style=\"text-align: justify;\"><img decoding=\"async\" class=\" size-full wp-image-8129\" src=\"https:\/\/www.opinionpublica.tv\/portada\/wp-content\/uploads\/2016\/11\/1562923.jpg\" width=\"665\" height=\"500\" srcset=\"https:\/\/www.opinionpublica.tv\/portada\/wp-content\/uploads\/2016\/11\/1562923.jpg 665w, https:\/\/www.opinionpublica.tv\/portada\/wp-content\/uploads\/2016\/11\/1562923-300x226.jpg 300w\" sizes=\"(max-width: 665px) 100vw, 665px\" \/><img decoding=\"async\" class=\" size-full wp-image-8130\" src=\"https:\/\/www.opinionpublica.tv\/portada\/wp-content\/uploads\/2016\/11\/1562924.jpg\" width=\"615\" height=\"910\" srcset=\"https:\/\/www.opinionpublica.tv\/portada\/wp-content\/uploads\/2016\/11\/1562924.jpg 615w, https:\/\/www.opinionpublica.tv\/portada\/wp-content\/uploads\/2016\/11\/1562924-203x300.jpg 203w\" sizes=\"(max-width: 615px) 100vw, 615px\" \/><img loading=\"lazy\" decoding=\"async\" class=\" size-full wp-image-8131\" src=\"https:\/\/www.opinionpublica.tv\/portada\/wp-content\/uploads\/2016\/11\/15629251.jpg\" width=\"615\" height=\"861\" srcset=\"https:\/\/www.opinionpublica.tv\/portada\/wp-content\/uploads\/2016\/11\/15629251.jpg 615w, https:\/\/www.opinionpublica.tv\/portada\/wp-content\/uploads\/2016\/11\/15629251-214x300.jpg 214w\" sizes=\"(max-width: 615px) 100vw, 615px\" \/><img loading=\"lazy\" decoding=\"async\" class=\" size-full wp-image-8132\" src=\"https:\/\/www.opinionpublica.tv\/portada\/wp-content\/uploads\/2016\/11\/1562926.jpg\" width=\"810\" height=\"539\" srcset=\"https:\/\/www.opinionpublica.tv\/portada\/wp-content\/uploads\/2016\/11\/1562926.jpg 810w, https:\/\/www.opinionpublica.tv\/portada\/wp-content\/uploads\/2016\/11\/1562926-300x200.jpg 300w, https:\/\/www.opinionpublica.tv\/portada\/wp-content\/uploads\/2016\/11\/1562926-768x511.jpg 768w\" sizes=\"(max-width: 810px) 100vw, 810px\" \/><img loading=\"lazy\" decoding=\"async\" class=\" size-full wp-image-8133\" src=\"https:\/\/www.opinionpublica.tv\/portada\/wp-content\/uploads\/2016\/11\/1562927.jpg\" width=\"306\" height=\"459\" srcset=\"https:\/\/www.opinionpublica.tv\/portada\/wp-content\/uploads\/2016\/11\/1562927.jpg 306w, https:\/\/www.opinionpublica.tv\/portada\/wp-content\/uploads\/2016\/11\/1562927-200x300.jpg 200w\" sizes=\"(max-width: 306px) 100vw, 306px\" \/><img loading=\"lazy\" decoding=\"async\" class=\" size-full wp-image-8134\" src=\"https:\/\/www.opinionpublica.tv\/portada\/wp-content\/uploads\/2016\/11\/1562928.jpg\" width=\"470\" height=\"471\" srcset=\"https:\/\/www.opinionpublica.tv\/portada\/wp-content\/uploads\/2016\/11\/1562928.jpg 470w, https:\/\/www.opinionpublica.tv\/portada\/wp-content\/uploads\/2016\/11\/1562928-300x300.jpg 300w, https:\/\/www.opinionpublica.tv\/portada\/wp-content\/uploads\/2016\/11\/1562928-150x150.jpg 150w\" sizes=\"(max-width: 470px) 100vw, 470px\" \/><img loading=\"lazy\" decoding=\"async\" class=\" size-full wp-image-8135\" src=\"https:\/\/www.opinionpublica.tv\/portada\/wp-content\/uploads\/2016\/11\/1562929.jpg\" width=\"615\" height=\"862\" srcset=\"https:\/\/www.opinionpublica.tv\/portada\/wp-content\/uploads\/2016\/11\/1562929.jpg 615w, https:\/\/www.opinionpublica.tv\/portada\/wp-content\/uploads\/2016\/11\/1562929-214x300.jpg 214w\" sizes=\"(max-width: 615px) 100vw, 615px\" \/><img loading=\"lazy\" decoding=\"async\" class=\" size-full wp-image-8136\" src=\"https:\/\/www.opinionpublica.tv\/portada\/wp-content\/uploads\/2016\/11\/1562930.jpg\" width=\"960\" height=\"644\" srcset=\"https:\/\/www.opinionpublica.tv\/portada\/wp-content\/uploads\/2016\/11\/1562930.jpg 960w, https:\/\/www.opinionpublica.tv\/portada\/wp-content\/uploads\/2016\/11\/1562930-300x201.jpg 300w, https:\/\/www.opinionpublica.tv\/portada\/wp-content\/uploads\/2016\/11\/1562930-768x515.jpg 768w\" sizes=\"(max-width: 960px) 100vw, 960px\" \/><\/p>\n","protected":false},"excerpt":{"rendered":"","protected":false},"author":1,"featured_media":8128,"comment_status":"open","ping_status":"open","sticky":false,"template":"","format":"standard","meta":{"_acf_changed":false,"_monsterinsights_skip_tracking":false,"slim_seo":{"title":"Filtran fotos de viceministra ucraniana al desnudo - Opini\u00f3n P\u00fablica","description":"Anastasia Deeva es una de las figuras del gobierno ucraniano m\u00e1s j\u00f3venes, tan solo tiene 24 a\u00f1os, y ocupa uno de los puestos m\u00e1s importantes, es viceministra de"},"footnotes":""},"categories":[15],"tags":[],"class_list":["post-8137","post","type-post","status-publish","format-standard","has-post-thumbnail","hentry","category-galerias"],"acf":[],"_links":{"self":[{"href":"https:\/\/www.opinionpublica.tv\/portada\/wp-json\/wp\/v2\/posts\/8137","targetHints":{"allow":["GET"]}}],"collection":[{"href":"https:\/\/www.opinionpublica.tv\/portada\/wp-json\/wp\/v2\/posts"}],"about":[{"href":"https:\/\/www.opinionpublica.tv\/portada\/wp-json\/wp\/v2\/types\/post"}],"author":[{"embeddable":true,"href":"https:\/\/www.opinionpublica.tv\/portada\/wp-json\/wp\/v2\/users\/1"}],"replies":[{"embeddable":true,"href":"https:\/\/www.opinionpublica.tv\/portada\/wp-json\/wp\/v2\/comments?post=8137"}],"version-history":[{"count":0,"href":"https:\/\/www.opinionpublica.tv\/portada\/wp-json\/wp\/v2\/posts\/8137\/revisions"}],"wp:featuredmedia":[{"embeddable":true,"href":"https:\/\/www.opinionpublica.tv\/portada\/wp-json\/wp\/v2\/media\/8128"}],"wp:attachment":[{"href":"https:\/\/www.opinionpublica.tv\/portada\/wp-json\/wp\/v2\/media?parent=8137"}],"wp:term":[{"taxonomy":"category","embeddable":true,"href":"https:\/\/www.opinionpublica.tv\/portada\/wp-json\/wp\/v2\/categories?post=8137"},{"taxonomy":"post_tag","embeddable":true,"href":"https:\/\/www.opinionpublica.tv\/portada\/wp-json\/wp\/v2\/tags?post=8137"}],"curies":[{"name":"wp","href":"https:\/\/api.w.org\/{rel}","templated":true}]}}