{"id":81328,"date":"2026-03-19T00:01:00","date_gmt":"2026-03-19T06:01:00","guid":{"rendered":"https:\/\/www.opinionpublica.tv\/portada\/?p=81328"},"modified":"2026-03-18T18:42:51","modified_gmt":"2026-03-19T00:42:51","slug":"efemerides-19-de-marzo-un-dia-como-hoy-en-la-historia","status":"publish","type":"post","link":"https:\/\/www.opinionpublica.tv\/portada\/efemerides-19-de-marzo-un-dia-como-hoy-en-la-historia\/","title":{"rendered":"Efem\u00e9rides 19 de marzo | Un d\u00eda como hoy en la historia&#8230;"},"content":{"rendered":"\n<p class=\"wp-block-paragraph\"><em>Un d\u00eda 19 de marzo como hoy, pero de 1964, es inaugurado el t\u00fanel del Gran San Bernardo, que une Suiza con Italia, con casi seis kil\u00f3metros de longitud, el primero abierto al p\u00fablico en los Alpes<\/em>.<\/p>\n\n\n\n<figure class=\"wp-block-image size-full\"><img fetchpriority=\"high\" decoding=\"async\" width=\"550\" height=\"367\" src=\"https:\/\/www.opinionpublica.tv\/portada\/wp-content\/uploads\/2026\/03\/1964-es-inaugurado-el-tunel-del-Gran-San-Bernardo-que-une-Suiza-con-Italia-con-casi-seis-kilometros-de-longitud-el-primero-abierto-al-publico-en-los-Alpes.jpg\" alt=\"1964, es inaugurado el tu\u0301nel del gran san bernardo, que une suiza con italia, con casi seis kilo\u0301metros de longitud, el primero abierto al pu\u0301blico en los alpes\" class=\"wp-image-81329\" srcset=\"https:\/\/www.opinionpublica.tv\/portada\/wp-content\/uploads\/2026\/03\/1964-es-inaugurado-el-tunel-del-Gran-San-Bernardo-que-une-Suiza-con-Italia-con-casi-seis-kilometros-de-longitud-el-primero-abierto-al-publico-en-los-Alpes.jpg 550w, https:\/\/www.opinionpublica.tv\/portada\/wp-content\/uploads\/2026\/03\/1964-es-inaugurado-el-tunel-del-Gran-San-Bernardo-que-une-Suiza-con-Italia-con-casi-seis-kilometros-de-longitud-el-primero-abierto-al-publico-en-los-Alpes-300x200.jpg 300w\" sizes=\"(max-width: 550px) 100vw, 550px\" \/><\/figure>\n\n\n\n<p class=\"wp-block-paragraph\"><strong>Otras efem\u00e9rides<\/strong><\/p>\n\n\n\n<p class=\"wp-block-paragraph\">1565.- El conquistador espa\u00f1ol Miguel L\u00f3pez de Legazpi descubre, en su viaje hacia Filipinas, la isla de Bohol, de la que toma posesi\u00f3n en nombre de Felipe II.<\/p>\n\n\n\n<p class=\"wp-block-paragraph\">1811.- Las tropas realistas capturan al l\u00edder de los insurrectos mexicanos, Miguel Hidalgo, y a otros dirigentes.<\/p>\n\n\n\n<p class=\"wp-block-paragraph\">1823.- Se produce el levantamiento en M\u00e9xico del general Santa Anna contra el emperador Iturbide, quien es obligado a abdicar ante el Congreso, que anula su imperio y le destierra a Italia.<\/p>\n\n\n\n<p class=\"wp-block-paragraph\">1866.- Un hurac\u00e1n ocasiona grandes estragos en la ciudad y el puerto de Buenos Aires.<\/p>\n\n\n\n<p class=\"wp-block-paragraph\">1921.- Alfredo Zayas es elegido presidente de Cuba.<\/p>\n\n\n\n<p class=\"wp-block-paragraph\">1944.- Segunda Guerra mundial: los alemanes ocupan Hungr\u00eda.<\/p>\n\n\n\n<p class=\"wp-block-paragraph\">1949.- Aprobada la Constituci\u00f3n de la Rep\u00fablica Democr\u00e1tica Alemana (RDA).<\/p>\n\n\n\n<p class=\"wp-block-paragraph\">1962.- Arturo Frondizi, presidente de Argentina, es depuesto por el Ej\u00e9rcito.<\/p>\n\n\n\n<p class=\"wp-block-paragraph\">1963.- \u00abCumbre de San Jos\u00e9\u00bb, de la que emana la Declaraci\u00f3n de Costa Rica, que contiene propuestas para un futuro mercado com\u00fan centroamericano.<\/p>\n\n\n\n<p class=\"wp-block-paragraph\">1970.- Reuni\u00f3n en Erfurt de dirigentes de la Rep\u00fablica Democr\u00e1tica Alemana y de la Rep\u00fablica Federal de Alemania, la primera entre pol\u00edticos de las dos alemanias.<\/p>\n\n\n\n<p class=\"wp-block-paragraph\">1995.- El jugador de baloncesto estadounidense Michael Jordan anuncia su vuelta a la competici\u00f3n con un lac\u00f3nico \u00abI&#8217;m back\u00bb (estoy de vuelta).<\/p>\n\n\n\n<p class=\"wp-block-paragraph\">1997.- La Corte Constitucional de Colombia anula siete decretos del Gobierno y declara no ajustado a la Carta Magna el estado de emergencia econ\u00f3mica que los motiv\u00f3.<\/p>\n\n\n\n<p class=\"wp-block-paragraph\">1999.- El Grupo de R\u00edo firma en M\u00e9xico el Acta de Veracruz para relanzar esta organizaci\u00f3n como foro de negociaci\u00f3n de Iberoam\u00e9rica ante el siglo XXI.<\/p>\n\n\n\n<p class=\"wp-block-paragraph\">2002.- Las Brigadas Rojas asesinan en Bolonia al asesor del ministro italiano de Trabajo, Marco Biagi.<\/p>\n\n\n\n<p class=\"wp-block-paragraph\">2013.- El papa Francisco comienza su pontificado con una misa solemne ante 200 mil asistentes.<\/p>\n\n\n\n<p class=\"wp-block-paragraph\">2019.- El presidente de Kazajist\u00e1n, Nursult\u00e1n Nazarb\u00e1yev, presenta su dimisi\u00f3n tras casi 30 a\u00f1os en el cargo.<\/p>\n\n\n\n<p class=\"wp-block-paragraph\">2020.- Alberto II de M\u00f3naco, primer jefe de Estado en dar positivo en coronavirus.<\/p>\n\n\n\n<p class=\"wp-block-paragraph\"><strong>Nacimientos<\/strong><\/p>\n\n\n\n<p class=\"wp-block-paragraph\">1604.- Juan IV, rey de Portugal.<\/p>\n\n\n\n<p class=\"wp-block-paragraph\">1813.- David Livingstone, misionero y explorador escoc\u00e9s.<\/p>\n\n\n\n<p class=\"wp-block-paragraph\">1866.- Emilio de Bono, mariscal de Italia.<\/p>\n\n\n\n<p class=\"wp-block-paragraph\">1913.- Hern\u00e1n Siles Zuazo, ex presidente de Bolivia.<\/p>\n\n\n\n<p class=\"wp-block-paragraph\">1928.- Hans Kung, te\u00f3logo suizo.<\/p>\n\n\n\n<p class=\"wp-block-paragraph\">1930.- Ornette Coleman, m\u00fasico de jazz, y compositor estadounidense.<\/p>\n\n\n\n<p class=\"wp-block-paragraph\">1936.- Ursula Andress, actriz suiza.<\/p>\n\n\n\n<p class=\"wp-block-paragraph\">1943.- Mario Molina, qu\u00edmico y f\u00edsico estadounidense de origen mexicano, Nobel de Qu\u00edmica 1995.<\/p>\n\n\n\n<p class=\"wp-block-paragraph\">1943.- Mario Monti, pol\u00edtico, primer ministro italiano.<\/p>\n\n\n\n<p class=\"wp-block-paragraph\">1947.- Glenn Close, actriz estadounidense.<\/p>\n\n\n\n<p class=\"wp-block-paragraph\">1952.- Harvey Weinstein, productor de cine estadounidense, denunciado por diversas actrices lo que dio lugar al movimiento #metoo.<\/p>\n\n\n\n<p class=\"wp-block-paragraph\">1953.- Lenin Moreno, pol\u00edtico ecuatoriano, presidente Ecuador.<\/p>\n\n\n\n<p class=\"wp-block-paragraph\">1955.- Bruce Willis, actor estadounidense.<\/p>\n\n\n\n<p class=\"wp-block-paragraph\">1979.- Hedo T\u00fcrkoglu, jugador de baloncesto turco.<\/p>\n\n\n\n<p class=\"wp-block-paragraph\">1982.- Eduardo Luiz Saverin, empresario brasile\u00f1o cofundador de Facebook.<\/p>\n\n\n\n<p class=\"wp-block-paragraph\"><strong>Defunciones<\/strong><\/p>\n\n\n\n<p class=\"wp-block-paragraph\">1905.- Rafael Mar\u00eda Merch\u00e1n, escritor y pol\u00edtico cubano.<\/p>\n\n\n\n<p class=\"wp-block-paragraph\">1930.- Arthur James Balfour, estadista ingl\u00e9s.<\/p>\n\n\n\n<p class=\"wp-block-paragraph\">1987.- Louis de Broglie, f\u00edsico franc\u00e9s, Premio Nobel 1929.<\/p>\n\n\n\n<p class=\"wp-block-paragraph\">1994.- Irvin Flores, l\u00edder nacionalista puertorrique\u00f1o.<\/p>\n\n\n\n<p class=\"wp-block-paragraph\">1994.- Jos\u00e9 Coronel Urtecho, poeta nicaraguense.<\/p>\n\n\n\n<p class=\"wp-block-paragraph\">1997.- Willen De Koning, pintor holand\u00e9s-estadounidense.<\/p>\n\n\n\n<p class=\"wp-block-paragraph\">2004.- Luis Felipe Angell de Lama, \u00abSofocleto\u00bb, escritor peruano.<\/p>\n\n\n\n<p class=\"wp-block-paragraph\">2008.- Matilde Espinosa, poetisa colombiana.<\/p>\n\n\n\n<p class=\"wp-block-paragraph\">2010.- Elinor Smith, aviadora estadounidense.<\/p>\n\n\n\n<p class=\"wp-block-paragraph\">2017.- Bernie Wrightson, dibujante de c\u00f3mics estadounidense.<\/p>\n\n\n\n<p class=\"wp-block-paragraph\">2020.- Aurlus Mabele, m\u00fasico nacido en la Rep\u00fablica del Congo, conocido como \u00abRey de la m\u00fasica Soukous\u00bb.<\/p>\n","protected":false},"excerpt":{"rendered":"<p>Un d\u00eda 19 de marzo como hoy, pero de 1964, es inaugurado el t\u00fanel del Gran San Bernardo, que une Suiza con Italia, con casi seis kil\u00f3metros de longitud, el primero abierto al p\u00fablico en los Alpes. Otras efem\u00e9rides 1565.- El conquistador espa\u00f1ol Miguel L\u00f3pez de Legazpi descubre, en su viaje hacia Filipinas, la isla [&hellip;]<\/p>\n","protected":false},"author":6,"featured_media":81329,"comment_status":"closed","ping_status":"closed","sticky":false,"template":"","format":"standard","meta":{"_acf_changed":false,"_monsterinsights_skip_tracking":false,"slim_seo":{"title":"Efem\u00e9rides 19 de marzo | Un d\u00eda como hoy en la historia... - Opini\u00f3n P\u00fablica","description":"Un d\u00eda 19 de marzo como hoy, pero de 1964, es inaugurado el t\u00fanel del Gran San Bernardo, que une Suiza con Italia, con casi seis kil\u00f3metros de longitud, el prim"},"footnotes":""},"categories":[27],"tags":[2756,2757],"class_list":["post-81328","post","type-post","status-publish","format-standard","has-post-thumbnail","hentry","category-un-dia-como-hoy","tag-efemerides-19-de-marzo","tag-tunel-del-gran-san-bernardo"],"acf":[],"_links":{"self":[{"href":"https:\/\/www.opinionpublica.tv\/portada\/wp-json\/wp\/v2\/posts\/81328","targetHints":{"allow":["GET"]}}],"collection":[{"href":"https:\/\/www.opinionpublica.tv\/portada\/wp-json\/wp\/v2\/posts"}],"about":[{"href":"https:\/\/www.opinionpublica.tv\/portada\/wp-json\/wp\/v2\/types\/post"}],"author":[{"embeddable":true,"href":"https:\/\/www.opinionpublica.tv\/portada\/wp-json\/wp\/v2\/users\/6"}],"replies":[{"embeddable":true,"href":"https:\/\/www.opinionpublica.tv\/portada\/wp-json\/wp\/v2\/comments?post=81328"}],"version-history":[{"count":1,"href":"https:\/\/www.opinionpublica.tv\/portada\/wp-json\/wp\/v2\/posts\/81328\/revisions"}],"predecessor-version":[{"id":81330,"href":"https:\/\/www.opinionpublica.tv\/portada\/wp-json\/wp\/v2\/posts\/81328\/revisions\/81330"}],"wp:featuredmedia":[{"embeddable":true,"href":"https:\/\/www.opinionpublica.tv\/portada\/wp-json\/wp\/v2\/media\/81329"}],"wp:attachment":[{"href":"https:\/\/www.opinionpublica.tv\/portada\/wp-json\/wp\/v2\/media?parent=81328"}],"wp:term":[{"taxonomy":"category","embeddable":true,"href":"https:\/\/www.opinionpublica.tv\/portada\/wp-json\/wp\/v2\/categories?post=81328"},{"taxonomy":"post_tag","embeddable":true,"href":"https:\/\/www.opinionpublica.tv\/portada\/wp-json\/wp\/v2\/tags?post=81328"}],"curies":[{"name":"wp","href":"https:\/\/api.w.org\/{rel}","templated":true}]}}