{"id":81275,"date":"2026-03-18T00:01:00","date_gmt":"2026-03-18T06:01:00","guid":{"rendered":"https:\/\/www.opinionpublica.tv\/portada\/?p=81275"},"modified":"2026-03-17T19:44:56","modified_gmt":"2026-03-18T01:44:56","slug":"arrancones-guindas","status":"publish","type":"post","link":"https:\/\/www.opinionpublica.tv\/portada\/arrancones-guindas\/","title":{"rendered":"Arrancones guindas"},"content":{"rendered":"\n<p class=\"wp-block-paragraph\">Ra\u00fal Ruiz<\/p>\n\n\n\n<p class=\"wp-block-paragraph\">___________________________<\/p>\n\n\n\n<p class=\"wp-block-paragraph\">Los aspirantes a la candidatura por Morena para el gobierno de Chihuahua, comenzaron a soltar combusti\u00f3n este fin de semana.<\/p>\n\n\n\n<p class=\"wp-block-paragraph\">Se\u00f1ales perras:<\/p>\n\n\n\n<p class=\"wp-block-paragraph\">&#8211; Por un lado, \u00abamigos de Andrea\u00bb comenzaron a colocar bardas alusivas a su persona.<\/p>\n\n\n\n<p class=\"wp-block-paragraph\">Mensaje directo:<\/p>\n\n\n\n<p class=\"wp-block-paragraph\">#ES ANDREA<\/p>\n\n\n\n<p class=\"wp-block-paragraph\">&#8211; Por el otro, el alcalde se desplaza sutilmente hacia los cuadros que impulsan la posibilidad de que para la alcald\u00eda de Ju\u00e1rez, sea Mayra Ch\u00e1vez la candidata.<\/p>\n\n\n\n<p class=\"wp-block-paragraph\">Su declaraci\u00f3n abierta lo indica as\u00ed. \u00abSer\u00eda hist\u00f3rica la posibilidad de que Ju\u00e1rez tuviera por primera vez una mujer como presidenta municipal, Mayra Ch\u00e1vez tiene todo el derecho a aspirar por la candidatura a la alcald\u00eda.\u00bb<\/p>\n\n\n\n<p class=\"wp-block-paragraph\">Para m\u00ed, estas son se\u00f1ales m\u00e1s s\u00f3lidas. Se percibe un fuerte acercamiento entre el proyecto de Cruz hacia la gubernatura, con el equipo de Ariadna Montiel, qui\u00e9n conduce la posibilidad de Mayra hacia la alcald\u00eda.<\/p>\n\n\n\n<p class=\"wp-block-paragraph\">Aunque el alcalde moment\u00e1neamente descarta la posibilidad entre los morenos de Chihuahua, yo digo que el primer shingadazo en la cabeza lo va a sorrajar el senador Juan Carlos Loera el 21 de Marzo.<\/p>\n\n\n\n<p class=\"wp-block-paragraph\">Fecha en que traer\u00e1 a Fern\u00e1ndez Noro\u00f1a a hacer el trabajo sucio.<\/p>\n\n\n\n<p class=\"wp-block-paragraph\">Sin embargo, se le puede voltear el chirrion por el palito.<\/p>\n\n\n\n<p class=\"wp-block-paragraph\">Hay que recordar que Noro\u00f1a es PT y este partido se le volte\u00f3 a la presidenta.<\/p>\n\n\n\n<p class=\"wp-block-paragraph\">Seguramente vendr\u00e1 a impulsar a Andrea y a remover las aguas puercas previas al proceso interno.<\/p>\n\n\n\n<p class=\"wp-block-paragraph\">Por lo pronto Cruz anuncia que har\u00e1 un recorrido por la entidad, saludando a la militancia a trav\u00e9s de los medios.<\/p>\n\n\n\n<p class=\"wp-block-paragraph\">Vamos a ver qu\u00e9 resulta de esto.<\/p>\n","protected":false},"excerpt":{"rendered":"<p>Ra\u00fal Ruiz ___________________________ Los aspirantes a la candidatura por Morena para el gobierno de Chihuahua, comenzaron a soltar combusti\u00f3n este fin de semana. Se\u00f1ales perras: &#8211; Por un lado, \u00abamigos de Andrea\u00bb comenzaron a colocar bardas alusivas a su persona. Mensaje directo: #ES ANDREA &#8211; Por el otro, el alcalde se desplaza sutilmente hacia los [&hellip;]<\/p>\n","protected":false},"author":6,"featured_media":43347,"comment_status":"closed","ping_status":"closed","sticky":false,"template":"","format":"standard","meta":{"_acf_changed":false,"_monsterinsights_skip_tracking":false,"slim_seo":{"title":"Arrancones guindas - Opini\u00f3n P\u00fablica","description":"Ra\u00fal Ruiz ___________________________ Los aspirantes a la candidatura por Morena para el gobierno de Chihuahua, comenzaron a soltar combusti\u00f3n este fin de seman"},"footnotes":""},"categories":[21],"tags":[593,789],"class_list":["post-81275","post","type-post","status-publish","format-standard","has-post-thumbnail","hentry","category-cartapacio","tag-cartapacio","tag-raul-ruiz"],"acf":[],"_links":{"self":[{"href":"https:\/\/www.opinionpublica.tv\/portada\/wp-json\/wp\/v2\/posts\/81275","targetHints":{"allow":["GET"]}}],"collection":[{"href":"https:\/\/www.opinionpublica.tv\/portada\/wp-json\/wp\/v2\/posts"}],"about":[{"href":"https:\/\/www.opinionpublica.tv\/portada\/wp-json\/wp\/v2\/types\/post"}],"author":[{"embeddable":true,"href":"https:\/\/www.opinionpublica.tv\/portada\/wp-json\/wp\/v2\/users\/6"}],"replies":[{"embeddable":true,"href":"https:\/\/www.opinionpublica.tv\/portada\/wp-json\/wp\/v2\/comments?post=81275"}],"version-history":[{"count":3,"href":"https:\/\/www.opinionpublica.tv\/portada\/wp-json\/wp\/v2\/posts\/81275\/revisions"}],"predecessor-version":[{"id":81279,"href":"https:\/\/www.opinionpublica.tv\/portada\/wp-json\/wp\/v2\/posts\/81275\/revisions\/81279"}],"wp:featuredmedia":[{"embeddable":true,"href":"https:\/\/www.opinionpublica.tv\/portada\/wp-json\/wp\/v2\/media\/43347"}],"wp:attachment":[{"href":"https:\/\/www.opinionpublica.tv\/portada\/wp-json\/wp\/v2\/media?parent=81275"}],"wp:term":[{"taxonomy":"category","embeddable":true,"href":"https:\/\/www.opinionpublica.tv\/portada\/wp-json\/wp\/v2\/categories?post=81275"},{"taxonomy":"post_tag","embeddable":true,"href":"https:\/\/www.opinionpublica.tv\/portada\/wp-json\/wp\/v2\/tags?post=81275"}],"curies":[{"name":"wp","href":"https:\/\/api.w.org\/{rel}","templated":true}]}}