{"id":81260,"date":"2026-03-18T00:01:00","date_gmt":"2026-03-18T06:01:00","guid":{"rendered":"https:\/\/www.opinionpublica.tv\/portada\/?p=81260"},"modified":"2026-03-17T18:49:30","modified_gmt":"2026-03-18T00:49:30","slug":"efemerides-18-de-marzo-un-dia-como-hoy-en-la-historia","status":"publish","type":"post","link":"https:\/\/www.opinionpublica.tv\/portada\/efemerides-18-de-marzo-un-dia-como-hoy-en-la-historia\/","title":{"rendered":"Efem\u00e9rides 18 de marzo | Un d\u00eda como hoy en la historia&#8230;"},"content":{"rendered":"\n<p class=\"wp-block-paragraph\"><em>Un d\u00eda 18 de marzo como hoy, pero de 1938, el presidente mexicano L\u00e1zaro C\u00e1rdenas nacionaliza el petr\u00f3leo y expropia a las empresas petroleras extranjeras<\/em>.<\/p>\n\n\n\n<figure class=\"wp-block-image size-large\"><img fetchpriority=\"high\" decoding=\"async\" width=\"1024\" height=\"683\" src=\"https:\/\/www.opinionpublica.tv\/portada\/wp-content\/uploads\/2026\/03\/1938-el-presidente-mexicano-Lazaro-Cardenas-nacionaliza-el-petroleo-1024x683.jpg\" alt=\"1938, el presidente mexicano la\u0301zaro ca\u0301rdenas nacionaliza el petro\u0301leo\" class=\"wp-image-81261\" srcset=\"https:\/\/www.opinionpublica.tv\/portada\/wp-content\/uploads\/2026\/03\/1938-el-presidente-mexicano-Lazaro-Cardenas-nacionaliza-el-petroleo-1024x683.jpg 1024w, https:\/\/www.opinionpublica.tv\/portada\/wp-content\/uploads\/2026\/03\/1938-el-presidente-mexicano-Lazaro-Cardenas-nacionaliza-el-petroleo-300x200.jpg 300w, https:\/\/www.opinionpublica.tv\/portada\/wp-content\/uploads\/2026\/03\/1938-el-presidente-mexicano-Lazaro-Cardenas-nacionaliza-el-petroleo-768x512.jpg 768w, https:\/\/www.opinionpublica.tv\/portada\/wp-content\/uploads\/2026\/03\/1938-el-presidente-mexicano-Lazaro-Cardenas-nacionaliza-el-petroleo-1536x1024.jpg 1536w, https:\/\/www.opinionpublica.tv\/portada\/wp-content\/uploads\/2026\/03\/1938-el-presidente-mexicano-Lazaro-Cardenas-nacionaliza-el-petroleo.jpg 2048w\" sizes=\"(max-width: 1024px) 100vw, 1024px\" \/><\/figure>\n\n\n\n<p class=\"wp-block-paragraph\"><strong>Otras efem\u00e9rides<\/strong><\/p>\n\n\n\n<p class=\"wp-block-paragraph\">1526.- Francisco I, rey de Francia, regresa a Par\u00eds tras su cautiverio en Madrid despu\u00e9s de la batalla de Pav\u00eda.<\/p>\n\n\n\n<p class=\"wp-block-paragraph\">1861.- Tras diecisiete a\u00f1os de independencia, la ex-colonia de Santo Domingo vuelve a manos de Espa\u00f1a.<\/p>\n\n\n\n<p class=\"wp-block-paragraph\">1700.- Creaci\u00f3n de la Academia de Ciencias de Berl\u00edn.<\/p>\n\n\n\n<p class=\"wp-block-paragraph\">1870.- Estreno en la Scala de Mil\u00e1n de la \u00f3pera \u00abIl guarany\u00bb, del brasile\u00f1o Carlos Gomes.<\/p>\n\n\n\n<p class=\"wp-block-paragraph\">1871.- Estalla el conflicto que dio origen a la \u00abComuna de Par\u00eds\u00bb, la primera experiencia de gobierno popular socialista en Europa que acab\u00f3 con una sangrienta represi\u00f3n en mayo de ese a\u00f1o.<\/p>\n\n\n\n<p class=\"wp-block-paragraph\">1891.- M\u00e1s de 500 personas mueren en el hundimiento del vapor ingl\u00e9s \u00abUtop\u00eda\u00bb, a la entrada del puerto de Gibraltar.<\/p>\n\n\n\n<p class=\"wp-block-paragraph\">1901.- El inventor rumano Traian Vuia realiza el primer vuelo con un avi\u00f3n autopropulsado m\u00e1s pesado que el aire.<\/p>\n\n\n\n<p class=\"wp-block-paragraph\">1902.- El tenor italiano Enrico Caruso realiza su primera grabaci\u00f3n fonogr\u00e1fica, \u00abVesti la giubba\u00bb de Leoncavallo.<\/p>\n\n\n\n<p class=\"wp-block-paragraph\">1913.- Asesinado el rey Jorge I de Grecia en Sal\u00f3nica.<\/p>\n\n\n\n<p class=\"wp-block-paragraph\">1915.- Primera Guerra Mundial: La flota aliada emprende la acometida principal contra el punto m\u00e1s estrecho durante la Batalla de los Dardanelos (tambi\u00e9n conocida como Gal\u00edpoli), dentro de su ofensiva contra el ej\u00e9rcito otomano.<\/p>\n\n\n\n<p class=\"wp-block-paragraph\">1921.- El Ej\u00e9rcito Rojo reprime la rebeli\u00f3n de los marineros de Kronstadt, h\u00e9roes de la revoluci\u00f3n rusa por haberse alzado contra el Zar en 1917.<\/p>\n\n\n\n<p class=\"wp-block-paragraph\">1922.- Gandhi, padre de la independencia de la India, es condenado a seis a\u00f1os de c\u00e1rcel.<\/p>\n\n\n\n<p class=\"wp-block-paragraph\">1937.- Enc\u00edclica \u00abDivini Redemptoris\u00bb, de P\u00edo XI, contra el ate\u00edsmo comunista.<\/p>\n\n\n\n<p class=\"wp-block-paragraph\">1940.- Adolf Hitler y Mussolini se re\u00fanen en el paso de Brenner, en el norte de Italia, la tercera de las reuniones celebradas entre los dos pol\u00edticos.<\/p>\n\n\n\n<p class=\"wp-block-paragraph\">1941.- Abre sus puertas a los visitantes, durante unas horas, la National Gallery de Washington, uno de los museos m\u00e1s importantes de Estados Unidos.<\/p>\n\n\n\n<p class=\"wp-block-paragraph\">1944.- La aviaci\u00f3n brit\u00e1nica bombardea Fr\u00e1ncfort.<\/p>\n\n\n\n<p class=\"wp-block-paragraph\">1949.- EE.UU, Gran Breta\u00f1a, Francia, B\u00e9lgica, Holanda y Luxemburgo, firman un pacto de defensa mutua, de 20 a\u00f1os de duraci\u00f3n supervisado por la OTAN.<\/p>\n\n\n\n<p class=\"wp-block-paragraph\">1960.- Huelga general en la industria del cobre de Chile.<\/p>\n\n\n\n<p class=\"wp-block-paragraph\">1962.- Francia reconoce la independencia de Argelia tras los Acuerdos de Evian.<\/p>\n\n\n\n<p class=\"wp-block-paragraph\">1965.- El cosmonauta ruso Aleksei Leonov primer ser humano en realizar un paseo espacial.<\/p>\n\n\n\n<p class=\"wp-block-paragraph\">1975.- Reino Unido acepta integrarse en el Mercado Com\u00fan Europeo.<\/p>\n\n\n\n<p class=\"wp-block-paragraph\">1984.- El general uruguayo Liber Seregni es puesto en libertad, tras siete a\u00f1os de c\u00e1rcel por motivos pol\u00edticos.<\/p>\n\n\n\n<p class=\"wp-block-paragraph\">1986.- Cohabitaci\u00f3n en Francia: el presidente socialista franc\u00e9s, Francois Mitterrand, nombra primer ministro al conservador Jacques Chirac, vencedor en las elecciones.<\/p>\n\n\n\n<p class=\"wp-block-paragraph\">1990.- La antigua Rep\u00fablica Democr\u00e1tica Alemana (RDA) celebra sus primeras elecciones libres, en las que participaron el 92,88% de sus ciudadanos.<\/p>\n\n\n\n<p class=\"wp-block-paragraph\">2001.- La izquierda francesa conquista por primera vez en m\u00e1s de un siglo la alcald\u00eda de Par\u00eds.<\/p>\n\n\n\n<p class=\"wp-block-paragraph\">2002.- La National Geographic Society anuncia el descubrimiento de un gran complejo arqueol\u00f3gico inca en una zona selv\u00e1tica del departamento de Cuzco, en Per\u00fa.<\/p>\n\n\n\n<p class=\"wp-block-paragraph\">2003.- Mahmud Abbas nombrado primer ministro palestino.<\/p>\n\n\n\n<p class=\"wp-block-paragraph\">2008.- Angela Merkel se convierte en el primer jefe de gobierno alem\u00e1n que habla ante el Kneset (Parlamento israel\u00ed).<\/p>\n\n\n\n<p class=\"wp-block-paragraph\">2014.- Firma de la anexi\u00f3n de la pen\u00ednsula de Crimea a Rusia, dos d\u00edas despu\u00e9s de un refer\u00e9ndum ganado por los partidarios de la incorporaci\u00f3n y no reconocido internacionalmente.<\/p>\n\n\n\n<p class=\"wp-block-paragraph\">2015.- 23 personas muertas, dos de ellos turistas espa\u00f1oles, tras un ataque al Museo del Bardo en T\u00fanez reivindicado por el Estado Isl\u00e1mico.<\/p>\n\n\n\n<p class=\"wp-block-paragraph\">2022.- El Gobierno espa\u00f1ol avala por primera vez el plan de autonom\u00eda marroqu\u00ed para el S\u00e1hara a cambio de colaboraci\u00f3n en los flujos migratorios y la no intervenci\u00f3n en Ceuta y Melilla.<\/p>\n\n\n\n<p class=\"wp-block-paragraph\"><strong>Nacimientos<\/strong><\/p>\n\n\n\n<p class=\"wp-block-paragraph\">1842.- St\u00e9phane Mallarm\u00e9, poeta franc\u00e9s.<\/p>\n\n\n\n<p class=\"wp-block-paragraph\">1844.- Nicolai Rimski-Korsakov, compositor ruso.<\/p>\n\n\n\n<p class=\"wp-block-paragraph\">1858.- Rudolf Diesel, ingeniero alem\u00e1n, inventor del motor que lleva su nombre.<\/p>\n\n\n\n<p class=\"wp-block-paragraph\">1869.- Arthur Neville Chamberlain, pol\u00edtico brit\u00e1nico.<\/p>\n\n\n\n<p class=\"wp-block-paragraph\">1897.- Gerardo Matos Rodr\u00edguez, uruguayo, autor de tangos.<\/p>\n\n\n\n<p class=\"wp-block-paragraph\">1905.- Robert Donat, actor brit\u00e1nico.<\/p>\n\n\n\n<p class=\"wp-block-paragraph\">1911.- Gabriel Celaya, poeta espa\u00f1ol.<\/p>\n\n\n\n<p class=\"wp-block-paragraph\">1913.- Ren\u00e9 Clement, director de cine franc\u00e9s.<\/p>\n\n\n\n<p class=\"wp-block-paragraph\">1929.- Fidel Ramos, presidente de Filipinas.<\/p>\n\n\n\n<p class=\"wp-block-paragraph\">1932.- John Updike, escritor y periodista estadounidense.<\/p>\n\n\n\n<p class=\"wp-block-paragraph\">1936.- Frederik de Klerk, pol\u00edtico sudafricano, comparti\u00f3 el Nobel Paz 1993 con Nelson Mandela.<\/p>\n\n\n\n<p class=\"wp-block-paragraph\">1941.- Wilson Pickett, cantante estadounidense.<\/p>\n\n\n\n<p class=\"wp-block-paragraph\">1959.- Luc Besson, cineasta franc\u00e9s.<\/p>\n\n\n\n<p class=\"wp-block-paragraph\">1969.- Jimmy Morales, actor, escritor y pol\u00edtico, 50\u00ba presidente de Guatemala.<\/p>\n\n\n\n<p class=\"wp-block-paragraph\">1970.- Queen Latifah, actriz y cantante estadounidense.<\/p>\n\n\n\n<p class=\"wp-block-paragraph\"><strong>Defunciones<\/strong><\/p>\n\n\n\n<p class=\"wp-block-paragraph\">1781.- Anne Robert Jacques Turgot, bar\u00f3n de L&#8217;Aulne, economista franc\u00e9s.<\/p>\n\n\n\n<p class=\"wp-block-paragraph\">1907.- Marcelin Berthelot, qu\u00edmico franc\u00e9s.<\/p>\n\n\n\n<p class=\"wp-block-paragraph\">1965.- Faruk I, ex-rey de Egipto.<\/p>\n\n\n\n<p class=\"wp-block-paragraph\">1977.- Carlos Pace, piloto de autom\u00f3viles brasile\u00f1o.<\/p>\n\n\n\n<p class=\"wp-block-paragraph\">1980.- Erich From, psicoanalista alem\u00e1n.<\/p>\n\n\n\n<p class=\"wp-block-paragraph\">1983.- Humberto II de Saboya, ex-rey de Italia.<\/p>\n\n\n\n<p class=\"wp-block-paragraph\">1984.- Dar\u00edo Samper, escritor y periodista colombiano.<\/p>\n\n\n\n<p class=\"wp-block-paragraph\">1996.- Odysseus Elytis, poeta griego, Premio Nobel 1979.<\/p>\n\n\n\n<p class=\"wp-block-paragraph\">2001.- John Phillips, cantante estadounidense.<\/p>\n\n\n\n<p class=\"wp-block-paragraph\">2004.- Harrison McCain, empresario de alimentaci\u00f3n estadounidense.<\/p>\n\n\n\n<p class=\"wp-block-paragraph\">2008.- Arthur C. Clarke, escritor brit\u00e1nico.<\/p>\n\n\n\n<p class=\"wp-block-paragraph\">2009.- Meira Delmar, poetisa colombiana.<\/p>\n\n\n\n<p class=\"wp-block-paragraph\">2010.- Fess Parker, actor estadounidense.<\/p>\n\n\n\n<p class=\"wp-block-paragraph\">2011.- Warren Cristopher, ex secretario de Estado estadounidense.<\/p>\n\n\n\n<p class=\"wp-block-paragraph\">2012.- George Tupou V, rey de Tonga.<\/p>\n\n\n\n<p class=\"wp-block-paragraph\">2017.- Chuck Berry, cantante estadounidense.<\/p>\n\n\n\n<p class=\"wp-block-paragraph\">2018.- Otoniel Quintana, exfutbolista colombiano.<\/p>\n\n\n\n<p class=\"wp-block-paragraph\">2023.- Francisco Rod\u00f3n, pintor puertorrique\u00f1o.<\/p>\n","protected":false},"excerpt":{"rendered":"<p>Un d\u00eda 18 de marzo como hoy, pero de 1938, el presidente mexicano L\u00e1zaro C\u00e1rdenas nacionaliza el petr\u00f3leo y expropia a las empresas petroleras extranjeras. Otras efem\u00e9rides 1526.- Francisco I, rey de Francia, regresa a Par\u00eds tras su cautiverio en Madrid despu\u00e9s de la batalla de Pav\u00eda. 1861.- Tras diecisiete a\u00f1os de independencia, la ex-colonia [&hellip;]<\/p>\n","protected":false},"author":6,"featured_media":81261,"comment_status":"closed","ping_status":"closed","sticky":false,"template":"","format":"standard","meta":{"_acf_changed":false,"_monsterinsights_skip_tracking":false,"slim_seo":{"title":"Efem\u00e9rides 18 de marzo | Un d\u00eda como hoy en la historia... - Opini\u00f3n P\u00fablica","description":"Un d\u00eda 18 de marzo como hoy, pero de 1938, el presidente mexicano L\u00e1zaro C\u00e1rdenas nacionaliza el petr\u00f3leo y expropia a las empresas petroleras extranjeras . Otr"},"footnotes":""},"categories":[27],"tags":[2749,73,74],"class_list":["post-81260","post","type-post","status-publish","format-standard","has-post-thumbnail","hentry","category-un-dia-como-hoy","tag-efemerides-18-de-marzo","tag-expropiacion-petrolera","tag-lazaro-cardenas"],"acf":[],"_links":{"self":[{"href":"https:\/\/www.opinionpublica.tv\/portada\/wp-json\/wp\/v2\/posts\/81260","targetHints":{"allow":["GET"]}}],"collection":[{"href":"https:\/\/www.opinionpublica.tv\/portada\/wp-json\/wp\/v2\/posts"}],"about":[{"href":"https:\/\/www.opinionpublica.tv\/portada\/wp-json\/wp\/v2\/types\/post"}],"author":[{"embeddable":true,"href":"https:\/\/www.opinionpublica.tv\/portada\/wp-json\/wp\/v2\/users\/6"}],"replies":[{"embeddable":true,"href":"https:\/\/www.opinionpublica.tv\/portada\/wp-json\/wp\/v2\/comments?post=81260"}],"version-history":[{"count":1,"href":"https:\/\/www.opinionpublica.tv\/portada\/wp-json\/wp\/v2\/posts\/81260\/revisions"}],"predecessor-version":[{"id":81262,"href":"https:\/\/www.opinionpublica.tv\/portada\/wp-json\/wp\/v2\/posts\/81260\/revisions\/81262"}],"wp:featuredmedia":[{"embeddable":true,"href":"https:\/\/www.opinionpublica.tv\/portada\/wp-json\/wp\/v2\/media\/81261"}],"wp:attachment":[{"href":"https:\/\/www.opinionpublica.tv\/portada\/wp-json\/wp\/v2\/media?parent=81260"}],"wp:term":[{"taxonomy":"category","embeddable":true,"href":"https:\/\/www.opinionpublica.tv\/portada\/wp-json\/wp\/v2\/categories?post=81260"},{"taxonomy":"post_tag","embeddable":true,"href":"https:\/\/www.opinionpublica.tv\/portada\/wp-json\/wp\/v2\/tags?post=81260"}],"curies":[{"name":"wp","href":"https:\/\/api.w.org\/{rel}","templated":true}]}}