{"id":81244,"date":"2026-03-17T00:01:00","date_gmt":"2026-03-17T06:01:00","guid":{"rendered":"https:\/\/www.opinionpublica.tv\/portada\/?p=81244"},"modified":"2026-03-16T20:27:01","modified_gmt":"2026-03-17T02:27:01","slug":"lanzan-convocatoria-para-integrar-festival-de-teatro-para-ninas-ninos-y-adolescentes","status":"publish","type":"post","link":"https:\/\/www.opinionpublica.tv\/portada\/lanzan-convocatoria-para-integrar-festival-de-teatro-para-ninas-ninos-y-adolescentes\/","title":{"rendered":"Lanzan convocatoria para el Festival de Teatro para Ni\u00f1as, Ni\u00f1os y Adolescentes"},"content":{"rendered":"\n<figure class=\"wp-block-image size-large\"><img fetchpriority=\"high\" decoding=\"async\" width=\"1024\" height=\"819\" src=\"https:\/\/www.opinionpublica.tv\/portada\/wp-content\/uploads\/2026\/03\/Lanzan-convocatoria-para-el-Festival-de-Teatro-para-Ninas-Ninos-y-Adolescentes-1024x819.jpeg\" alt=\"Lanzan convocatoria para el festival de teatro para nin\u0303as, nin\u0303os y adolescentes\" class=\"wp-image-81247\" srcset=\"https:\/\/www.opinionpublica.tv\/portada\/wp-content\/uploads\/2026\/03\/Lanzan-convocatoria-para-el-Festival-de-Teatro-para-Ninas-Ninos-y-Adolescentes-1024x819.jpeg 1024w, https:\/\/www.opinionpublica.tv\/portada\/wp-content\/uploads\/2026\/03\/Lanzan-convocatoria-para-el-Festival-de-Teatro-para-Ninas-Ninos-y-Adolescentes-300x240.jpeg 300w, https:\/\/www.opinionpublica.tv\/portada\/wp-content\/uploads\/2026\/03\/Lanzan-convocatoria-para-el-Festival-de-Teatro-para-Ninas-Ninos-y-Adolescentes-768x614.jpeg 768w, https:\/\/www.opinionpublica.tv\/portada\/wp-content\/uploads\/2026\/03\/Lanzan-convocatoria-para-el-Festival-de-Teatro-para-Ninas-Ninos-y-Adolescentes-1536x1228.jpeg 1536w, https:\/\/www.opinionpublica.tv\/portada\/wp-content\/uploads\/2026\/03\/Lanzan-convocatoria-para-el-Festival-de-Teatro-para-Ninas-Ninos-y-Adolescentes.jpeg 1600w\" sizes=\"(max-width: 1024px) 100vw, 1024px\" \/><\/figure>\n\n\n\n<p class=\"wp-block-paragraph\"><em>Chihuahua, Chih<\/em>.- La Secretar\u00eda de Cultura, a trav\u00e9s del programa \u201cAlas y Ra\u00edces\u201d Chihuahua invita a artistas, grupos, compa\u00f1\u00edas de artes teatrales y musicales de Chihuahua, Ju\u00e1rez y Delicias, a participar en la integraci\u00f3n de la agenda del Festival de Teatro para Ni\u00f1as, Ni\u00f1os y Adolescentes.<\/p>\n\n\n\n<p class=\"wp-block-paragraph\">Podr\u00e1n participar artistas, compa\u00f1\u00edas y gestores culturales que se desempe\u00f1en en alguna de las disciplinas del teatro, como t\u00edteres, marionetas, clown, pantomima, teatro tradicional, danc\u00edstico y musical.<\/p>\n\n\n\n<p class=\"wp-block-paragraph\">En el \u00e1rea de m\u00fasica se aceptan proyectos de \u00f3pera, m\u00fasica cl\u00e1sica, contempor\u00e1nea, popular, y que prioricen la experiencia y disfrute de la ni\u00f1ez.<\/p>\n\n\n\n<p class=\"wp-block-paragraph\">La convocatoria cierra el 29 de marzo. Para mayores informes consultar el sitio www.culturachihuahua.com\/festivaldeteatro.<\/p>\n\n\n\n<p class=\"wp-block-paragraph\">La publicaci\u00f3n de los resultados ser\u00e1 el mi\u00e9rcoles 8 de abril a trav\u00e9s de las redes sociales de la dependencia, y de \u201cAlas y Ra\u00edces\u201d Chihuahua.<\/p>\n\n\n\n<p class=\"wp-block-paragraph\">Para mayores informes escribir al correo electr\u00f3nico cultura_infantil@chihuahua.gob.mx, o llamar a los tel\u00e9fonos (614) 426-74 29 y (614) 426-7431 del programa \u201cAlas y Ra\u00edces\u201d.<\/p>\n\n\n\n<p class=\"wp-block-paragraph\">Tambi\u00e9n se puede acudir a avenida Divisi\u00f3n del Norte 2900, colonia Altavista, en la ciudad de Chihuahua, de lunes a viernes de las 9:00 a las 16:00 horas.<\/p>\n","protected":false},"excerpt":{"rendered":"<p>Chihuahua, Chih.- La Secretar\u00eda de Cultura, a trav\u00e9s del programa \u201cAlas y Ra\u00edces\u201d Chihuahua invita a artistas, grupos, compa\u00f1\u00edas de artes teatrales y musicales de Chihuahua, Ju\u00e1rez y Delicias, a participar en la integraci\u00f3n de la agenda del Festival de Teatro para Ni\u00f1as, Ni\u00f1os y Adolescentes. Podr\u00e1n participar artistas, compa\u00f1\u00edas y gestores culturales que se [&hellip;]<\/p>\n","protected":false},"author":6,"featured_media":81247,"comment_status":"closed","ping_status":"closed","sticky":false,"template":"","format":"standard","meta":{"_acf_changed":false,"_monsterinsights_skip_tracking":false,"slim_seo":{"title":"Lanzan convocatoria para el Festival de Teatro para Ni\u00f1as, Ni\u00f1os y Adolescentes - Opini\u00f3n P\u00fablica","description":"Chihuahua, Chih .- La Secretar\u00eda de Cultura, a trav\u00e9s del programa \u201cAlas y Ra\u00edces\u201d Chihuahua invita a artistas, grupos, compa\u00f1\u00edas de artes teatrales y musicales"},"footnotes":""},"categories":[11],"tags":[88,1078,2599],"class_list":["post-81244","post","type-post","status-publish","format-standard","has-post-thumbnail","hentry","category-tendencias","tag-chihuahua","tag-cultura","tag-red-de-teatros"],"acf":[],"_links":{"self":[{"href":"https:\/\/www.opinionpublica.tv\/portada\/wp-json\/wp\/v2\/posts\/81244","targetHints":{"allow":["GET"]}}],"collection":[{"href":"https:\/\/www.opinionpublica.tv\/portada\/wp-json\/wp\/v2\/posts"}],"about":[{"href":"https:\/\/www.opinionpublica.tv\/portada\/wp-json\/wp\/v2\/types\/post"}],"author":[{"embeddable":true,"href":"https:\/\/www.opinionpublica.tv\/portada\/wp-json\/wp\/v2\/users\/6"}],"replies":[{"embeddable":true,"href":"https:\/\/www.opinionpublica.tv\/portada\/wp-json\/wp\/v2\/comments?post=81244"}],"version-history":[{"count":3,"href":"https:\/\/www.opinionpublica.tv\/portada\/wp-json\/wp\/v2\/posts\/81244\/revisions"}],"predecessor-version":[{"id":81249,"href":"https:\/\/www.opinionpublica.tv\/portada\/wp-json\/wp\/v2\/posts\/81244\/revisions\/81249"}],"wp:featuredmedia":[{"embeddable":true,"href":"https:\/\/www.opinionpublica.tv\/portada\/wp-json\/wp\/v2\/media\/81247"}],"wp:attachment":[{"href":"https:\/\/www.opinionpublica.tv\/portada\/wp-json\/wp\/v2\/media?parent=81244"}],"wp:term":[{"taxonomy":"category","embeddable":true,"href":"https:\/\/www.opinionpublica.tv\/portada\/wp-json\/wp\/v2\/categories?post=81244"},{"taxonomy":"post_tag","embeddable":true,"href":"https:\/\/www.opinionpublica.tv\/portada\/wp-json\/wp\/v2\/tags?post=81244"}],"curies":[{"name":"wp","href":"https:\/\/api.w.org\/{rel}","templated":true}]}}