{"id":81221,"date":"2026-03-17T00:01:00","date_gmt":"2026-03-17T06:01:00","guid":{"rendered":"https:\/\/www.opinionpublica.tv\/portada\/?p=81221"},"modified":"2026-03-16T18:27:23","modified_gmt":"2026-03-17T00:27:23","slug":"y-apenas-va-un-ano","status":"publish","type":"post","link":"https:\/\/www.opinionpublica.tv\/portada\/y-apenas-va-un-ano\/","title":{"rendered":"Y apenas va un a\u00f1o"},"content":{"rendered":"\n<h4 class=\"wp-block-heading\">H\u00e9ctor De Maule\u00f3n<\/h4>\n\n\n\n<p class=\"wp-block-paragraph\">___________________________<\/p>\n\n\n\n<p class=\"wp-block-paragraph\">La bomba lanzada por Julio Scherer Ibarra en el libro que escribi\u00f3 con el periodista Jorge Fern\u00e1ndez Men\u00e9ndez, en el que denuncia actos de corrupci\u00f3n del vocero de Andr\u00e9s Manuel L\u00f3pez Obrador y hoy jefe de asesores de la presidenta Claudia Sheinbaum, Jes\u00fas Ram\u00edrez Cuevas, y que adem\u00e1s de revelar que este desvi\u00f3 dinero para pagar ilegalmente la campa\u00f1a de Clara Brugada a la jefatura de Gobierno, embarra al propio expresidente, as\u00ed como a su c\u00edrculo pol\u00edtico: Ad\u00e1n Augusto L\u00f3pez, Alejandro Gertz Manero, Manuel Bartlett, Hugo L\u00f3pez-Gatell, Roc\u00edo Nahle, Olga S\u00e1nchez Cordero y Rutilio Escand\u00f3n.<\/p>\n\n\n\n<p class=\"wp-block-paragraph\">La respuesta de Jes\u00fas Ram\u00edrez Cuevas \u201cal pueblo de M\u00e9xico\u201d, en la que responde al salpicadero de lodo confirmando los rumores de que Scherer Ibarra sali\u00f3 del gobierno de AMLO bajo se\u00f1alamientos y denuncias de tr\u00e1fico de influencias y extorsiones millonarias.<\/p>\n\n\n\n<p class=\"wp-block-paragraph\">La rebeli\u00f3n del director de Materiales Educativos y autor de los libros de texto de la supuesta \u201cNueva Escuela Mexicana\u201d, Marx Arriaga \u2014antiguo sinodal de Beatriz Guti\u00e9rrez M\u00fcller, gracias a la cual lleg\u00f3 al cargo\u2014, y quien luego de ser destituido lleva d\u00edas atrincherado en su oficina para iniciar, seg\u00fan dice, \u201cla resistencia\u201d contra \u201clas cloacas de la SEP\u201d que dirige otro embarrado en el libro de Scherer: Mario Delgado \u2014sujeto de inter\u00e9s de las agencias de Estados Unidos por su inocultable relaci\u00f3n con El Rey del Huachicol.<\/p>\n\n\n\n<p class=\"wp-block-paragraph\">La alianza del reci\u00e9n expulsado de la coordinaci\u00f3n del grupo parlamentario de Morena, Ad\u00e1n Augusto L\u00f3pez, con Andy L\u00f3pez Obrador \u2014el hijo del expresidente que un d\u00eda so\u00f1\u00f3 ocupar la misma silla que su padre\u2014, a fin de jugarle las contras a la presidenta en las elecciones intermedias de 2027.<\/p>\n\n\n\n<p class=\"wp-block-paragraph\">La lucha de poder entre el subsecretario de Organizaci\u00f3n de Morena, Andy L\u00f3pez Beltr\u00e1n, y la presidenta de este instituto, Luisa Mar\u00eda Alcalde, confrontaci\u00f3n que Claudia Sheinbaum ha intentado manejar con pinzas para no incomodar al inquilino de Palenque y que sin embargo revela la magnitud de la grieta que se ha abierto en Morena, la cual, seg\u00fan versiones recogidas en Palacio, podr\u00eda tener al supuesto \u201cheredero\u201d del legado de AMLO, manchado con mil y un esc\u00e1ndalos a consecuencia de los negocios millonarios de \u00e9l y sus amigos, con un pie fuera del partido.<\/p>\n\n\n\n<p class=\"wp-block-paragraph\">La confrontaci\u00f3n entre la gobernadora de Campeche, Layda Sansores, y el coordinador de la bancada morenista en la C\u00e1mara de Diputados, Ricardo Monreal, a quien Sansores ha pedido que \u201ccuide su chiquero\u201d y al que ha se\u00f1alado como \u201cemblema del nepotismo\u201d.<\/p>\n\n\n\n<p class=\"wp-block-paragraph\">La rebeli\u00f3n contra la ley anti nepotismo, por parte del senador morenista Sa\u00fal Monreal, quien se empe\u00f1a en suceder en la gubernatura de Zacatecas a su hermano David, a pesar de la p\u00fablica oposici\u00f3n de la presidenta Sheinbaum.<\/p>\n\n\n\n<p class=\"wp-block-paragraph\">La rebeli\u00f3n del coordinador del Partido Verde en el Senado, Manuel Velasco, quien p\u00fablicamente ha destapado a la senadora Ruth Gonz\u00e1lez, esposa del actual gobernador de San Luis Potos\u00ed, Ricardo Gallardo, como la carta fuerte del partido para pelear la gubernatura en los comicios de 2027.<\/p>\n\n\n\n<p class=\"wp-block-paragraph\">La tr\u00e1gica privaci\u00f3n de la libertad, en Concordia, Sinaloa, de diez trabajadores de la minera canadiense Vizca Silver, que llevaba bajo amenazas del crimen organizado m\u00e1s de un a\u00f1o, y que hab\u00eda cambiado incluso el color de los chalecos de sus empleados para evitar que estos fueran \u201cconfundidos\u201d con integrantes de alg\u00fan grupo criminal.<\/p>\n\n\n\n<p class=\"wp-block-paragraph\">La pifia del titular de la Secretar\u00eda de Seguridad P\u00fablica federal tras afirmar que en la minera no hab\u00eda reportes de extorsi\u00f3n y que los mineros hab\u00edan sido \u201cconfundidos\u201d, cuando la mina hab\u00eda suspendido actividades un a\u00f1o antes por amenazas y empleados de la empresa revelaron que en realidad las v\u00edctimas hab\u00edan sido extra\u00eddas de sus habitaciones en Residencial Clementina, donde ten\u00edan su campamento: hab\u00edan ido directamente por ellos.<\/p>\n\n\n\n<p class=\"wp-block-paragraph\">El hallazgo de los primeros cuerpos de los mineros en fosas de la localidad de El Verde, en donde se localizaron m\u00e1s fosas clandestinas con al menos 14 cuerpos y un n\u00famero indeterminado de segmentos humanos.<\/p>\n\n\n\n<p class=\"wp-block-paragraph\">El hallazgo de cinco cad\u00e1veres en descomposici\u00f3n en la caja de una camioneta, sobre la carretera a Navolato: turistas del Estado de M\u00e9xico (dos hermanos, as\u00ed como padre e hijo), que hab\u00edan desaparecido el 7 de febrero en Ahome, y que esta vez, efectivamente fueron confundidos y asesinados por manos criminales.<\/p>\n\n\n\n<p class=\"wp-block-paragraph\">El descubrimiento en los mismos d\u00edas de 16 fosas en el Valle de Mexicali (colonia Miguel Alem\u00e1n) donde se han realizado m\u00e1s de 30 hallazgos de restos.<\/p>\n\n\n\n<p class=\"wp-block-paragraph\">El descubrimiento de hieleras con cabezas humanas en Coatzacoalcos, Veracruz, y la localizaci\u00f3n de otra fosa clandestina en J\u00e1ltipan, producto de la disputa por el control del corredor interoce\u00e1nico del Istmo de Tehuantepec.<\/p>\n\n\n\n<p class=\"wp-block-paragraph\">Cuerpos flotando en el Suchiate, donde se reportan ejecuciones, extorsiones y privaciones de la libertad por parte de grupos armados.<\/p>\n\n\n\n<p class=\"wp-block-paragraph\">El ataque armado en el interior de un bar de Puebla que dej\u00f3 tres muertos y cinco heridos.<\/p>\n\n\n\n<p class=\"wp-block-paragraph\">El reporte de organizaciones de transportistas que prendieron focos rojos Amozoc, Coronango, Esperanza y Tepeaca, y se\u00f1alaron las autopistas M\u00e9xico-Veracruz, M\u00e9xico-Puebla y Puebla-Orizaba como sitios donde bandas de asaltantes emplean inhibidores de se\u00f1al para bloquear los sistemas de geolocalizaci\u00f3n y desaparecer no solo camiones cargados de mercanc\u00eda, sino tambi\u00e9n autos particulares.<\/p>\n\n\n\n<p class=\"wp-block-paragraph\">Enfrentamientos en Nuevo Le\u00f3n, Jalisco, Michoac\u00e1n, Zacatecas y Chiapas.<\/p>\n\n\n\n<p class=\"wp-block-paragraph\">Todo esto mientras la nueva alcaldesa morenista de Tequila, que acaba de remplazar al alcalde narco y extorsionador de Tequila, aparece feliz cantando narcocorridos en una fiesta.<\/p>\n\n\n\n<p class=\"wp-block-paragraph\">Y apenas va un a\u00f1o de gobierno.<\/p>\n","protected":false},"excerpt":{"rendered":"<p>H\u00e9ctor De Maule\u00f3n ___________________________ La bomba lanzada por Julio Scherer Ibarra en el libro que escribi\u00f3 con el periodista Jorge Fern\u00e1ndez Men\u00e9ndez, en el que denuncia actos de corrupci\u00f3n del vocero de Andr\u00e9s Manuel L\u00f3pez Obrador y hoy jefe de asesores de la presidenta Claudia Sheinbaum, Jes\u00fas Ram\u00edrez Cuevas, y que adem\u00e1s de revelar que [&hellip;]<\/p>\n","protected":false},"author":6,"featured_media":60735,"comment_status":"closed","ping_status":"closed","sticky":false,"template":"","format":"standard","meta":{"_acf_changed":false,"_monsterinsights_skip_tracking":false,"slim_seo":{"title":"Y apenas va un a\u00f1o - Opini\u00f3n P\u00fablica","description":"H\u00e9ctor De Maule\u00f3n ___________________________ La bomba lanzada por Julio Scherer Ibarra en el libro que escribi\u00f3 con el periodista Jorge Fern\u00e1ndez Men\u00e9ndez, en"},"footnotes":""},"categories":[38],"tags":[1407,664,2330,2329,2328],"class_list":["post-81221","post","type-post","status-publish","format-standard","has-post-thumbnail","hentry","category-columna-invitada","tag-cuarta-transformacion","tag-hector-de-mauleon","tag-jesus-ramirez-cuevas","tag-julio-scherer-ibarra","tag-ni-venganza-ni-perdon"],"acf":[],"_links":{"self":[{"href":"https:\/\/www.opinionpublica.tv\/portada\/wp-json\/wp\/v2\/posts\/81221","targetHints":{"allow":["GET"]}}],"collection":[{"href":"https:\/\/www.opinionpublica.tv\/portada\/wp-json\/wp\/v2\/posts"}],"about":[{"href":"https:\/\/www.opinionpublica.tv\/portada\/wp-json\/wp\/v2\/types\/post"}],"author":[{"embeddable":true,"href":"https:\/\/www.opinionpublica.tv\/portada\/wp-json\/wp\/v2\/users\/6"}],"replies":[{"embeddable":true,"href":"https:\/\/www.opinionpublica.tv\/portada\/wp-json\/wp\/v2\/comments?post=81221"}],"version-history":[{"count":2,"href":"https:\/\/www.opinionpublica.tv\/portada\/wp-json\/wp\/v2\/posts\/81221\/revisions"}],"predecessor-version":[{"id":81223,"href":"https:\/\/www.opinionpublica.tv\/portada\/wp-json\/wp\/v2\/posts\/81221\/revisions\/81223"}],"wp:featuredmedia":[{"embeddable":true,"href":"https:\/\/www.opinionpublica.tv\/portada\/wp-json\/wp\/v2\/media\/60735"}],"wp:attachment":[{"href":"https:\/\/www.opinionpublica.tv\/portada\/wp-json\/wp\/v2\/media?parent=81221"}],"wp:term":[{"taxonomy":"category","embeddable":true,"href":"https:\/\/www.opinionpublica.tv\/portada\/wp-json\/wp\/v2\/categories?post=81221"},{"taxonomy":"post_tag","embeddable":true,"href":"https:\/\/www.opinionpublica.tv\/portada\/wp-json\/wp\/v2\/tags?post=81221"}],"curies":[{"name":"wp","href":"https:\/\/api.w.org\/{rel}","templated":true}]}}