{"id":81141,"date":"2026-03-16T00:01:00","date_gmt":"2026-03-16T06:01:00","guid":{"rendered":"https:\/\/www.opinionpublica.tv\/portada\/?p=81141"},"modified":"2026-03-15T15:38:47","modified_gmt":"2026-03-15T21:38:47","slug":"cuatro-reapariciones-de-amlo-hechos-que-sacaron-a-lopez-obrador-del-retiro-politico","status":"publish","type":"post","link":"https:\/\/www.opinionpublica.tv\/portada\/cuatro-reapariciones-de-amlo-hechos-que-sacaron-a-lopez-obrador-del-retiro-politico\/","title":{"rendered":"Las cuatro reapariciones de AMLO: hechos que sacaron a L\u00f3pez Obrador de su \u00abretiro\u00bb"},"content":{"rendered":"\n<figure class=\"wp-block-image size-large\"><img fetchpriority=\"high\" decoding=\"async\" width=\"1024\" height=\"640\" src=\"https:\/\/www.opinionpublica.tv\/portada\/wp-content\/uploads\/2026\/03\/Las-cuatro-reapariciones-de-AMLO-hechos-que-sacaron-a-Lopez-Obrador-de-su-22retiro22-1024x640.avif\" alt=\"Las cuatro reapariciones de amlo hechos que sacaron a lo\u0301pez obrador de su %22retiro%22\" class=\"wp-image-81144\" srcset=\"https:\/\/www.opinionpublica.tv\/portada\/wp-content\/uploads\/2026\/03\/Las-cuatro-reapariciones-de-AMLO-hechos-que-sacaron-a-Lopez-Obrador-de-su-22retiro22-1024x640.avif 1024w, https:\/\/www.opinionpublica.tv\/portada\/wp-content\/uploads\/2026\/03\/Las-cuatro-reapariciones-de-AMLO-hechos-que-sacaron-a-Lopez-Obrador-de-su-22retiro22-300x188.avif 300w, https:\/\/www.opinionpublica.tv\/portada\/wp-content\/uploads\/2026\/03\/Las-cuatro-reapariciones-de-AMLO-hechos-que-sacaron-a-Lopez-Obrador-de-su-22retiro22-768x480.avif 768w, https:\/\/www.opinionpublica.tv\/portada\/wp-content\/uploads\/2026\/03\/Las-cuatro-reapariciones-de-AMLO-hechos-que-sacaron-a-Lopez-Obrador-de-su-22retiro22.avif 1200w\" sizes=\"(max-width: 1024px) 100vw, 1024px\" \/><\/figure>\n\n\n\n<p class=\"wp-block-paragraph\">Luego de dejar la banda presidencial a la presidenta Claudia Sheinbaum el 1 de octubre de 2024, Andr\u00e9s Manuel L\u00f3pez Obrador abandon\u00f3 la vida p\u00fablica, tal como lo prometi\u00f3 desde sus \u00faltimos a\u00f1os de Gobierno; sin embargo, su retiro se ha interrumpido cuatro veces, siendo la \u00faltima un respaldo al Gobierno de Cuba, encabezado por Miguel D\u00edaz-Canel, adem\u00e1s de solicitar donaciones para la isla.<\/p>\n\n\n\n<p class=\"wp-block-paragraph\">Al final de su gobierno, L\u00f3pez Obrador asegur\u00f3 que solo volver\u00eda a la pol\u00edtica en defensa de la democracia, la soberan\u00eda, y el gobierno de la presidenta Claudia Sheinbaum; sin embargo, la mitad de sus reapariciones tienen que ver con temas externos.<\/p>\n\n\n\n<p class=\"wp-block-paragraph\">Adem\u00e1s, su \u00faltima aparici\u00f3n en redes sociales ocurre d\u00edas despu\u00e9s de que se difundieran rumores sobre que supuestamente fue internado por problemas de salud, mismos que desminti\u00f3 Sheinbaum.<\/p>\n\n\n\n<p class=\"wp-block-paragraph\">\u00c9stas han sido las 4 reapariciones de AMLO luego de dejar la Presidencia<\/p>\n\n\n\n<p class=\"wp-block-paragraph\">L\u00f3pez Obrador se ha pronunciado cuatro veces como expresidente, y aunque asegura que tiene una vida tranquila en el rancho La Chingada, en sus intervenciones ha aprovechado para hablar de temas de inter\u00e9s nacional e internacional.<\/p>\n\n\n\n<p class=\"wp-block-paragraph\">Elecci\u00f3n judicial: 1 de junio de 2025<\/p>\n\n\n\n<p class=\"wp-block-paragraph\">Luego de la aprobaci\u00f3n de la reforma al Poder Judicial en las \u00faltimas semanas de su Gobierno, L\u00f3pez Obrador reapareci\u00f3 en Chiapas el domingo 1 de junio para participar en las elecciones de ministros, jueces y magistrados.<\/p>\n\n\n\n<p class=\"wp-block-paragraph\">\u201cNunca en la historia de nuestro pa\u00eds, el pueblo, de manera directa, hab\u00eda decidido y tenido el derecho de elegir a jueces, magistrados y ministros del Poder Judicial. Es la primera vez en la historia, por eso quise participar en esta elecci\u00f3n\u201d, dijo L\u00f3pez Obrador en la sede de la casilla donde le toc\u00f3 votar.<\/p>\n\n\n\n<p class=\"wp-block-paragraph\">En aquel momento, previo a que el Poder Judicial cambiara su estructura, principalmente en la Suprema Corte de Justicia de la Naci\u00f3n (SCJN), L\u00f3pez Obrador asegur\u00f3 que \u201ctenemos a la mejor presidenta del mundo\u201d, en referencia a Claudia Sheinbaum.<\/p>\n\n\n\n<p class=\"wp-block-paragraph\">Presentaci\u00f3n de su libro: 30 de noviembre de 2025<\/p>\n\n\n\n<p class=\"wp-block-paragraph\">A finales del a\u00f1o pasado, L\u00f3pez Obrador volvi\u00f3 a aparecer, ahora con un video de casi 50 minutos en el que anunci\u00f3 el lanzamiento de su libro Grandeza, mismo que Ad\u00e1n Augusto L\u00f3pez regal\u00f3 en el Senado a sus hom\u00f3logos.<\/p>\n\n\n\n<p class=\"wp-block-paragraph\">En aquel video, AMLO asegur\u00f3 que estaba jubilado y que no era una simulaci\u00f3n. Tambi\u00e9n mencion\u00f3 que dedicaba su vida a la escritura y que su intenci\u00f3n era seguir publicando libros.<\/p>\n\n\n\n<p class=\"wp-block-paragraph\">Adem\u00e1s, aprovech\u00f3 un momento para llamar a la unidad dentro de Morena, y recordar que quien gobierna es Claudia Sheinbaum.<\/p>\n\n\n\n<p class=\"wp-block-paragraph\">Arresto de Nicol\u00e1s Maduro: 3 de enero de 2026<\/p>\n\n\n\n<p class=\"wp-block-paragraph\">La intervenci\u00f3n militar de Estados Unidos en Venezuela para capturar a Nicol\u00e1s Maduro provoc\u00f3 la reacci\u00f3n de AMLO, quien no solo conden\u00f3 los hechos, sino que asegur\u00f3 que se trataba de \u201cun atentado a la soberan\u00eda del pueblo de Venezuela\u201d.<\/p>\n\n\n\n<p class=\"wp-block-paragraph\">L\u00f3pez Obrador calific\u00f3 el arresto de Maduro como un \u2018secuestro\u2019, e incluso asegur\u00f3 que ni Abraham Lincoln ni Sim\u00f3n Bol\u00edvar aceptar\u00edan que Estados Unidos act\u00fae como una \u201ctiran\u00eda mundial\u201d.<\/p>\n\n\n\n<p class=\"wp-block-paragraph\">Finalmente, llam\u00f3 a Donald Trump a no caer en la autocomplacencia, y que actuara con juicio pr\u00e1ctico.<\/p>\n\n\n\n<p class=\"wp-block-paragraph\">Ayuda para Cuba: 14 de marzo de 2026<\/p>\n\n\n\n<p class=\"wp-block-paragraph\">Ante la intensificaci\u00f3n del bloqueo de Donald Trump contra la isla, L\u00f3pez Obrador reapareci\u00f3 nuevamente, ahora para pedir ayuda para Cuba.<\/p>\n\n\n\n<p class=\"wp-block-paragraph\">\u201cEstoy en retiro, pero me hiere que busquen exterminar, por sus ideales de libertad y defensa de la soberan\u00eda, al hermano pueblo de Cuba\u201d, dijo ante las presiones que vive la isla por los aranceles de Trump a pa\u00edses que le suministren petr\u00f3leo, as\u00ed como sus intenciones de tomar el control del pa\u00eds.<\/p>\n\n\n\n<p class=\"wp-block-paragraph\">Con ello, L\u00f3pez Obrador puso a disposici\u00f3n de la ciudadan\u00eda el n\u00famero de cuenta Banorte 1358451779 de la asociaci\u00f3n civil Humanidad con Am\u00e9rica Latina, con el objetivo de comprar alimentos, medicinas, petr\u00f3leo y gasolina para Cuba.<\/p>\n\n\n\n<p class=\"wp-block-paragraph\">Dicha ayuda de AMLO fue agradecida por Miguel D\u00edaz-Canel, presidente de Cuba.<\/p>\n\n\n\n<p class=\"wp-block-paragraph\"><em>Con informaci\u00f3n de El Financiero<\/em>.<\/p>\n","protected":false},"excerpt":{"rendered":"<p>Luego de dejar la banda presidencial a la presidenta Claudia Sheinbaum el 1 de octubre de 2024, Andr\u00e9s Manuel L\u00f3pez Obrador abandon\u00f3 la vida p\u00fablica, tal como lo prometi\u00f3 desde sus \u00faltimos a\u00f1os de Gobierno; sin embargo, su retiro se ha interrumpido cuatro veces, siendo la \u00faltima un respaldo al Gobierno de Cuba, encabezado por [&hellip;]<\/p>\n","protected":false},"author":6,"featured_media":81144,"comment_status":"closed","ping_status":"closed","sticky":false,"template":"","format":"standard","meta":{"_acf_changed":false,"_monsterinsights_skip_tracking":false,"slim_seo":{"title":"Las cuatro reapariciones de AMLO: hechos que sacaron a L\u00f3pez Obrador de su \"retiro\" - Opini\u00f3n P\u00fablica","description":"Luego de dejar la banda presidencial a la presidenta Claudia Sheinbaum el 1 de octubre de 2024, Andr\u00e9s Manuel L\u00f3pez Obrador abandon\u00f3 la vida p\u00fablica, tal como l"},"footnotes":""},"categories":[4],"tags":[1344,525,2728,1285],"class_list":["post-81141","post","type-post","status-publish","format-standard","has-post-thumbnail","hentry","category-pulsopolitico","tag-andres-manuel-lopez-obrador","tag-cuba","tag-eleccion-judicial","tag-nicolas-maduro"],"acf":[],"_links":{"self":[{"href":"https:\/\/www.opinionpublica.tv\/portada\/wp-json\/wp\/v2\/posts\/81141","targetHints":{"allow":["GET"]}}],"collection":[{"href":"https:\/\/www.opinionpublica.tv\/portada\/wp-json\/wp\/v2\/posts"}],"about":[{"href":"https:\/\/www.opinionpublica.tv\/portada\/wp-json\/wp\/v2\/types\/post"}],"author":[{"embeddable":true,"href":"https:\/\/www.opinionpublica.tv\/portada\/wp-json\/wp\/v2\/users\/6"}],"replies":[{"embeddable":true,"href":"https:\/\/www.opinionpublica.tv\/portada\/wp-json\/wp\/v2\/comments?post=81141"}],"version-history":[{"count":2,"href":"https:\/\/www.opinionpublica.tv\/portada\/wp-json\/wp\/v2\/posts\/81141\/revisions"}],"predecessor-version":[{"id":81145,"href":"https:\/\/www.opinionpublica.tv\/portada\/wp-json\/wp\/v2\/posts\/81141\/revisions\/81145"}],"wp:featuredmedia":[{"embeddable":true,"href":"https:\/\/www.opinionpublica.tv\/portada\/wp-json\/wp\/v2\/media\/81144"}],"wp:attachment":[{"href":"https:\/\/www.opinionpublica.tv\/portada\/wp-json\/wp\/v2\/media?parent=81141"}],"wp:term":[{"taxonomy":"category","embeddable":true,"href":"https:\/\/www.opinionpublica.tv\/portada\/wp-json\/wp\/v2\/categories?post=81141"},{"taxonomy":"post_tag","embeddable":true,"href":"https:\/\/www.opinionpublica.tv\/portada\/wp-json\/wp\/v2\/tags?post=81141"}],"curies":[{"name":"wp","href":"https:\/\/api.w.org\/{rel}","templated":true}]}}