{"id":81103,"date":"2026-03-15T00:01:00","date_gmt":"2026-03-15T06:01:00","guid":{"rendered":"https:\/\/www.opinionpublica.tv\/portada\/?p=81103"},"modified":"2026-03-14T18:10:40","modified_gmt":"2026-03-15T00:10:40","slug":"continua-dif-estatal-con-entregas-de-protesis-ortesis-y-aparatos-funcionales","status":"publish","type":"post","link":"https:\/\/www.opinionpublica.tv\/portada\/continua-dif-estatal-con-entregas-de-protesis-ortesis-y-aparatos-funcionales\/","title":{"rendered":"Contin\u00faa DIF Estatal con la entrega de pr\u00f3tesis, \u00f3rtesis y m\u00e1s aparatos funcionales"},"content":{"rendered":"\n<figure class=\"wp-block-image size-large\"><img fetchpriority=\"high\" decoding=\"async\" width=\"1024\" height=\"682\" src=\"https:\/\/www.opinionpublica.tv\/portada\/wp-content\/uploads\/2026\/03\/Continua-DIF-Estatal-con-la-entrega-de-protesis-ortesis-y-mas-aparatos-funcionales-1024x682.jpeg\" alt=\"Continu\u0301a dif estatal con la entrega de pro\u0301tesis, o\u0301rtesis y ma\u0301s aparatos funcionales\" class=\"wp-image-81105\" srcset=\"https:\/\/www.opinionpublica.tv\/portada\/wp-content\/uploads\/2026\/03\/Continua-DIF-Estatal-con-la-entrega-de-protesis-ortesis-y-mas-aparatos-funcionales-1024x682.jpeg 1024w, https:\/\/www.opinionpublica.tv\/portada\/wp-content\/uploads\/2026\/03\/Continua-DIF-Estatal-con-la-entrega-de-protesis-ortesis-y-mas-aparatos-funcionales-300x200.jpeg 300w, https:\/\/www.opinionpublica.tv\/portada\/wp-content\/uploads\/2026\/03\/Continua-DIF-Estatal-con-la-entrega-de-protesis-ortesis-y-mas-aparatos-funcionales-768x512.jpeg 768w, https:\/\/www.opinionpublica.tv\/portada\/wp-content\/uploads\/2026\/03\/Continua-DIF-Estatal-con-la-entrega-de-protesis-ortesis-y-mas-aparatos-funcionales-1536x1023.jpeg 1536w, https:\/\/www.opinionpublica.tv\/portada\/wp-content\/uploads\/2026\/03\/Continua-DIF-Estatal-con-la-entrega-de-protesis-ortesis-y-mas-aparatos-funcionales.jpeg 1600w\" sizes=\"(max-width: 1024px) 100vw, 1024px\" \/><\/figure>\n\n\n\n<p class=\"wp-block-paragraph\"><em>Chihuahua, Chih<\/em>.- El DIF Estatal mantiene su compromiso con la rehabilitaci\u00f3n y la inclusi\u00f3n, mediante la entrega permanente de pr\u00f3tesis, \u00f3rtesis y aparatos funcionales, en beneficio de decenas de personas.<\/p>\n\n\n\n<p class=\"wp-block-paragraph\">Mediante este programa se produce mensualmente un promedio de nueve pr\u00f3tesis y 20 \u00f3rtesis en los talleres especializados de la dependencia, ubicados en el Centro de Rehabilitaci\u00f3n y Educaci\u00f3n Especial (CREE) de Chihuahua capital y en el Centro de Rehabilitaci\u00f3n Integral (CRI) de ciudad Cuauht\u00e9moc.<\/p>\n\n\n\n<p class=\"wp-block-paragraph\">En lo que va del a\u00f1o se ha atendido a cerca de 100 personas con entregas gratuitas de pr\u00f3tesis, a trav\u00e9s de evaluaciones m\u00e9dicas, ajustes y terapias, as\u00ed como de \u00f3rtesis personalizadas hechas a medida de los usuarios, que en este caso, solo cubren una cuota simb\u00f3lica de recuperaci\u00f3n.<\/p>\n\n\n\n<p class=\"wp-block-paragraph\">Recientemente la presidenta de la instituci\u00f3n, Mar\u00eda Eugenia Galv\u00e1n Antill\u00f3n y el director de Rehabilitaci\u00f3n, Hiram Mendoza Rodr\u00edguez, suministraron dos pr\u00f3tesis y ocho \u00f3rtesis, as\u00ed como un andador y una silla de ruedas a personas con distintas discapacidades.<\/p>\n\n\n\n<p class=\"wp-block-paragraph\">\u00abLa inclusi\u00f3n no es un discurso: es una necesidad vital y un derecho que fortalece a toda nuestra comunidad\u00bb, enfatiz\u00f3 Galv\u00e1n Antill\u00f3n durante el evento.<\/p>\n\n\n\n<p class=\"wp-block-paragraph\">El DIF Estatal distribuye adem\u00e1s sillas de ruedas est\u00e1ndar, PCI y PCA, bastones de cuatro puntos, andadores, lentes y auxiliares auditivos.<\/p>\n\n\n\n<p class=\"wp-block-paragraph\">La convocatoria se encuentra abierta durante el presente mes para gestionar alguno de estos aparatos, para lo cual se debe acudir al CREE en la capital, al CRI de Cuauht\u00e9moc o al Centro de Rehabilitaci\u00f3n Integral F\u00edsica, en Ciudad Ju\u00e1rez.<\/p>\n\n\n\n<p class=\"wp-block-paragraph\">Para el resto del estado, las personas interesadas pueden acudir a su DIF Municipal.<\/p>\n\n\n\n<p class=\"wp-block-paragraph\">Gracias a la infraestructura del DIF Estatal, Chihuahua se posiciona como el \u00fanico estado del pa\u00eds con cobertura total en rehabilitaci\u00f3n, ya que cuenta con 77 Unidades B\u00e1sicas de Rehabilitaci\u00f3n distribuidas en todos sus municipios, donde ofrece dispositivos de alta calidad y acompa\u00f1amiento integral.<\/p>\n","protected":false},"excerpt":{"rendered":"<p>Chihuahua, Chih.- El DIF Estatal mantiene su compromiso con la rehabilitaci\u00f3n y la inclusi\u00f3n, mediante la entrega permanente de pr\u00f3tesis, \u00f3rtesis y aparatos funcionales, en beneficio de decenas de personas. Mediante este programa se produce mensualmente un promedio de nueve pr\u00f3tesis y 20 \u00f3rtesis en los talleres especializados de la dependencia, ubicados en el Centro [&hellip;]<\/p>\n","protected":false},"author":6,"featured_media":81105,"comment_status":"closed","ping_status":"closed","sticky":false,"template":"","format":"standard","meta":{"_acf_changed":false,"_monsterinsights_skip_tracking":false,"slim_seo":{"title":"Contin\u00faa DIF Estatal con la entrega de pr\u00f3tesis, \u00f3rtesis y m\u00e1s aparatos funcionales - Opini\u00f3n P\u00fablica","description":"Chihuahua, Chih .- El DIF Estatal mantiene su compromiso con la rehabilitaci\u00f3n y la inclusi\u00f3n, mediante la entrega permanente de pr\u00f3tesis, \u00f3rtesis y aparatos fu"},"footnotes":""},"categories":[11],"tags":[1473,88,1151,2723],"class_list":["post-81103","post","type-post","status-publish","format-standard","has-post-thumbnail","hentry","category-tendencias","tag-aparatos-funcionales-y-auditivos","tag-chihuahua","tag-dif-estatal","tag-protesis"],"acf":[],"_links":{"self":[{"href":"https:\/\/www.opinionpublica.tv\/portada\/wp-json\/wp\/v2\/posts\/81103","targetHints":{"allow":["GET"]}}],"collection":[{"href":"https:\/\/www.opinionpublica.tv\/portada\/wp-json\/wp\/v2\/posts"}],"about":[{"href":"https:\/\/www.opinionpublica.tv\/portada\/wp-json\/wp\/v2\/types\/post"}],"author":[{"embeddable":true,"href":"https:\/\/www.opinionpublica.tv\/portada\/wp-json\/wp\/v2\/users\/6"}],"replies":[{"embeddable":true,"href":"https:\/\/www.opinionpublica.tv\/portada\/wp-json\/wp\/v2\/comments?post=81103"}],"version-history":[{"count":2,"href":"https:\/\/www.opinionpublica.tv\/portada\/wp-json\/wp\/v2\/posts\/81103\/revisions"}],"predecessor-version":[{"id":81106,"href":"https:\/\/www.opinionpublica.tv\/portada\/wp-json\/wp\/v2\/posts\/81103\/revisions\/81106"}],"wp:featuredmedia":[{"embeddable":true,"href":"https:\/\/www.opinionpublica.tv\/portada\/wp-json\/wp\/v2\/media\/81105"}],"wp:attachment":[{"href":"https:\/\/www.opinionpublica.tv\/portada\/wp-json\/wp\/v2\/media?parent=81103"}],"wp:term":[{"taxonomy":"category","embeddable":true,"href":"https:\/\/www.opinionpublica.tv\/portada\/wp-json\/wp\/v2\/categories?post=81103"},{"taxonomy":"post_tag","embeddable":true,"href":"https:\/\/www.opinionpublica.tv\/portada\/wp-json\/wp\/v2\/tags?post=81103"}],"curies":[{"name":"wp","href":"https:\/\/api.w.org\/{rel}","templated":true}]}}