{"id":81075,"date":"2026-03-16T00:01:00","date_gmt":"2026-03-16T06:01:00","guid":{"rendered":"https:\/\/www.opinionpublica.tv\/portada\/?p=81075"},"modified":"2026-03-14T17:35:28","modified_gmt":"2026-03-14T23:35:28","slug":"efemerides-16-de-marzo-un-dia-como-hoy-en-la-historia","status":"publish","type":"post","link":"https:\/\/www.opinionpublica.tv\/portada\/efemerides-16-de-marzo-un-dia-como-hoy-en-la-historia\/","title":{"rendered":"Efem\u00e9rides 16 de marzo | Un d\u00eda como hoy en la historia&#8230;"},"content":{"rendered":"\n<p class=\"wp-block-paragraph\"><em>Un d\u00eda 16 de marzo como hoy, pero de 1995, la esclavitud queda abolida en todos los Estados Unidos, con casi 130 a\u00f1os de retraso, tras ser ratificada por el Senado estatal y la C\u00e1mara de Representantes del estado de Misisipi<\/em>.<\/p>\n\n\n\n<figure class=\"wp-block-image size-large\"><img fetchpriority=\"high\" decoding=\"async\" width=\"1024\" height=\"828\" src=\"https:\/\/www.opinionpublica.tv\/portada\/wp-content\/uploads\/2026\/03\/1995-la-esclavitud-queda-abolida-en-todos-los-Estados-Unidos-con-casi-130-anos-de-retraso-1024x828.jpg\" alt=\"1995, la esclavitud queda abolida en todos los estados unidos, con casi 130 an\u0303os de retraso\" class=\"wp-image-81076\" srcset=\"https:\/\/www.opinionpublica.tv\/portada\/wp-content\/uploads\/2026\/03\/1995-la-esclavitud-queda-abolida-en-todos-los-Estados-Unidos-con-casi-130-anos-de-retraso-1024x828.jpg 1024w, https:\/\/www.opinionpublica.tv\/portada\/wp-content\/uploads\/2026\/03\/1995-la-esclavitud-queda-abolida-en-todos-los-Estados-Unidos-con-casi-130-anos-de-retraso-300x243.jpg 300w, https:\/\/www.opinionpublica.tv\/portada\/wp-content\/uploads\/2026\/03\/1995-la-esclavitud-queda-abolida-en-todos-los-Estados-Unidos-con-casi-130-anos-de-retraso-768x621.jpg 768w, https:\/\/www.opinionpublica.tv\/portada\/wp-content\/uploads\/2026\/03\/1995-la-esclavitud-queda-abolida-en-todos-los-Estados-Unidos-con-casi-130-anos-de-retraso.jpg 1200w\" sizes=\"(max-width: 1024px) 100vw, 1024px\" \/><\/figure>\n\n\n\n<p class=\"wp-block-paragraph\"><strong>Otras efem\u00e9rides<\/strong><\/p>\n\n\n\n<p class=\"wp-block-paragraph\">1244.- M\u00e1s de 200 seguidores c\u00e1taros, que se hab\u00edan negado a renegar de su fe son inmolados en una pira levantada en la ciudad francesa de Montsegur.<\/p>\n\n\n\n<p class=\"wp-block-paragraph\">1521.- Fernando de Magallanes llega a un archipi\u00e9lago al que llama San L\u00e1zaro, la actual Filipinas.<\/p>\n\n\n\n<p class=\"wp-block-paragraph\">1541.- La capital de Guatemala vuelve al lugar que ocup\u00f3 la primera Ciudad de Guatemala fundada por Pedro de Alvarado, que fue destruida por un volc\u00e1n.<\/p>\n\n\n\n<p class=\"wp-block-paragraph\">1734.- Aparece la \u00abGaceta de M\u00e9xico\u00bb, primer peri\u00f3dico publicado en el pa\u00eds.<\/p>\n\n\n\n<p class=\"wp-block-paragraph\">1781.- Estalla en la ciudad colombiana de Socorro el llamado \u00ablevantamiento de los comuneros\u00bb, que se extendi\u00f3 por gran parte de Nueva Granada y cuyo h\u00e9roe fue Jos\u00e9 Antonio Gal\u00e1n.<\/p>\n\n\n\n<p class=\"wp-block-paragraph\">1781.- Sir William Herschel descubre el planeta Urano. Aunque en un principio anunci\u00f3 el avistamiento como un cometa, posteriormente se confirm\u00f3 que era un planeta, el s\u00e9ptimo del sistema solar.<\/p>\n\n\n\n<p class=\"wp-block-paragraph\">1802.- Fundaci\u00f3n de la Academia Militar de Westpoint, la m\u00e1s antigua de Estados Unidos de la que saldr\u00e1n oficiales como Robert E. Lee, Douglas Macarthur o Dwight D. Eisenhower.<\/p>\n\n\n\n<p class=\"wp-block-paragraph\">1812.- El general San Mart\u00edn crea el regimiento de granaderos a caballo que lleva su nombre y que ejerce la custodia de los presidentes de Argentina.<\/p>\n\n\n\n<p class=\"wp-block-paragraph\">1812.- Apertura de la Biblioteca Nacional de Buenos Aires.<\/p>\n\n\n\n<p class=\"wp-block-paragraph\">1816.- Llega al puerto franc\u00e9s de El Havre el \u00abElise\u00bb, primer barco a vapor que cruza el Canal de la Mancha.<\/p>\n\n\n\n<p class=\"wp-block-paragraph\">1968.- Guerra de Vietnam: M\u00e1s de 500 vietnamitas, la mayor\u00eda mujeres y ni\u00f1os, mueren a manos de tropas estadounidenses en la conocida como matanza de My Lai.<\/p>\n\n\n\n<p class=\"wp-block-paragraph\">1968.- Secuestro del arzobispo de Guatemala Mario Casariego por el derechista Movimiento Antiguerrillero Nuevo Orden.<\/p>\n\n\n\n<p class=\"wp-block-paragraph\">1978.- Aldo Moro, l\u00edder de la Democracia Cristiana italiana, es secuestrado por las Brigadas Rojas.<\/p>\n\n\n\n<p class=\"wp-block-paragraph\">1988.- Es abortado en Panam\u00e1 un intento de un grupo de militares de forzar la retirada del general Noriega.<\/p>\n\n\n\n<p class=\"wp-block-paragraph\">1998.- El Vaticano pide perd\u00f3n por la pasividad de la Iglesia cat\u00f3lica ante el holocausto jud\u00edo.<\/p>\n\n\n\n<p class=\"wp-block-paragraph\">2002.- El arzobispo de la ciudad colombiana de Cali, monse\u00f1or Isa\u00edas Duarte Cancino, muere asesinado por sicarios.<\/p>\n\n\n\n<p class=\"wp-block-paragraph\">2003.- El presidente estadounidense, George W. Bush; el presidente del Gobierno espa\u00f1ol, Jos\u00e9 Mar\u00eda Aznar, y el primer ministro brit\u00e1nico, Tony Blair, reunidos en las islas Azores (Portugal), dan un ultim\u00e1tum al gobierno de Irak.<\/p>\n\n\n\n<p class=\"wp-block-paragraph\">2014.- Crimea aprueba en refer\u00e9ndum su adhesi\u00f3n a Rusia.<\/p>\n\n\n\n<p class=\"wp-block-paragraph\">2016.- El presidente de Argentina, Mauricio Macri, logra el aval de la C\u00e1mara de Diputados para cerrar el litigio con los \u00abfondos buitre\u00bb que manten\u00eda a su pa\u00eds fuera de los mercados internacionales.<\/p>\n\n\n\n<p class=\"wp-block-paragraph\">2016.- Creada una vacuna experimental contra el dengue, eficaz en todas las cepas.<\/p>\n\n\n\n<p class=\"wp-block-paragraph\"><strong>Nacimientos<\/strong><\/p>\n\n\n\n<p class=\"wp-block-paragraph\">1568.- Juan Mart\u00ednez Monta\u00f1\u00e9s, escultor espa\u00f1ol.<\/p>\n\n\n\n<p class=\"wp-block-paragraph\">1868.- M\u00e1ximo Gorki, escritor ruso.<\/p>\n\n\n\n<p class=\"wp-block-paragraph\">1892.- C\u00e9sar Vallejo, poeta peruano.<\/p>\n\n\n\n<p class=\"wp-block-paragraph\">1906.- Francisco Ayala, escritor y acad\u00e9mico espa\u00f1ol.<\/p>\n\n\n\n<p class=\"wp-block-paragraph\">1926.- Jerry Lewis, actor estadounidense.<\/p>\n\n\n\n<p class=\"wp-block-paragraph\">1933.- Teresa Berganza, cantante l\u00edrica espa\u00f1ola.<\/p>\n\n\n\n<p class=\"wp-block-paragraph\">1941.- Bernardo Bertolucci, director italiano de cine.<\/p>\n\n\n\n<p class=\"wp-block-paragraph\">1953.- Richard Stallman, ingeniero e inform\u00e1tico estadounidense, fundador del movimiento de software libre.<\/p>\n\n\n\n<p class=\"wp-block-paragraph\">1953.- Isabelle Huppert, actriz francesa.<\/p>\n\n\n\n<p class=\"wp-block-paragraph\">1959.- Jens Stoltenberg, pol\u00edtico noruego, secretario general de la OTAN.<\/p>\n\n\n\n<p class=\"wp-block-paragraph\">1977.- M\u00f3nica Cruz, actriz espa\u00f1ola.<\/p>\n\n\n\n<p class=\"wp-block-paragraph\"><strong>Defunciones<\/strong><\/p>\n\n\n\n<p class=\"wp-block-paragraph\">1736.- Giovanni Battista Pergolesi, compositor italiano.<\/p>\n\n\n\n<p class=\"wp-block-paragraph\">1910.- Juan de Dios Peza, poeta mexicano.<\/p>\n\n\n\n<p class=\"wp-block-paragraph\">1925.- August Wasserman, m\u00e9dico alem\u00e1n.<\/p>\n\n\n\n<p class=\"wp-block-paragraph\">1935.- John James Rickard Macleod, m\u00e9dico irland\u00e9s, descubridor de la insulina, Premio Nobel de Medicina 1923.<\/p>\n\n\n\n<p class=\"wp-block-paragraph\">1939.- Selma Lagerlof, escritora sueca, premio Nobel 1909.<\/p>\n\n\n\n<p class=\"wp-block-paragraph\">1945.- Pierre Drieu La Rochelle, poeta franc\u00e9s.<\/p>\n\n\n\n<p class=\"wp-block-paragraph\">1979.- Jean Monnet, pol\u00edtico franc\u00e9s, considerado uno de los \u00abpadres de Europa\u00bb.<\/p>\n\n\n\n<p class=\"wp-block-paragraph\">1994.- Jacques Doucet, pintor franc\u00e9s.<\/p>\n\n\n\n<p class=\"wp-block-paragraph\">2011.- Josefina Aldecoa, escritora y pedagoga espa\u00f1ola.<\/p>\n\n\n\n<p class=\"wp-block-paragraph\">2018.- Eduardo Ramos, m\u00fasico cubano y uno de los fundadores del movimiento de la Nueva Trova.<\/p>\n","protected":false},"excerpt":{"rendered":"<p>Un d\u00eda 16 de marzo como hoy, pero de 1995, la esclavitud queda abolida en todos los Estados Unidos, con casi 130 a\u00f1os de retraso, tras ser ratificada por el Senado estatal y la C\u00e1mara de Representantes del estado de Misisipi. Otras efem\u00e9rides 1244.- M\u00e1s de 200 seguidores c\u00e1taros, que se hab\u00edan negado a renegar [&hellip;]<\/p>\n","protected":false},"author":6,"featured_media":81076,"comment_status":"closed","ping_status":"closed","sticky":false,"template":"","format":"standard","meta":{"_acf_changed":false,"_monsterinsights_skip_tracking":false,"slim_seo":{"title":"Efem\u00e9rides 16 de marzo | Un d\u00eda como hoy en la historia... - Opini\u00f3n P\u00fablica","description":"Un d\u00eda 16 de marzo como hoy, pero de 1995, la esclavitud queda abolida en todos los Estados Unidos, con casi 130 a\u00f1os de retraso, tras ser ratificada por el Sen"},"footnotes":""},"categories":[27],"tags":[2715,2716],"class_list":["post-81075","post","type-post","status-publish","format-standard","has-post-thumbnail","hentry","category-un-dia-como-hoy","tag-efemerides-16-de-marzo","tag-esclavitud-estados-unidos"],"acf":[],"_links":{"self":[{"href":"https:\/\/www.opinionpublica.tv\/portada\/wp-json\/wp\/v2\/posts\/81075","targetHints":{"allow":["GET"]}}],"collection":[{"href":"https:\/\/www.opinionpublica.tv\/portada\/wp-json\/wp\/v2\/posts"}],"about":[{"href":"https:\/\/www.opinionpublica.tv\/portada\/wp-json\/wp\/v2\/types\/post"}],"author":[{"embeddable":true,"href":"https:\/\/www.opinionpublica.tv\/portada\/wp-json\/wp\/v2\/users\/6"}],"replies":[{"embeddable":true,"href":"https:\/\/www.opinionpublica.tv\/portada\/wp-json\/wp\/v2\/comments?post=81075"}],"version-history":[{"count":1,"href":"https:\/\/www.opinionpublica.tv\/portada\/wp-json\/wp\/v2\/posts\/81075\/revisions"}],"predecessor-version":[{"id":81077,"href":"https:\/\/www.opinionpublica.tv\/portada\/wp-json\/wp\/v2\/posts\/81075\/revisions\/81077"}],"wp:featuredmedia":[{"embeddable":true,"href":"https:\/\/www.opinionpublica.tv\/portada\/wp-json\/wp\/v2\/media\/81076"}],"wp:attachment":[{"href":"https:\/\/www.opinionpublica.tv\/portada\/wp-json\/wp\/v2\/media?parent=81075"}],"wp:term":[{"taxonomy":"category","embeddable":true,"href":"https:\/\/www.opinionpublica.tv\/portada\/wp-json\/wp\/v2\/categories?post=81075"},{"taxonomy":"post_tag","embeddable":true,"href":"https:\/\/www.opinionpublica.tv\/portada\/wp-json\/wp\/v2\/tags?post=81075"}],"curies":[{"name":"wp","href":"https:\/\/api.w.org\/{rel}","templated":true}]}}