{"id":81040,"date":"2026-03-14T00:01:00","date_gmt":"2026-03-14T06:01:00","guid":{"rendered":"https:\/\/www.opinionpublica.tv\/portada\/?p=81040"},"modified":"2026-03-13T20:03:59","modified_gmt":"2026-03-14T02:03:59","slug":"preparan-empresarios-nueva-edicion-del-spring-break-en-la-juarez-para-el-28-de-marzo","status":"publish","type":"post","link":"https:\/\/www.opinionpublica.tv\/portada\/preparan-empresarios-nueva-edicion-del-spring-break-en-la-juarez-para-el-28-de-marzo\/","title":{"rendered":"Preparan empresarios nueva edici\u00f3n del \u00abSpring Break en la Ju\u00e1rez\u00bb el 28 de marzo"},"content":{"rendered":"\n<figure class=\"wp-block-image size-full\"><img fetchpriority=\"high\" decoding=\"async\" width=\"608\" height=\"342\" src=\"https:\/\/www.opinionpublica.tv\/portada\/wp-content\/uploads\/2026\/03\/Preparan-empresarios-nueva-edicion-del-22Spring-Break-en-la-Juarez22-el-28-de-marzo.jpeg\" alt=\"Preparan empresarios nueva edicio\u0301n del %22spring break en la jua\u0301rez%22 el 28 de marzo\" class=\"wp-image-81043\" srcset=\"https:\/\/www.opinionpublica.tv\/portada\/wp-content\/uploads\/2026\/03\/Preparan-empresarios-nueva-edicion-del-22Spring-Break-en-la-Juarez22-el-28-de-marzo.jpeg 608w, https:\/\/www.opinionpublica.tv\/portada\/wp-content\/uploads\/2026\/03\/Preparan-empresarios-nueva-edicion-del-22Spring-Break-en-la-Juarez22-el-28-de-marzo-300x169.jpeg 300w\" sizes=\"(max-width: 608px) 100vw, 608px\" \/><\/figure>\n\n\n\n<p class=\"wp-block-paragraph\"><em>Ciudad Ju\u00e1rez, Chih<\/em>.- Empresarios del corredor comercial de la avenida Ju\u00e1rez, en coordinaci\u00f3n con el Gobierno Municipal, se preparan para realizar una nueva edici\u00f3n del evento \u201cSpring Break en la Ju\u00e1rez\u201d, programado para el s\u00e1bado 28 de marzo, inform\u00f3 la directora general de Desarrollo Econ\u00f3mico, Tania Maldonado Gardu\u00f1o.<\/p>\n\n\n\n<p class=\"wp-block-paragraph\">La funcionaria se\u00f1al\u00f3 que tras el \u00e9xito obtenido durante la edici\u00f3n realizada el a\u00f1o pasado, los empresarios del sector se encuentran entusiasmados por repetir esta actividad que busca atraer a familias juarenses y visitantes al tradicional corredor del centro de la ciudad.<\/p>\n\n\n\n<p class=\"wp-block-paragraph\">Explic\u00f3 que en esta ocasi\u00f3n los encargados de la organizaci\u00f3n del evento ser\u00e1n los propios empresarios de la avenida Ju\u00e1rez, quienes nuevamente impulsan este concepto para fortalecer la actividad econ\u00f3mica y la convivencia en la zona.<\/p>\n\n\n\n<p class=\"wp-block-paragraph\">El evento contar\u00e1 con presentaciones de grupos musicales y DJs, adem\u00e1s de una gran oferta gastron\u00f3mica para disfrute de los asistentes. En el lugar participar\u00e1n food trucks y restaurantes locales, que ofrecer\u00e1n distintos platillos y opciones culinarias para quienes acudan al festejo.<\/p>\n\n\n\n<p class=\"wp-block-paragraph\">Para el desarrollo de las actividades se contempla el cierre de la avenida Ju\u00e1rez en el tramo comprendido entre las calles Mej\u00eda y Tlaxcala, lo que permitir\u00e1 habilitar el espacio para el escenario, las \u00e1reas gastron\u00f3micas y el flujo peatonal.<\/p>\n\n\n\n<p class=\"wp-block-paragraph\">Maldonado Gardu\u00f1o destac\u00f3 que se espera una importante asistencia de ciudadanos, por lo que invit\u00f3 a las familias a acudir y disfrutar de este evento que busca reactivar el centro hist\u00f3rico y promover el comercio local.<\/p>\n","protected":false},"excerpt":{"rendered":"<p>Ciudad Ju\u00e1rez, Chih.- Empresarios del corredor comercial de la avenida Ju\u00e1rez, en coordinaci\u00f3n con el Gobierno Municipal, se preparan para realizar una nueva edici\u00f3n del evento \u201cSpring Break en la Ju\u00e1rez\u201d, programado para el s\u00e1bado 28 de marzo, inform\u00f3 la directora general de Desarrollo Econ\u00f3mico, Tania Maldonado Gardu\u00f1o. La funcionaria se\u00f1al\u00f3 que tras el \u00e9xito [&hellip;]<\/p>\n","protected":false},"author":6,"featured_media":81043,"comment_status":"closed","ping_status":"closed","sticky":false,"template":"","format":"standard","meta":{"_acf_changed":false,"_monsterinsights_skip_tracking":false,"slim_seo":{"title":"Preparan empresarios nueva edici\u00f3n del \"Spring Break en la Ju\u00e1rez\" el 28 de marzo - Opini\u00f3n P\u00fablica","description":"Ciudad Ju\u00e1rez, Chih .- Empresarios del corredor comercial de la avenida Ju\u00e1rez, en coordinaci\u00f3n con el Gobierno Municipal, se preparan para realizar una nueva e"},"footnotes":""},"categories":[41],"tags":[608,2705],"class_list":["post-81040","post","type-post","status-publish","format-standard","has-post-thumbnail","hentry","category-juarez","tag-ciudad-juarez","tag-spring-break-en-la-juarez"],"acf":[],"_links":{"self":[{"href":"https:\/\/www.opinionpublica.tv\/portada\/wp-json\/wp\/v2\/posts\/81040","targetHints":{"allow":["GET"]}}],"collection":[{"href":"https:\/\/www.opinionpublica.tv\/portada\/wp-json\/wp\/v2\/posts"}],"about":[{"href":"https:\/\/www.opinionpublica.tv\/portada\/wp-json\/wp\/v2\/types\/post"}],"author":[{"embeddable":true,"href":"https:\/\/www.opinionpublica.tv\/portada\/wp-json\/wp\/v2\/users\/6"}],"replies":[{"embeddable":true,"href":"https:\/\/www.opinionpublica.tv\/portada\/wp-json\/wp\/v2\/comments?post=81040"}],"version-history":[{"count":2,"href":"https:\/\/www.opinionpublica.tv\/portada\/wp-json\/wp\/v2\/posts\/81040\/revisions"}],"predecessor-version":[{"id":81044,"href":"https:\/\/www.opinionpublica.tv\/portada\/wp-json\/wp\/v2\/posts\/81040\/revisions\/81044"}],"wp:featuredmedia":[{"embeddable":true,"href":"https:\/\/www.opinionpublica.tv\/portada\/wp-json\/wp\/v2\/media\/81043"}],"wp:attachment":[{"href":"https:\/\/www.opinionpublica.tv\/portada\/wp-json\/wp\/v2\/media?parent=81040"}],"wp:term":[{"taxonomy":"category","embeddable":true,"href":"https:\/\/www.opinionpublica.tv\/portada\/wp-json\/wp\/v2\/categories?post=81040"},{"taxonomy":"post_tag","embeddable":true,"href":"https:\/\/www.opinionpublica.tv\/portada\/wp-json\/wp\/v2\/tags?post=81040"}],"curies":[{"name":"wp","href":"https:\/\/api.w.org\/{rel}","templated":true}]}}