{"id":81035,"date":"2026-03-14T00:01:00","date_gmt":"2026-03-14T06:01:00","guid":{"rendered":"https:\/\/www.opinionpublica.tv\/portada\/?p=81035"},"modified":"2026-03-13T19:57:07","modified_gmt":"2026-03-14T01:57:07","slug":"invitan-a-visitar-tlaqueparte-2026-en-el-pronaf-este-fin-de-semana-en-ciudad-juarez","status":"publish","type":"post","link":"https:\/\/www.opinionpublica.tv\/portada\/invitan-a-visitar-tlaqueparte-2026-en-el-pronaf-este-fin-de-semana-en-ciudad-juarez\/","title":{"rendered":"Invitan a visitar TlaquepArte 2026 en el Pronaf este fin de semana en Ciudad Ju\u00e1rez"},"content":{"rendered":"\n<figure class=\"wp-block-image size-large\"><img fetchpriority=\"high\" decoding=\"async\" width=\"1024\" height=\"682\" src=\"https:\/\/www.opinionpublica.tv\/portada\/wp-content\/uploads\/2026\/03\/Invitan-a-visitar-TlaquepArte-2026-en-el-Pronaf-este-fin-de-semana-en-Ciudad-Juarez-1024x682.jpeg\" alt=\"Invitan a visitar tlaqueparte 2026 en el pronaf este fin de semana en ciudad jua\u0301rez\" class=\"wp-image-81038\" srcset=\"https:\/\/www.opinionpublica.tv\/portada\/wp-content\/uploads\/2026\/03\/Invitan-a-visitar-TlaquepArte-2026-en-el-Pronaf-este-fin-de-semana-en-Ciudad-Juarez-1024x682.jpeg 1024w, https:\/\/www.opinionpublica.tv\/portada\/wp-content\/uploads\/2026\/03\/Invitan-a-visitar-TlaquepArte-2026-en-el-Pronaf-este-fin-de-semana-en-Ciudad-Juarez-300x200.jpeg 300w, https:\/\/www.opinionpublica.tv\/portada\/wp-content\/uploads\/2026\/03\/Invitan-a-visitar-TlaquepArte-2026-en-el-Pronaf-este-fin-de-semana-en-Ciudad-Juarez-768x512.jpeg 768w, https:\/\/www.opinionpublica.tv\/portada\/wp-content\/uploads\/2026\/03\/Invitan-a-visitar-TlaquepArte-2026-en-el-Pronaf-este-fin-de-semana-en-Ciudad-Juarez-1536x1023.jpeg 1536w, https:\/\/www.opinionpublica.tv\/portada\/wp-content\/uploads\/2026\/03\/Invitan-a-visitar-TlaquepArte-2026-en-el-Pronaf-este-fin-de-semana-en-Ciudad-Juarez.jpeg 1600w\" sizes=\"(max-width: 1024px) 100vw, 1024px\" \/><\/figure>\n\n\n\n<p class=\"wp-block-paragraph\"><em>Ciudad Ju\u00e1rez, Chih<\/em>.- Ya est\u00e1 abierta la decimocuarta edici\u00f3n de Expo Internacional TlaquepArte 2026, que estar\u00e1 hasta el lunes 16 de marzo y en donde se ofrecen una variedad de productos por los expositores de 25 estados del pa\u00eds, as\u00ed como de otros lugares invitados.<\/p>\n\n\n\n<p class=\"wp-block-paragraph\">El secretario del Ayuntamiento, H\u00e9ctor Rafael Ortiz Orpinel, destac\u00f3 la importancia de este evento que ya forma parte de las tradiciones juarenses.<\/p>\n\n\n\n<p class=\"wp-block-paragraph\">Indic\u00f3 que el presidente municipal, Cruz P\u00e9rez Cu\u00e9llar ha apoyado desde el inicio de su primera administraci\u00f3n y hasta ahora, este tipo de eventos, porque se busca que el mundo conozca a Ciudad Ju\u00e1rez.<\/p>\n\n\n\n<p class=\"wp-block-paragraph\">\u201cCreo que compartir este tipo de visiones a trav\u00e9s de las artesan\u00edas, vamos contando una historia. Me siento muy orgulloso de estar aqu\u00ed e invitar a los ciudadanos para que puedan aprovechar este espacio y realizar sus compras, las cuales apoyar\u00e1n a las y los artesanos de nuestro pa\u00eds y otros lugares que nos acompa\u00f1an\u201d, subray\u00f3.<\/p>\n\n\n\n<p class=\"wp-block-paragraph\">El presidente de la Asociaci\u00f3n Latinoamericana para el Fomento del Folclore y las Artesan\u00edas, as\u00ed como creador y sostenedor de TlaquepArte, Juan Carlos Maytorena Mart\u00ednez-Negrete, agradeci\u00f3 a las y los expositores por el esfuerzo para estar presentes ofreciendo productos siempre de calidad.<\/p>\n\n\n\n<p class=\"wp-block-paragraph\">Dijo que las y los visitantes encontrar\u00e1n calidad y precios justos en la gran variedad de productos que van desde mole, salsas, frituras org\u00e1nicas, queso, helados, joyer\u00eda, ropa, accesorios y cosm\u00e9ticos, entre otras cosas.<\/p>\n\n\n\n<p class=\"wp-block-paragraph\">\u201cMuchas gracias a toda la frontera que siempre nos ha ayudado. Estamos muy contentos con el Ayuntamiento de Ju\u00e1rez y el alcalde P\u00e9rez Cu\u00e9llar; \u00e9sta es una excelente plaza para nosotros, gracias por todo\u201d, expres\u00f3.<\/p>\n\n\n\n<p class=\"wp-block-paragraph\">En el corte del list\u00f3n estuvo la directora general de Desarrollo Econ\u00f3mico del Municipio, Tania Maldonado Gardu\u00f1o; el presidente de la C\u00e1mara Nacional de Comercio y Servicios Tur\u00edsticos en Ciudad Ju\u00e1rez (CANACO), Iv\u00e1n P\u00e9rez Ru\u00edz y el presidente de la Asociaci\u00f3n Hoteles y Moteles de Ciudad Ju\u00e1rez, Rogelio Gonz\u00e1lez Alcocer.<\/p>\n","protected":false},"excerpt":{"rendered":"<p>Ciudad Ju\u00e1rez, Chih.- Ya est\u00e1 abierta la decimocuarta edici\u00f3n de Expo Internacional TlaquepArte 2026, que estar\u00e1 hasta el lunes 16 de marzo y en donde se ofrecen una variedad de productos por los expositores de 25 estados del pa\u00eds, as\u00ed como de otros lugares invitados. El secretario del Ayuntamiento, H\u00e9ctor Rafael Ortiz Orpinel, destac\u00f3 la [&hellip;]<\/p>\n","protected":false},"author":6,"featured_media":81038,"comment_status":"closed","ping_status":"closed","sticky":false,"template":"","format":"standard","meta":{"_acf_changed":false,"_monsterinsights_skip_tracking":false,"slim_seo":{"title":"Invitan a visitar TlaquepArte 2026 en el Pronaf este fin de semana en Ciudad Ju\u00e1rez - Opini\u00f3n P\u00fablica","description":"Ciudad Ju\u00e1rez, Chih .- Ya est\u00e1 abierta la decimocuarta edici\u00f3n de Expo Internacional TlaquepArte 2026, que estar\u00e1 hasta el lunes 16 de marzo y en donde se ofrec"},"footnotes":""},"categories":[41],"tags":[608,2704],"class_list":["post-81035","post","type-post","status-publish","format-standard","has-post-thumbnail","hentry","category-juarez","tag-ciudad-juarez","tag-tlaqueparte"],"acf":[],"_links":{"self":[{"href":"https:\/\/www.opinionpublica.tv\/portada\/wp-json\/wp\/v2\/posts\/81035","targetHints":{"allow":["GET"]}}],"collection":[{"href":"https:\/\/www.opinionpublica.tv\/portada\/wp-json\/wp\/v2\/posts"}],"about":[{"href":"https:\/\/www.opinionpublica.tv\/portada\/wp-json\/wp\/v2\/types\/post"}],"author":[{"embeddable":true,"href":"https:\/\/www.opinionpublica.tv\/portada\/wp-json\/wp\/v2\/users\/6"}],"replies":[{"embeddable":true,"href":"https:\/\/www.opinionpublica.tv\/portada\/wp-json\/wp\/v2\/comments?post=81035"}],"version-history":[{"count":2,"href":"https:\/\/www.opinionpublica.tv\/portada\/wp-json\/wp\/v2\/posts\/81035\/revisions"}],"predecessor-version":[{"id":81039,"href":"https:\/\/www.opinionpublica.tv\/portada\/wp-json\/wp\/v2\/posts\/81035\/revisions\/81039"}],"wp:featuredmedia":[{"embeddable":true,"href":"https:\/\/www.opinionpublica.tv\/portada\/wp-json\/wp\/v2\/media\/81038"}],"wp:attachment":[{"href":"https:\/\/www.opinionpublica.tv\/portada\/wp-json\/wp\/v2\/media?parent=81035"}],"wp:term":[{"taxonomy":"category","embeddable":true,"href":"https:\/\/www.opinionpublica.tv\/portada\/wp-json\/wp\/v2\/categories?post=81035"},{"taxonomy":"post_tag","embeddable":true,"href":"https:\/\/www.opinionpublica.tv\/portada\/wp-json\/wp\/v2\/tags?post=81035"}],"curies":[{"name":"wp","href":"https:\/\/api.w.org\/{rel}","templated":true}]}}